{"id":1169503,"date":"2026-09-05T20:02:11","date_gmt":"2026-09-05T20:02:11","guid":{"rendered":"https:\/\/www.europesays.com\/fr\/1169503\/"},"modified":"2026-09-05T20:02:11","modified_gmt":"2026-09-05T20:02:11","slug":"cest-quoi-cette-usine-de-10-000-m2-en-construction-a-rennes-qui-permet-de-communiquer-avec-lespace","status":"publish","type":"post","link":"https:\/\/www.europesays.com\/fr\/1169503\/","title":{"rendered":"C&rsquo;est quoi cette usine de 10 000 m2 en construction \u00e0 Rennes, qui permet de communiquer avec l&rsquo;espace\u00a0?"},"content":{"rendered":"<p>                    Par<br \/>\n        <strong><br \/>\n            <a href=\"https:\/\/actu.fr\/auteur\/romane-rousseau-actu-fr\" title=\"Consulter tous les articles de Romane Rousseau\" rel=\"nofollow noopener\" target=\"_blank\">Romane Rousseau<\/a><br \/>\n                    <\/strong><\/p>\n<p>        Publi\u00e9 le<\/p>\n<p>            5 sept. 2026 \u00e0 6h02        <\/p>\n<p>L\u2019histoire de Cailabs a vu le jour dans une ancienne cuisine de 170 m\u00b2. D\u00e9sormais, l\u2019entreprise va \u00e9voluer dans <strong>une usine de 10\u2009000 m\u00b2<\/strong> \u00e0 l\u2019ouest de Rennes.<\/p>\n<p class=\" wall-content\">N\u00e9e en 2013, cette soci\u00e9t\u00e9, qui est<strong> devenue une r\u00e9f\u00e9rence mondiale des t\u00e9l\u00e9communications par laser<\/strong>, a c\u00e9l\u00e9br\u00e9 la premi\u00e8re pose symbolique de son nouveau site rue de Roberdi\u00e8re, \u00e0 <a href=\"https:\/\/actu.fr\/rennes\/\" rel=\"nofollow noopener\" target=\"_blank\">Rennes<\/a>, jeudi 3\u00a0septembre 2026. Symbolique seulement, puisque les travaux ont en r\u00e9alit\u00e9 d\u00e9but\u00e9 en d\u00e9cembre\u00a02025.<\/p>\n<p>Une technologie pour la d\u00e9fense nationale<\/p>\n<p class=\" wall-content\"><a href=\"https:\/\/www.cailabs.com\/\" rel=\"nofollow noopener\" target=\"_blank\">Cailabs<\/a> est sp\u00e9cialis\u00e9 dans les <strong>\u00e9changes de donn\u00e9es entre la Terre et les satellites<\/strong>, notamment via la <strong>commercialisation de stations sol-optique<\/strong>, qui re\u00e7oivent la lumi\u00e8re \u00e9mise par les engins spatiaux. \u00ab\u2009Notre valeur ajout\u00e9e, c\u2019est d\u2019\u00eatre capable de <strong>g\u00e9rer la turbulence de l\u2019atmosph\u00e8re<\/strong>\u2009\u00bb, explique Sabine Mengin, directrice des op\u00e9rations \u00e0 Cailabs.<\/p>\n<p>    <img   decoding=\"async\" loading=\"lazy\" src=\"https:\/\/www.europesays.com\/fr\/wp-content\/uploads\/2026\/09\/capture-decran-2026-09-03-163313-960x592.png\" alt=\"La station sol-optique, qui permet de transf\u00e9rer des donn\u00e9es via les satellites.\" width=\"960\" height=\"592\"\/><br \/>\n    L\u2019exemple d\u2019une station sol-optique, qui permet de transf\u00e9rer des donn\u00e9es via les satellites. (\u00a9Cailabs)<\/p>\n<p class=\" wall-content\">\u00ab\u2009Aujourd\u2019hui, on communique en <strong>radiofr\u00e9quence avec les satellites<\/strong>\u2009\u00bb, pr\u00e9cise-t-elle. Une technique par exemple utilis\u00e9e pour la t\u00e9l\u00e9phonie mobile, le Wi-Fi, la radio\u2026<\/p>\n<p class=\" wall-content\">Probl\u00e8me\u2009: les fr\u00e9quences sont fortement demand\u00e9es \u00ab\u2009et les<strong> d\u00e9bits sont beaucoup moins bons en radiofr\u00e9quence qu\u2019en optique<\/strong>\u2009\u00bb.<\/p>\n<p class=\" wall-content\">Autre point en faveur de la technologie d\u2019optique\u2009: \u00ab\u2009On est tr\u00e8s directifs avec nos faisceaux lumineux, ce qui fait que l\u2019on est plus furtif. Quand on veut<strong> faire de la communication discr\u00e8te<\/strong>, la radiofr\u00e9quence est moins adapt\u00e9e.\u2009\u00bb<\/p>\n<blockquote class=\"ac-article-quote wall-content\">\n<p>\u00ab\u00a0En radiofr\u00e9quence, le signal touche une t\u00e2che \u00e9norme au sol, le faisceau risque d&rsquo;\u00eatre intercept\u00e9. En optique, c&rsquo;est quelques dizaines de m\u00e8tres.\u00a0\u00bb<\/p>\n<p>    <strong>Sabine Mengin<\/strong><br \/>\n        Directrice des op\u00e9rations \u00e0 Cailabs    <\/p><\/blockquote>\n<p class=\" wall-content\">Cette technologie est donc beaucoup utilis\u00e9e <strong>en d\u00e9fense nationale,<\/strong> surtout dans un contexte de forts conflits g\u00e9opolitiques.<\/p>\n<p class=\" wall-content\">La directrice des op\u00e9rations prend un exemple concret. \u00ab\u2009Si on arrive en temps de guerre, avoir une vid\u00e9o du d\u00e9troit d\u2019Ormuz (passage privil\u00e9gi\u00e9 pour les hydrocarbures) qui ne descend que 24\u00a0heures apr\u00e8s parce que l\u2019on met beaucoup de temps \u00e0 descendre les donn\u00e9es, \u00e7a ne sert plus \u00e0 rien. Avec les stations sol-optique,<strong> on peut l\u2019avoir en quelques minutes.<\/strong>\u2009\u00bb<\/p>\n<p>    <img   decoding=\"async\" loading=\"lazy\" src=\"https:\/\/www.europesays.com\/fr\/wp-content\/uploads\/2026\/09\/1330-960x640.jpeg\" alt=\"dddd\" width=\"960\" height=\"640\"\/><br \/>\n    Sabine Mengin, la directrice des op\u00e9rations, sur le chantier de la nouvelle usine de Cailabs. (\u00a9Romane Rousseau\/actu Rennes)Envoyer 50 stations \u00e0 terme, contre une dizaine actuellement<\/p>\n<p class=\" wall-content\">Avec cette nouvelle usine, baptis\u00e9e Factory 27 et situ\u00e9e sur une <strong>ancienne friche industrielle aux abords de la route de Lorient<\/strong>, <a href=\"https:\/\/actu.fr\/societe\/oscars-dille-vilaine-decouvrez-entreprises-laureates_21208212.html\" rel=\"nofollow noopener\" target=\"_blank\">Cailabs<\/a> compte sortir <strong>50 stations sol-optique par an<\/strong>, contre 10 \u00e0 12 \u00e0 l\u2019heure actuelle.<\/p>\n<p class=\" wall-content\">Implant\u00e9e \u00e0 Rennes, <a href=\"https:\/\/actu.fr\/paris\/\" rel=\"nofollow noopener\" target=\"_blank\">Paris<\/a> et d\u00e9sormais Washington, cette entreprise, acteur majeur de la souverainet\u00e9 europ\u00e9enne, aura donc pour but de construire ces stations sol-optique. \u00ab\u2009Il faut l\u2019imaginer comme un conteneur avec pas mal d\u2019\u00e9quipements \u00e9lectroniques, optiques, des compresseurs \u00e0 l\u2019int\u00e9rieur\u2026,<strong> avec un gros t\u00e9lescope<\/strong>\u2009\u00bb, indique Sabine Mengin.<\/p>\n<blockquote class=\"ac-article-quote wall-content\">\n<p>\u00ab\u2009Toute une partie du b\u00e2timent sera consacr\u00e9e au travail de haute pr\u00e9cision, en optique ou en \u00e9lectronique, de pi\u00e8ces composant la station. C\u2019est un degr\u00e9 de finesse digne d\u2019un horloger. \u00c7a va permettre d\u2019aligner les composants optiques, rendant possible, \u00e0 la fin, la cha\u00eene compl\u00e8te Terre-satellite.\u2009\u00bb<\/p>\n<p>    <strong>Sabine Mengin<\/strong><br \/>\n        Directrice des op\u00e9rations \u00e0 Cailabs    <\/p><\/blockquote>\n<p>\u00ab\u2009Personne d\u2019autre au monde n\u2019est capable de le faire\u2009\u00bb<\/p>\n<p class=\" wall-content\">Factory 27, dont la livraison \u00ab\u2009est pr\u00e9vue en mars\u00a02027\u2009\u00bb, cr\u00e9\u00e9e conjointement avec l\u2019op\u00e9rateur immobilier <a href=\"https:\/\/www.groupeidec.com\/\" rel=\"nofollow noopener\" target=\"_blank\">Idec<\/a>, fait rayonner la capitale bretonne \u00e0 l\u2019international. \u00ab\u2009On devrait avoir, dans le futur, d\u2019autres implantations, explique Jean-Fran\u00e7ois Morizur, cofondateur et directeur g\u00e9n\u00e9ral de Cailabs. On est dans <strong>un business international<\/strong> qui a la chance d\u2019avoir ses racines \u00e0 Rennes.\u2009\u00bb<\/p>\n<blockquote class=\"ac-article-quote wall-content\">\n<p>\u00ab\u00a0Le b\u00e2timent n&rsquo;est que la vision ext\u00e9rieure de la maturit\u00e9 du projet. Moi, ce qui me rend fier, c&rsquo;est autant ce super site que le fait que dans notre local, on envoie une dizaine de stations par an. Elles se connectent avec des satellites, des radars, choses que personne d&rsquo;autre au monde n&rsquo;est capable de faire.\u00a0\u00bb\u00a0<\/p>\n<p>    <strong>Jean-Fran\u00e7ois Morizur<\/strong><br \/>\n        Cofondateur et directeur g\u00e9n\u00e9ral de Cailabs    <\/p><\/blockquote>\n<p class=\" wall-content\">Nathalie App\u00e9r\u00e9, maire de Rennes et pr\u00e9sidente de Rennes M\u00e9tropole, parle \u00ab\u2009d\u2019une fiert\u00e9\u2009\u00bb face \u00e0 ce projet. \u00ab\u2009D\u2019abord de voir cette belle p\u00e9pite rennaise qu\u2019est Cailabs \u00e9voluer \u00e0 chacune de ses \u00e9tapes depuis 13\u00a0ans, passer \u00e0 l\u2019\u00e9chelle industrielle et \u00eatre un acteur majeur de la communication laser ainsi que de la<strong> souverainet\u00e9 europ\u00e9enne depuis Rennes<\/strong>.\u2009\u00bb<\/p>\n<p>    <img   decoding=\"async\" loading=\"lazy\" src=\"https:\/\/www.europesays.com\/fr\/wp-content\/uploads\/2026\/09\/capture-decran-2026-09-03-163531-960x625.png\" alt=\"Voil\u00e0 \u00e0 quoi devrait ressembler l'usine une fois termin\u00e9e.\" width=\"960\" height=\"625\"\/><br \/>\n    Voil\u00e0 \u00e0 quoi devrait ressembler l\u2019usine une fois le chantier termin\u00e9. (\u00a9Cailabs)<\/p>\n<p class=\" wall-content\">L\u2019\u00e9dile veut faire de Factory 27 un exemple pour les DeepTech, des start-ups bas\u00e9es sur la technologie de pointe. \u00ab\u2009On peut passer \u00e0 l\u2019\u00e9chelon sup\u00e9rieur,<strong> on peut produire en France, en Bretagne et surtout \u00e0 Rennes.<\/strong> Cailabs est une<strong> vitrine de l\u2019\u00e9cosyst\u00e8me rennais<\/strong>, celui des laboratoires, de la recherche, de l\u2019innovation et de la formation\u2009\u00bb, conclut la maire.<\/p>\n<p class=\" wall-content\">Pr\u00e8s d\u2019<strong>une centaine d\u2019emplois devraient \u00eatre cr\u00e9\u00e9s<\/strong> dans les ann\u00e9es \u00e0 venir, rejoignant les 200 collaborateurs actuels.<\/p>\n<p class=\" wall-content\">Personnalisez votre actualit\u00e9 en ajoutant vos villes et m\u00e9dias en favori avec <a href=\"https:\/\/moncompte.actu.fr\" title=\"D\u00e9couvez Mon Actu\" rel=\"nofollow noopener\" data-trk=\"{&quot;cta&quot;:{&quot;action&quot;:&quot;https:\\\/\\\/moncompte.actu.fr&quot;,&quot;category&quot;:&quot;mon compte&quot;,&quot;from&quot;:&quot;article footer&quot;,&quot;name&quot;:&quot;Mon actu&quot;,&quot;type&quot;:&quot;cta&quot;}}\" target=\"_blank\">Mon Actu<\/a>.<\/p>\n","protected":false},"excerpt":{"rendered":"Par Romane Rousseau Publi\u00e9 le 5 sept. 2026 \u00e0 6h02 L\u2019histoire de Cailabs a vu le jour dans&hellip;\n","protected":false},"author":2,"featured_media":1169504,"comment_status":"","ping_status":"","sticky":false,"template":"","format":"standard","meta":{"footnotes":"","_share_on_mastodon":"0"},"categories":[2821],"tags":[1111,11,829,386,1777,674,1011,27,693,12,584,25,2631],"class_list":["post-1169503","post","type-post","status-publish","format-standard","has-post-thumbnail","category-rennes","tag-actu","tag-actualites","tag-bretagne","tag-espace","tag-eu","tag-europe","tag-fr","tag-france","tag-industrie","tag-news","tag-rennes","tag-republique-francaise","tag-sciences-technologie"],"share_on_mastodon":{"url":"https:\/\/pubeurope.com\/@fr\/117220224663273279","error":""},"_links":{"self":[{"href":"https:\/\/www.europesays.com\/fr\/wp-json\/wp\/v2\/posts\/1169503","targetHints":{"allow":["GET"]}}],"collection":[{"href":"https:\/\/www.europesays.com\/fr\/wp-json\/wp\/v2\/posts"}],"about":[{"href":"https:\/\/www.europesays.com\/fr\/wp-json\/wp\/v2\/types\/post"}],"author":[{"embeddable":true,"href":"https:\/\/www.europesays.com\/fr\/wp-json\/wp\/v2\/users\/2"}],"replies":[{"embeddable":true,"href":"https:\/\/www.europesays.com\/fr\/wp-json\/wp\/v2\/comments?post=1169503"}],"version-history":[{"count":0,"href":"https:\/\/www.europesays.com\/fr\/wp-json\/wp\/v2\/posts\/1169503\/revisions"}],"wp:featuredmedia":[{"embeddable":true,"href":"https:\/\/www.europesays.com\/fr\/wp-json\/wp\/v2\/media\/1169504"}],"wp:attachment":[{"href":"https:\/\/www.europesays.com\/fr\/wp-json\/wp\/v2\/media?parent=1169503"}],"wp:term":[{"taxonomy":"category","embeddable":true,"href":"https:\/\/www.europesays.com\/fr\/wp-json\/wp\/v2\/categories?post=1169503"},{"taxonomy":"post_tag","embeddable":true,"href":"https:\/\/www.europesays.com\/fr\/wp-json\/wp\/v2\/tags?post=1169503"}],"curies":[{"name":"wp","href":"https:\/\/api.w.org\/{rel}","templated":true}]}}