{"id":116951,"date":"2025-05-21T13:24:09","date_gmt":"2025-05-21T13:24:09","guid":{"rendered":"https:\/\/www.europesays.com\/fr\/116951\/"},"modified":"2025-05-21T13:24:09","modified_gmt":"2025-05-21T13:24:09","slug":"inculpe-au-royaume-uni-chris-brown-libere-en-echange-dune-caution-de-pres-de-6-millions-deuros","status":"publish","type":"post","link":"https:\/\/www.europesays.com\/fr\/116951\/","title":{"rendered":"Inculp\u00e9 au Royaume-Uni, Chris Brown lib\u00e9r\u00e9 en \u00e9change d&rsquo;une caution de pr\u00e8s de 6 millions d&rsquo;euros"},"content":{"rendered":"<p>Arr\u00eat\u00e9 le 15 mai dernier \u00e0 Manchester, le chanteur de R&amp;B am\u00e9ricain est poursuivi pour coups et blessures volontaires.Ce mercredi, il a \u00e9t\u00e9 lib\u00e9r\u00e9 par un juge londonien en \u00e9change d&rsquo;une caution de 5 millions de livres (environ 5,9 millions d&rsquo;euros).L&rsquo;ex-petit ami de Rihanna pourra assurer les concerts dans le cadre de sa tourn\u00e9e internationale qui d\u00e9marre le 8 juin.<\/p>\n<p data-module=\"article-paragraph\" class=\"jsx-362436225 Paragraph\">Poursuivi au Royaume-Uni <a href=\"https:\/\/www.tf1info.fr\/international\/le-chanteur-americain-chris-brown-arrete-au-royaume-uni-agression-2023-2371121.html\" target=\"_blank\" rel=\"noopener\">pour coups et blessures volontaires dans une bo\u00eete de nuit<\/a>, Chris Brown a \u00e9t\u00e9 lib\u00e9r\u00e9 en \u00e9change d&rsquo;une caution de 5 millions de livres (environ 5,9 millions d&rsquo;euros) ce mercredi 21 mai par un juge londonien. Le chanteur am\u00e9ricain de 36 ans et <a href=\"https:\/\/www.tf1info.fr\/culture\/video-rihanna-enceinte-devoile-sa-3e-grossesse-avec-asap-rocky-au-met-gala-2025-2369089.html\" target=\"_blank\" rel=\"noopener\">ancien petit ami de Rihanna<\/a>, pourra donner les concerts pr\u00e9vus dans le cadre de sa tourn\u00e9e internationale qui doit d\u00e9buter le 8 juin \u00e0 Amsterdam et comprend plusieurs dates au Royaume-Uni, a indiqu\u00e9 le juge de la Cour criminelle de Southwark.<\/p>\n<p data-module=\"article-paragraph\" class=\"jsx-362436225 Paragraph\"><a href=\"https:\/\/www.tf1info.fr\/culture\/ouverture-d-une-information-judiciaire-pour-viol-contre-le-chanteur-chris-brown-2147883.html\" target=\"_blank\" rel=\"noopener\">D\u00e9j\u00e0 accus\u00e9 de violences par le pass\u00e9,<\/a> il avait \u00e9t\u00e9 arr\u00eat\u00e9 jeudi dernier dans un h\u00f4tel de Manchester, au nord de l&rsquo;Angleterre, puis inculp\u00e9, soup\u00e7onn\u00e9 d&rsquo;une agression dans un club d&rsquo;un quartier hupp\u00e9 de Londres le 19 f\u00e9vrier 2023. Il est accus\u00e9 d&rsquo;avoir frapp\u00e9 \u00e0 plusieurs reprises avec une bouteille le producteur de musique Abraham \u00ab\u00a0Abe\u00a0\u00bb Diaw au bar de la bo\u00eete de nuit Tape.<\/p>\n<p data-module=\"article-paragraph\" class=\"jsx-362436225 Paragraph Paragraph__End\">Chris Brown, qui n&rsquo;\u00e9tait pas pr\u00e9sent \u00e0 l&rsquo;audience ce mercredi, devra communiquer son adresse au tribunal et il n&rsquo;est pas autoris\u00e9 \u00e0 se rendre dans la bo\u00eete de nuit en question, a pr\u00e9cis\u00e9 le juge.<\/p>\n<p>Une comparution pr\u00e9vue le 20 juin<\/p>\n<p data-module=\"article-paragraph\" class=\"jsx-362436225 Paragraph Paragraph__End\">Sa prochaine comparution est pr\u00e9vue le 20 juin, au c\u00f4t\u00e9 d&rsquo;un autre homme de nationalit\u00e9 am\u00e9ricaine, Omololu Akinlolu, 38 ans, inculp\u00e9 samedi dernier pour coups et blessures graves. Chris Brown \u00e9tait \u00e0 l&rsquo;\u00e9poque en tourn\u00e9e au Royaume-Uni. Devenu une star du R&amp;B \u00e0 19 ans seulement, il a vendu des dizaines de millions de disques. Il doit donc d\u00e9marrer une nouvelle tourn\u00e9e mondiale qui d\u00e9butera aux Pays-Bas, avant de passer par l&rsquo;Allemagne, le Royaume-Uni, la France, le Portugal et les \u00c9tats-Unis.<\/p>\n<ul class=\"jsx-3657663356 ReadMoreArticle__List flex flex-column\">\n<li class=\"jsx-3657663356\"><a href=\"https:\/\/www.tf1info.fr\/culture\/festival-cannes-2025-enceinte-rihanna-enlace-le-rappeur-asap-rocky-a-la-sortie-de-la-projection-du-film-de-spike-lee-2371834.html\" rel=\"noopener\" class=\"jsx-4233824444 Link flex\" target=\"_blank\"><img decoding=\"async\" src=\"https:\/\/www.europesays.com\/fr\/wp-content\/uploads\/2025\/05\/rihanna-et-asap-rocky-691f42-0@1x.jpeg\" alt=\"Lire aussi\" loading=\"lazy\" importance=\"low\" fetchpriority=\"low\" class=\"\"\/>\n<p class=\"jsx-3657663356 ReadMoreArticle__Title\">Lire aussi<\/p>\n<p class=\"jsx-3657663356\">EN IMAGES &#8211; Enceinte, Rihanna enlace le rappeur A$AP Rocky \u00e0 la sortie de la projection du film de Spike Lee<\/p>\n<p><\/a><\/li>\n<\/ul>\n<p data-module=\"article-paragraph\" class=\"jsx-362436225 Paragraph Paragraph__End\">Le chanteur a r\u00e9guli\u00e8rement d\u00e9fray\u00e9 la chronique judiciaire aux \u00c9tats-Unis. En 2009, il a notamment \u00e9t\u00e9 condamn\u00e9 pour avoir frapp\u00e9 sa petite amie de l&rsquo;\u00e9poque, la chanteuse et superstar mondiale Rihanna, qui avait d\u00fb annuler sa participation \u00e0 la c\u00e9r\u00e9monie des Grammy Awards en raison de ses blessures.\u00a0<\/p>\n<p>Rania HOBALLAH avec AFP<\/p>\n","protected":false},"excerpt":{"rendered":"Arr\u00eat\u00e9 le 15 mai dernier \u00e0 Manchester, le chanteur de R&amp;B am\u00e9ricain est poursuivi pour coups et blessures&hellip;\n","protected":false},"author":2,"featured_media":116952,"comment_status":"","ping_status":"","sticky":false,"template":"","format":"standard","meta":{"footnotes":""},"categories":[1588],"tags":[1111,11,1921,21843,1777,674,1922,303,2041,12,973,5418,473,1853,1851,1850,1852,133,2040],"class_list":{"0":"post-116951","1":"post","2":"type-post","3":"status-publish","4":"format-standard","5":"has-post-thumbnail","7":"category-royaume-uni","8":"tag-actu","9":"tag-actualites","10":"tag-article-video","11":"tag-chris-brown","12":"tag-eu","13":"tag-europe","14":"tag-info","15":"tag-justice","16":"tag-medias-et-divertissement","17":"tag-news","18":"tag-people","19":"tag-rihanna","20":"tag-royaume-uni","21":"tag-royaume-uni-de-grande-bretagne-et-dirlande-du-nord","22":"tag-uk","23":"tag-united-kingdom","24":"tag-united-kingdom-of-great-britain-and-northern-ireland","25":"tag-video","26":"tag-video-culture"},"share_on_mastodon":{"url":"https:\/\/pubeurope.com\/@fr\/114546046648360492","error":""},"_links":{"self":[{"href":"https:\/\/www.europesays.com\/fr\/wp-json\/wp\/v2\/posts\/116951","targetHints":{"allow":["GET"]}}],"collection":[{"href":"https:\/\/www.europesays.com\/fr\/wp-json\/wp\/v2\/posts"}],"about":[{"href":"https:\/\/www.europesays.com\/fr\/wp-json\/wp\/v2\/types\/post"}],"author":[{"embeddable":true,"href":"https:\/\/www.europesays.com\/fr\/wp-json\/wp\/v2\/users\/2"}],"replies":[{"embeddable":true,"href":"https:\/\/www.europesays.com\/fr\/wp-json\/wp\/v2\/comments?post=116951"}],"version-history":[{"count":0,"href":"https:\/\/www.europesays.com\/fr\/wp-json\/wp\/v2\/posts\/116951\/revisions"}],"wp:featuredmedia":[{"embeddable":true,"href":"https:\/\/www.europesays.com\/fr\/wp-json\/wp\/v2\/media\/116952"}],"wp:attachment":[{"href":"https:\/\/www.europesays.com\/fr\/wp-json\/wp\/v2\/media?parent=116951"}],"wp:term":[{"taxonomy":"category","embeddable":true,"href":"https:\/\/www.europesays.com\/fr\/wp-json\/wp\/v2\/categories?post=116951"},{"taxonomy":"post_tag","embeddable":true,"href":"https:\/\/www.europesays.com\/fr\/wp-json\/wp\/v2\/tags?post=116951"}],"curies":[{"name":"wp","href":"https:\/\/api.w.org\/{rel}","templated":true}]}}