{"id":1169536,"date":"2026-09-05T20:27:22","date_gmt":"2026-09-05T20:27:22","guid":{"rendered":"https:\/\/www.europesays.com\/fr\/1169536\/"},"modified":"2026-09-05T20:27:22","modified_gmt":"2026-09-05T20:27:22","slug":"ligue-1-luis-enrique-prolonge-au-psg-jusquen-2030","status":"publish","type":"post","link":"https:\/\/www.europesays.com\/fr\/1169536\/","title":{"rendered":"Ligue 1 : Luis Enrique prolonge au PSG jusqu&rsquo;en 2030"},"content":{"rendered":"<p data-testid=\"wcl-news-perex\" itemprop=\"description\">L&rsquo;entra\u00eeneur du PSG Luis Enrique a prolong\u00e9 jusqu&rsquo;en 2030, tout comme les joueurs Fabian Ruiz en 2028, Willian Pacho et Joao Neves en 2031, a annonc\u00e9 ce vendredi le club juste avant le coup d&rsquo;envoi du match contre Monaco.<\/p>\n<p>Apr\u00e8s la pr\u00e9sentation des nouvelles recrues au Parc des Princes (<a href=\"https:\/\/www.flashscore.fr\/joueur\/akliouche-maghnes\/0UP6MLGJ\/\" data-analytics-element=\"ARTICLE_TEXT_LINK\" data-analytics-alias=\"internal\" rel=\"nofollow noopener\" target=\"_blank\">Akliouche<\/a>, <a href=\"https:\/\/www.flashscore.fr\/joueur\/torres-ferran\/AVAVLaLt\/\" data-analytics-element=\"ARTICLE_TEXT_LINK\" data-analytics-alias=\"internal\" rel=\"nofollow noopener\" target=\"_blank\">Torres<\/a>, <a href=\"https:\/\/www.flashscore.fr\/joueur\/digne-lucas\/v9Ux4sua\/\" data-analytics-element=\"ARTICLE_TEXT_LINK\" data-analytics-alias=\"internal\" rel=\"nofollow noopener\" target=\"_blank\">Digne<\/a>, <a href=\"https:\/\/www.flashscore.fr\/joueur\/godts-mika\/CIrbY1Ml\/\" data-analytics-element=\"ARTICLE_TEXT_LINK\" data-analytics-alias=\"internal\" rel=\"nofollow noopener\" target=\"_blank\">Godts<\/a> et <a href=\"https:\/\/www.flashscore.fr\/joueur\/longoni-alessandro\/x2m5siE2\/\" data-analytics-element=\"ARTICLE_TEXT_LINK\" data-analytics-alias=\"internal\" rel=\"nofollow noopener\" target=\"_blank\">Longoni<\/a>), le <a href=\"https:\/\/www.flashscore.fr\/equipe\/psg\/CjhkPw0k\/\" data-analytics-element=\"ARTICLE_TEXT_LINK\" data-analytics-alias=\"internal\" rel=\"nofollow noopener\" target=\"_blank\">PSG<\/a> a annonc\u00e9 les prolongations de plusieurs de ces joueurs cadres et du coach Luis Enrique: le milieu de terrain <a href=\"https:\/\/www.flashscore.fr\/joueur\/ruiz-fabian\/l6HSH2Uo\/\" data-analytics-element=\"ARTICLE_TEXT_LINK\" data-analytics-alias=\"internal\" rel=\"nofollow noopener\" target=\"_blank\">Fabian Ruiz<\/a> jusqu&rsquo;en 2028, le d\u00e9fenseur <a href=\"https:\/\/www.flashscore.fr\/joueur\/pacho-william\/KA5AQsy0\/\" data-analytics-element=\"ARTICLE_TEXT_LINK\" data-analytics-alias=\"internal\" rel=\"nofollow noopener\" target=\"_blank\">Willian Pacho<\/a>, le milieu <a href=\"https:\/\/www.flashscore.fr\/joueur\/neves-joao\/hCbYVsXQ\/\" data-analytics-element=\"ARTICLE_TEXT_LINK\" data-analytics-alias=\"internal\" rel=\"nofollow noopener\" target=\"_blank\">Joao Neves<\/a>, le d\u00e9fenseur <a href=\"https:\/\/www.flashscore.fr\/joueur\/lucas-beraldo\/Y1UU1rz7\/\" data-analytics-element=\"ARTICLE_TEXT_LINK\" data-analytics-alias=\"internal\" rel=\"nofollow noopener\" target=\"_blank\">Lucas Beraldo<\/a> et l&rsquo;attaquant <a href=\"https:\/\/www.flashscore.fr\/joueur\/mayulu-senny\/za4zLeYc\/\" data-analytics-element=\"ARTICLE_TEXT_LINK\" data-analytics-alias=\"internal\" rel=\"nofollow noopener\" target=\"_blank\">Senny Mayulu<\/a> (tous jusqu&rsquo;en 2031).<\/p>\n<p>Luis Enrique, arriv\u00e9 \u00e0 l&rsquo;\u00e9t\u00e9 2023 et qui avait d\u00e9j\u00e0 prolong\u00e9 son contrat une premi\u00e8re fois jusqu&rsquo;en 2027, poursuit donc l&rsquo;aventure sur une longue dur\u00e9e avec le PSG, avec qu&rsquo;il a d\u00e9j\u00e0 remport\u00e9 plusieurs titres, dont deux Ligues des champions.<\/p>\n<p>\u00ab\u00a0Le pr\u00e9sent et l&rsquo;avenir\u00a0\u00bb<\/p>\n<p><b>\u00ab\u00a0Ce sera ma quatri\u00e8me ann\u00e9e au club, j&rsquo;ai jamais entra\u00een\u00e9 aussi longtemps dans un club. J&rsquo;ai la confiance du club et des supporters et j&rsquo;esp\u00e8re que \u00e7a va durer tr\u00e8s longtemps\u00a0\u00bb<\/b>, a d\u00e9clar\u00e9 il y a quelques jours l&rsquo;Espagnol, qui a profond\u00e9ment fa\u00e7onn\u00e9 l&rsquo;identit\u00e9 de jeu du PSG et marqu\u00e9 l&rsquo;histoire du club en qu\u00eate d&rsquo;un troisi\u00e8me sacre cons\u00e9cutif en Ligue des champions.<\/p>\n<p><b>\u00ab\u00a0Nous sommes ravis que Luis Enrique, Senny Mayulu, Jo\u00e3o Neves, Willian Pacho, Lucas Beraldo et Fabi\u00e1n Ruiz poursuivent leur aventure avec le Paris Saint-Germain. Ils repr\u00e9sentent \u00e0 la fois le pr\u00e9sent et l&rsquo;avenir du projet de notre club. Ensemble, nous voulons construire dans la dur\u00e9e, rester fid\u00e8les \u00e0 nos valeurs et continuer \u00e0 \u00e9crire une histoire collective dont nos supporters peuvent \u00eatre fiers\u00a0\u00bb<\/b>, a r\u00e9agi Nasser Al-Khela\u00effi dans un communiqu\u00e9.<\/p>\n<p>Pour le PSG, ces prolongations t\u00e9moignent de la volont\u00e9 du club de s&rsquo;inscrire dans la dur\u00e9e avec ceux qui incarnent son projet sportif, l&rsquo;exigence collective et la construction d&rsquo;un groupe uni, ambitieux et durablement comp\u00e9titif, souligne le communiqu\u00e9.<\/p>\n<p>Le prochain objectif de la direction parisienne est la prolongation du Ballon d&rsquo;or <a href=\"https:\/\/www.flashscore.fr\/joueur\/dembele-ousmane\/zsMC2Ec0\/\" data-analytics-element=\"ARTICLE_TEXT_LINK\" data-analytics-alias=\"internal\" rel=\"nofollow noopener\" target=\"_blank\">Ousmane Demb\u00e9l\u00e9<\/a>, sous contrat jusqu&rsquo;en 2028 et celle de <a href=\"https:\/\/www.flashscore.fr\/joueur\/kvaratskhelia-khvicha\/bNuGt0hE\/\" data-analytics-element=\"ARTICLE_TEXT_LINK\" data-analytics-alias=\"internal\" rel=\"nofollow noopener\" target=\"_blank\">Khvicha Kvaratskhelia<\/a>, dont le bail se termine en 2029.<\/p>\n","protected":false},"excerpt":{"rendered":"L&rsquo;entra\u00eeneur du PSG Luis Enrique a prolong\u00e9 jusqu&rsquo;en 2030, tout comme les joueurs Fabian Ruiz en 2028, Willian&hellip;\n","protected":false},"author":2,"featured_media":1169537,"comment_status":"","ping_status":"","sticky":false,"template":"","format":"standard","meta":{"footnotes":"","_share_on_mastodon":"0"},"categories":[1888],"tags":[1111,1928,11,1927,1777,674,1011,27,12,1926,626,1925,25],"class_list":["post-1169536","post","type-post","status-publish","format-standard","has-post-thumbnail","category-paris","tag-actu","tag-actu-paris","tag-actualites","tag-actualites-paris","tag-eu","tag-europe","tag-fr","tag-france","tag-news","tag-news-paris","tag-paris","tag-paris-news","tag-republique-francaise"],"share_on_mastodon":{"url":"https:\/\/pubeurope.com\/@fr\/117220320427703406","error":""},"_links":{"self":[{"href":"https:\/\/www.europesays.com\/fr\/wp-json\/wp\/v2\/posts\/1169536","targetHints":{"allow":["GET"]}}],"collection":[{"href":"https:\/\/www.europesays.com\/fr\/wp-json\/wp\/v2\/posts"}],"about":[{"href":"https:\/\/www.europesays.com\/fr\/wp-json\/wp\/v2\/types\/post"}],"author":[{"embeddable":true,"href":"https:\/\/www.europesays.com\/fr\/wp-json\/wp\/v2\/users\/2"}],"replies":[{"embeddable":true,"href":"https:\/\/www.europesays.com\/fr\/wp-json\/wp\/v2\/comments?post=1169536"}],"version-history":[{"count":0,"href":"https:\/\/www.europesays.com\/fr\/wp-json\/wp\/v2\/posts\/1169536\/revisions"}],"wp:featuredmedia":[{"embeddable":true,"href":"https:\/\/www.europesays.com\/fr\/wp-json\/wp\/v2\/media\/1169537"}],"wp:attachment":[{"href":"https:\/\/www.europesays.com\/fr\/wp-json\/wp\/v2\/media?parent=1169536"}],"wp:term":[{"taxonomy":"category","embeddable":true,"href":"https:\/\/www.europesays.com\/fr\/wp-json\/wp\/v2\/categories?post=1169536"},{"taxonomy":"post_tag","embeddable":true,"href":"https:\/\/www.europesays.com\/fr\/wp-json\/wp\/v2\/tags?post=1169536"}],"curies":[{"name":"wp","href":"https:\/\/api.w.org\/{rel}","templated":true}]}}