{"id":1169544,"date":"2026-09-05T20:31:17","date_gmt":"2026-09-05T20:31:17","guid":{"rendered":"https:\/\/www.europesays.com\/fr\/1169544\/"},"modified":"2026-09-05T20:31:17","modified_gmt":"2026-09-05T20:31:17","slug":"la-russie-pour-nous-est-une-menace-estime-pierre-moscovici-membre-de-la-cour-des-comptes-europeenne","status":"publish","type":"post","link":"https:\/\/www.europesays.com\/fr\/1169544\/","title":{"rendered":"\u00ab\u00a0La Russie pour nous est une menace\u00a0\u00bb, estime Pierre Moscovici, membre de la Cour des comptes europ\u00e9enne"},"content":{"rendered":"<p>\u00ab\u00a0La Russie pour nous est une menace\u00a0\u00bb, estime Pierre Moscovici, membre de la Cour des comptes europ\u00e9enneSur le m\u00eame sujet<a href=\"https:\/\/www.bfmtv.com\/politique\/video-bruler-la-dette-selon-jean-luc-melenchon-quand-on-doit-de-l-argent-on-le-rembourse-explique-pierre-moscovici-membre-de-la-cour-des-comptes-europeenne_VN-202609050377.html\" title=\"&quot;Br\u00fbler la dette&quot; selon Jean-Luc M\u00e9lenchon: &quot;Quand on doit de l&#039;argent on le rembourse&quot;, explique Pierre Moscovici, membre de la Cour des comptes europ\u00e9enne\" rel=\"nofollow noopener\" target=\"_blank\"><img width=\"16\" height=\"9\" class=\"lozad\"  alt=\"&quot;Br\u00fbler la dette&quot; selon Jean-Luc M\u00e9lenchon: &quot;Quand on doit de l'argent on le rembourse&quot;, explique Pierre Moscovici, membre de la Cour des comptes europ\u00e9enne\"\/>1:02&Prime;Br\u00fbler la dette\u00a0\u00bb selon Jean-Luc M\u00e9lenchon: \u00ab\u00a0Quand on doit de l&rsquo;argent on le rembourse\u00a0\u00bb, explique Pierre Moscovici, membre de la Cour des comptes europ\u00e9enne<\/a><a href=\"https:\/\/www.bfmtv.com\/politique\/video-la-russie-pour-nous-est-une-menace-estime-pierre-moscovici-membre-de-la-cour-des-comptes-europeenne_VN-202609050376.html\" title=\"&quot;La Russie pour nous est une menace&quot;, estime Pierre Moscovici, membre de la Cour des comptes europ\u00e9enne\" rel=\"nofollow noopener\" target=\"_blank\"><img width=\"16\" height=\"9\" class=\"lozad\"  alt=\"&quot;La Russie pour nous est une menace&quot;, estime Pierre Moscovici, membre de la Cour des comptes europ\u00e9enne\"\/>en lecture\u00a0\u00bbLa Russie pour nous est une menace\u00a0\u00bb, estime Pierre Moscovici, membre de la Cour des comptes europ\u00e9enne<\/a><a href=\"https:\/\/www.bfmtv.com\/politique\/elections\/presidentielle\/video-blocage-des-prix-propose-par-jean-luc-melenchon-c-est-une-aberration-economique-explique-florence-portelli-vice-presidente-du-parti-lr_VN-202609050363.html\" title=\"Blocage des prix propos\u00e9 par Jean-Luc M\u00e9lenchon: &quot;C&#039;est une aberration \u00e9conomique&quot;, explique Florence Portelli, vice-pr\u00e9sidente du parti LR\" rel=\"nofollow noopener\" target=\"_blank\"><img width=\"16\" height=\"9\" class=\"lozad\"  alt=\"Blocage des prix propos\u00e9 par Jean-Luc M\u00e9lenchon: &quot;C'est une aberration \u00e9conomique&quot;, explique Florence Portelli, vice-pr\u00e9sidente du parti LR\"\/>0:57Blocage des prix propos\u00e9 par Jean-Luc M\u00e9lenchon: \u00ab\u00a0C&rsquo;est une aberration \u00e9conomique\u00a0\u00bb, explique Florence Portelli, vice-pr\u00e9sidente du parti LR<\/a><a href=\"https:\/\/www.bfmtv.com\/politique\/elections\/presidentielle\/video-blocage-des-prix-propose-par-jean-luc-melenchon-avec-un-smic-on-ne-s-en-sort-plus-denonce-alexis-corbiere-depute-ecologiste-et-social_VN-202609050362.html\" title=\"Blocage des prix propos\u00e9 par Jean-Luc M\u00e9lenchon: &quot;Avec un SMIC on ne s&#039;en sort plus&quot;, d\u00e9nonce Alexis Corbi\u00e8re, d\u00e9put\u00e9 (\u00c9cologiste et Social)\" rel=\"nofollow noopener\" target=\"_blank\"><img width=\"16\" height=\"9\" class=\"lozad\"  alt=\"Blocage des prix propos\u00e9 par Jean-Luc M\u00e9lenchon: &quot;Avec un SMIC on ne s'en sort plus&quot;, d\u00e9nonce Alexis Corbi\u00e8re, d\u00e9put\u00e9 (\u00c9cologiste et Social)\"\/>0:21Blocage des prix propos\u00e9 par Jean-Luc M\u00e9lenchon: \u00ab\u00a0Avec un SMIC on ne s&rsquo;en sort plus\u00a0\u00bb, d\u00e9nonce Alexis Corbi\u00e8re, d\u00e9put\u00e9 (\u00c9cologiste et Social)<\/a><a href=\"https:\/\/www.bfmtv.com\/politique\/video-jordan-bardella-au-cote-de-nigel-farage-a-birmingham-on-a-la-l-illustration-dans-le-debut-d-une-campagne-presidentielle-de-marine-le-pen-qui-chaque-jour-desavoue-le-chef-de-son-parti-analyse-jerome-guedj-candidat-a-la-primaire-de-la-gauche_VN-202609050343.html\" title=\"Jordan Bardella au c\u00f4t\u00e9 de Nigel Farage \u00e0 Birmingham: &quot;On a l\u00e0 l&#039;illustration dans le d\u00e9but d&#039;une campagne pr\u00e9sidentielle de Marine Le Pen qui chaque jour d\u00e9savoue le chef de son parti&quot;, analyse J\u00e9r\u00f4me Guedj, candidat \u00e0 la primaire de la gauche\" rel=\"nofollow noopener\" target=\"_blank\"><img width=\"16\" height=\"9\" class=\"lozad\"  alt=\"Jordan Bardella au c\u00f4t\u00e9 de Nigel Farage \u00e0 Birmingham: &quot;On a l\u00e0 l'illustration dans le d\u00e9but d'une campagne pr\u00e9sidentielle de Marine Le Pen qui chaque jour d\u00e9savoue le chef de son parti&quot;, analyse J\u00e9r\u00f4me Guedj, candidat \u00e0 la primaire de la gauche\"\/>0:54Jordan Bardella au c\u00f4t\u00e9 de Nigel Farage \u00e0 Birmingham: \u00ab\u00a0On a l\u00e0 l&rsquo;illustration dans le d\u00e9but d&rsquo;une campagne pr\u00e9sidentielle de Marine Le Pen qui chaque jour d\u00e9savoue le chef de son parti\u00a0\u00bb, analyse J\u00e9r\u00f4me Guedj, candidat \u00e0 la primaire de la gauche<\/a><a href=\"https:\/\/www.bfmtv.com\/politique\/video-jordan-bardella-au-cote-de-nigel-farage-a-birmingham-nos-opposants-politiques-essayent-d-inventer-des-polemiques-declare-edwige-diaz-vice-presidente-du-rn_VN-202609050342.html\" title=\"Jordan Bardella au c\u00f4t\u00e9 de Nigel Farage \u00e0 Birmingham: &quot;Nos opposants politiques essayent d&#039;inventer des pol\u00e9miques&quot;, d\u00e9clare Edwige Diaz, vice-pr\u00e9sidente du RN\" rel=\"nofollow noopener\" target=\"_blank\"><img width=\"16\" height=\"9\" class=\"lozad\"  alt=\"Jordan Bardella au c\u00f4t\u00e9 de Nigel Farage \u00e0 Birmingham: &quot;Nos opposants politiques essayent d'inventer des pol\u00e9miques&quot;, d\u00e9clare Edwige Diaz, vice-pr\u00e9sidente du RN\"\/>1:10Jordan Bardella au c\u00f4t\u00e9 de Nigel Farage \u00e0 Birmingham: \u00ab\u00a0Nos opposants politiques essayent d&rsquo;inventer des pol\u00e9miques\u00a0\u00bb, d\u00e9clare Edwige Diaz, vice-pr\u00e9sidente du RN<\/a><a href=\"https:\/\/www.bfmtv.com\/politique\/video-tension-entre-marine-le-pen-et-jordan-bardella-il-y-a-avec-marine-le-pen-une-affinite-politique-et-personnelle-indefectible-declare-le-president-du-rassemblement-national_VN-202609050340.html\" title=\"Tension entre Marine Le Pen et Jordan Bardella: &quot;Il y a avec Marine Le\u00a0Pen, une affinit\u00e9 politique et personnelle ind\u00e9fectible&quot;, d\u00e9clare le pr\u00e9sident du Rassemblement national\" rel=\"nofollow noopener\" target=\"_blank\"><img width=\"16\" height=\"9\" class=\"lozad\"  alt=\"Tension entre Marine Le Pen et Jordan Bardella: &quot;Il y a avec Marine Le\u00a0Pen, une affinit\u00e9 politique et personnelle ind\u00e9fectible&quot;, d\u00e9clare le pr\u00e9sident du Rassemblement national\"\/>1:13Tension entre Marine Le Pen et Jordan Bardella: \u00ab\u00a0Il y a avec Marine Le\u00a0Pen, une affinit\u00e9 politique et personnelle ind\u00e9fectible\u00a0\u00bb, d\u00e9clare le pr\u00e9sident du Rassemblement national<\/a><a href=\"https:\/\/www.bfmtv.com\/politique\/elections\/presidentielle\/video-immigration-france-ukraine-l-interview-de-jordan-bardella-president-du-rassemblement-national_VN-202609050341.html\" title=\"Immigration, France, Ukraine: l&#039;interview de Jordan Bardella, pr\u00e9sident du Rassemblement national\" rel=\"nofollow noopener\" target=\"_blank\"><img width=\"16\" height=\"9\" class=\"lozad\"  alt=\"Immigration, France, Ukraine: l'interview de Jordan Bardella, pr\u00e9sident du Rassemblement national\"\/>12:35Immigration, France, Ukraine: l&rsquo;interview de Jordan Bardella, pr\u00e9sident du Rassemblement national<\/a><a href=\"https:\/\/www.bfmtv.com\/politique\/video-l-election-presidentielle-est-un-moment-de-verite-declare-jordan-bardella-president-du-rassemblement-national_VN-202609050339.html\" title=\"&quot;L&#039;\u00e9lection pr\u00e9sidentielle est un moment de v\u00e9rit\u00e9&quot;, d\u00e9clare Jordan Bardella, pr\u00e9sident du Rassemblement national\" rel=\"nofollow noopener\" target=\"_blank\"><img width=\"16\" height=\"9\" class=\"lozad\"  alt=\"&quot;L'\u00e9lection pr\u00e9sidentielle est un moment de v\u00e9rit\u00e9&quot;, d\u00e9clare Jordan Bardella, pr\u00e9sident du Rassemblement national\"\/>1:02&Prime;L&rsquo;\u00e9lection pr\u00e9sidentielle est un moment de v\u00e9rit\u00e9\u00a0\u00bb, d\u00e9clare Jordan Bardella, pr\u00e9sident du Rassemblement national<\/a><a href=\"https:\/\/www.bfmtv.com\/politique\/video-nous-avons-toujours-soutenu-l-ukraine-declare-jordan-bardella-president-du-rassemblement-national_VN-202609050337.html\" title=\"&quot;Nous avons toujours soutenu l&#039;Ukraine&quot;, d\u00e9clare Jordan Bardella, pr\u00e9sident du Rassemblement national\" rel=\"nofollow noopener\" target=\"_blank\"><img width=\"16\" height=\"9\" class=\"lozad\"  alt=\"&quot;Nous avons toujours soutenu l'Ukraine&quot;, d\u00e9clare Jordan Bardella, pr\u00e9sident du Rassemblement national\"\/>1:30&Prime;Nous avons toujours soutenu l&rsquo;Ukraine\u00a0\u00bb, d\u00e9clare Jordan Bardella, pr\u00e9sident du Rassemblement national<\/a><a href=\"https:\/\/www.bfmtv.com\/politique\/video-le-plus-grand-danger-dans-cette-election-presidentielle-ce-n-est-pas-de-changer-mais-de-continuer-comme-avant-declare-jordan-bardella-president-du-rassemblement-national_VN-202609050335.html\" title=\"&quot;Le plus grand danger dans cette \u00e9lection pr\u00e9sidentielle ce n&#039;est pas de changer mais de continuer comme avant&quot;, d\u00e9clare Jordan Bardella, pr\u00e9sident du Rassemblement national\" rel=\"nofollow noopener\" target=\"_blank\"><img width=\"16\" height=\"9\" class=\"lozad\"  alt=\"&quot;Le plus grand danger dans cette \u00e9lection pr\u00e9sidentielle ce n'est pas de changer mais de continuer comme avant&quot;, d\u00e9clare Jordan Bardella, pr\u00e9sident du Rassemblement national\"\/>1:07&Prime;Le plus grand danger dans cette \u00e9lection pr\u00e9sidentielle ce n&rsquo;est pas de changer mais de continuer comme avant\u00a0\u00bb, d\u00e9clare Jordan Bardella, pr\u00e9sident du Rassemblement national<\/a><a href=\"https:\/\/www.bfmtv.com\/politique\/video-l-immigration-est-une-priorite-absolue-declare-jordan-bardella-president-du-rassemblement-national_VN-202609050333.html\" title=\"&quot;L&#039;immigration est une priorit\u00e9 absolue&quot;, d\u00e9clare Jordan Bardella, pr\u00e9sident du Rassemblement national\" rel=\"nofollow noopener\" target=\"_blank\"><img width=\"16\" height=\"9\" class=\"lozad\"  alt=\"&quot;L'immigration est une priorit\u00e9 absolue&quot;, d\u00e9clare Jordan Bardella, pr\u00e9sident du Rassemblement national\"\/>1:39&Prime;L&rsquo;immigration est une priorit\u00e9 absolue\u00a0\u00bb, d\u00e9clare Jordan Bardella, pr\u00e9sident du Rassemblement national<\/a><a href=\"https:\/\/www.bfmtv.com\/politique\/video-jordan-bardella-s-est-il-fait-pieger-en-signant-un-protocole-sur-l-immigration-au-cote-de-nigel-farage-a-birmingham_VN-202609050330.html\" title=\"Jordan Bardella s&#039;est-il fait pi\u00e9ger en signant un protocole sur l&#039;immigration au c\u00f4t\u00e9 de Nigel Farage \u00e0 Birmingham?\" rel=\"nofollow noopener\" target=\"_blank\"><img width=\"16\" height=\"9\" class=\"lozad\"  alt=\"Jordan Bardella s'est-il fait pi\u00e9ger en signant un protocole sur l'immigration au c\u00f4t\u00e9 de Nigel Farage \u00e0 Birmingham?\"\/>2:10Jordan Bardella s&rsquo;est-il fait pi\u00e9ger en signant un protocole sur l&rsquo;immigration au c\u00f4t\u00e9 de Nigel Farage \u00e0 Birmingham?<\/a><a href=\"https:\/\/www.bfmtv.com\/politique\/elections\/presidentielle\/video-faut-il-tout-voter-par-referendum-le-souverain-en-france-c-est-le-peuple-explique-alexandre-jardin-ecrivain_VN-202609050328.html\" title=\"Faut-il tout voter par r\u00e9f\u00e9rendum ? &quot;Le souverain en France c&#039;est le peuple&quot;, explique Alexandre Jardin, \u00e9crivain\" rel=\"nofollow noopener\" target=\"_blank\"><img width=\"16\" height=\"9\" class=\"lozad\"  alt=\"Faut-il tout voter par r\u00e9f\u00e9rendum ? &quot;Le souverain en France c'est le peuple&quot;, explique Alexandre Jardin, \u00e9crivain\"\/>1:19Faut-il tout voter par r\u00e9f\u00e9rendum ? \u00ab\u00a0Le souverain en France c&rsquo;est le peuple\u00a0\u00bb, explique Alexandre Jardin, \u00e9crivain<\/a><\/p>\n","protected":false},"excerpt":{"rendered":"\u00ab\u00a0La Russie pour nous est une menace\u00a0\u00bb, estime Pierre Moscovici, membre de la Cour des comptes europ\u00e9enneSur le&hellip;\n","protected":false},"author":2,"featured_media":1169545,"comment_status":"","ping_status":"","sticky":false,"template":"","format":"standard","meta":{"footnotes":"","_share_on_mastodon":"0"},"categories":[1591],"tags":[11,1887,12,1885,1886,132],"class_list":["post-1169544","post","type-post","status-publish","format-standard","has-post-thumbnail","category-russie","tag-actualites","tag-federation-de-russie","tag-news","tag-russia","tag-russian-federation","tag-russie"],"share_on_mastodon":{"url":"https:\/\/pubeurope.com\/@fr\/117220336301768219","error":""},"_links":{"self":[{"href":"https:\/\/www.europesays.com\/fr\/wp-json\/wp\/v2\/posts\/1169544","targetHints":{"allow":["GET"]}}],"collection":[{"href":"https:\/\/www.europesays.com\/fr\/wp-json\/wp\/v2\/posts"}],"about":[{"href":"https:\/\/www.europesays.com\/fr\/wp-json\/wp\/v2\/types\/post"}],"author":[{"embeddable":true,"href":"https:\/\/www.europesays.com\/fr\/wp-json\/wp\/v2\/users\/2"}],"replies":[{"embeddable":true,"href":"https:\/\/www.europesays.com\/fr\/wp-json\/wp\/v2\/comments?post=1169544"}],"version-history":[{"count":0,"href":"https:\/\/www.europesays.com\/fr\/wp-json\/wp\/v2\/posts\/1169544\/revisions"}],"wp:featuredmedia":[{"embeddable":true,"href":"https:\/\/www.europesays.com\/fr\/wp-json\/wp\/v2\/media\/1169545"}],"wp:attachment":[{"href":"https:\/\/www.europesays.com\/fr\/wp-json\/wp\/v2\/media?parent=1169544"}],"wp:term":[{"taxonomy":"category","embeddable":true,"href":"https:\/\/www.europesays.com\/fr\/wp-json\/wp\/v2\/categories?post=1169544"},{"taxonomy":"post_tag","embeddable":true,"href":"https:\/\/www.europesays.com\/fr\/wp-json\/wp\/v2\/tags?post=1169544"}],"curies":[{"name":"wp","href":"https:\/\/api.w.org\/{rel}","templated":true}]}}