{"id":1169569,"date":"2026-09-05T20:48:20","date_gmt":"2026-09-05T20:48:20","guid":{"rendered":"https:\/\/www.europesays.com\/fr\/1169569\/"},"modified":"2026-09-05T20:48:20","modified_gmt":"2026-09-05T20:48:20","slug":"paris-chauny-2026-avec-22-equipes-au-depart-actualite","status":"publish","type":"post","link":"https:\/\/www.europesays.com\/fr\/1169569\/","title":{"rendered":"Paris-Chauny 2026 : Avec 22 \u00e9quipes au d\u00e9part &#8211; Actualit\u00e9"},"content":{"rendered":"<p>La 76e \u00e9dition de Paris-Chauny aura lieu le dimanche 27 septembre prochain. 203,6 kilom\u00e8tres seront au programme entre Margny-l\u00e8s-Compi\u00e8gne (Oise) et Chauny (Aisne). L&rsquo;organisation de l&rsquo;\u00e9preuve de Classe 1 a retenu 22 \u00e9quipes dont cinq WorldTeams et huit ProTeams.\u00a0<\/p>\n<p>Le vainqueur succ\u00e9dera au Belge <strong><a href=\"https:\/\/www.directvelo.com\/epreuve\/48220\/paris-chauny-2025\" target=\"_blank\" rel=\"noopener nofollow\">Arnaud De Lie<\/a><\/strong>.<\/p>\n<p><strong style=\"font-weight: bold;\">Les \u00e9quipes 2026 de Paris-Chauny :<\/strong><br \/><strong style=\"font-weight: bold;\">WorldTeams<\/strong><br \/>Decathlon CMA CGM<br \/>Groupama-FDJ<br \/>Alpecin Premier Tech<br \/>Lotto-Intermarch\u00e9<br \/>Team Picnic-PostNL<\/p>\n<p><strong style=\"font-weight: bold;\">ProTeams<\/strong><br \/>Cofidis<br \/>TotalEnergies<br \/>Unibet Rose Rockets<br \/>Pinarello-Q36.5 Pro Cycling<br \/>Polti VisitMalta<br \/>Solution Tech Nippo Rali<br \/>Team Flanders-Baloise<br \/>Tudor Pro Cycling<\/p>\n<p><strong style=\"font-weight: bold;\">Continentales<\/strong><br \/>CIC Pro Cycling Academy<br \/>Nice M\u00e9tropole C\u00f4te d&rsquo;Azur<br \/>St-Michel-Preference Home-Auber 93<br \/>Van Rysel-Roubaix<br \/>VC Rouen 76<br \/>VC Villefranche Beaujolais<br \/>Beat CC p\/b Saxo<br \/>Bike Aid<br \/>Feirense-Beeceler<\/p>\n","protected":false},"excerpt":{"rendered":"La 76e \u00e9dition de Paris-Chauny aura lieu le dimanche 27 septembre prochain. 203,6 kilom\u00e8tres seront au programme entre&hellip;\n","protected":false},"author":2,"featured_media":1169570,"comment_status":"","ping_status":"","sticky":false,"template":"","format":"standard","meta":{"footnotes":"","_share_on_mastodon":"0"},"categories":[1411],"tags":[834,828,836,829,837,827,83,826,824,823,1154,207,814,817,815,816,822,821,832,211,839,1011,27,820,818,819,835,831,830,833,838,60,212,208,825],"class_list":["post-1169569","post","type-post","status-publish","format-standard","has-post-thumbnail","category-cyclisme","tag-attaque","tag-belgique","tag-braquet","tag-bretagne","tag-chute","tag-competition","tag-coupe-de-france","tag-coureur","tag-course-cyclisme","tag-course-cycliste","tag-cycling","tag-cyclisme","tag-direct","tag-direct-velo","tag-directvelo","tag-directvelo-com","tag-epreuve","tag-epreuve-cycliste","tag-federation-francaise-de-cyclisme","tag-ffc","tag-flandres","tag-fr","tag-france","tag-live","tag-live-course","tag-live-epreuve","tag-peloton","tag-radio-peloton","tag-radio-tour","tag-ravitaillement","tag-relance","tag-sports","tag-uci","tag-velo","tag-velos"],"share_on_mastodon":{"url":"https:\/\/pubeurope.com\/@fr\/117220403094115125","error":""},"_links":{"self":[{"href":"https:\/\/www.europesays.com\/fr\/wp-json\/wp\/v2\/posts\/1169569","targetHints":{"allow":["GET"]}}],"collection":[{"href":"https:\/\/www.europesays.com\/fr\/wp-json\/wp\/v2\/posts"}],"about":[{"href":"https:\/\/www.europesays.com\/fr\/wp-json\/wp\/v2\/types\/post"}],"author":[{"embeddable":true,"href":"https:\/\/www.europesays.com\/fr\/wp-json\/wp\/v2\/users\/2"}],"replies":[{"embeddable":true,"href":"https:\/\/www.europesays.com\/fr\/wp-json\/wp\/v2\/comments?post=1169569"}],"version-history":[{"count":0,"href":"https:\/\/www.europesays.com\/fr\/wp-json\/wp\/v2\/posts\/1169569\/revisions"}],"wp:featuredmedia":[{"embeddable":true,"href":"https:\/\/www.europesays.com\/fr\/wp-json\/wp\/v2\/media\/1169570"}],"wp:attachment":[{"href":"https:\/\/www.europesays.com\/fr\/wp-json\/wp\/v2\/media?parent=1169569"}],"wp:term":[{"taxonomy":"category","embeddable":true,"href":"https:\/\/www.europesays.com\/fr\/wp-json\/wp\/v2\/categories?post=1169569"},{"taxonomy":"post_tag","embeddable":true,"href":"https:\/\/www.europesays.com\/fr\/wp-json\/wp\/v2\/tags?post=1169569"}],"curies":[{"name":"wp","href":"https:\/\/api.w.org\/{rel}","templated":true}]}}