{"id":1169613,"date":"2026-09-05T21:19:19","date_gmt":"2026-09-05T21:19:19","guid":{"rendered":"https:\/\/www.europesays.com\/fr\/1169613\/"},"modified":"2026-09-05T21:19:19","modified_gmt":"2026-09-05T21:19:19","slug":"vincent-vent-nouvel-interieur-du-rouen-metropole-basket-rouen-metropole-basket","status":"publish","type":"post","link":"https:\/\/www.europesays.com\/fr\/1169613\/","title":{"rendered":"Vincent Vent, nouvel int\u00e9rieur du Rouen M\u00e9tropole Basket ! \u2013 Rouen M\u00e9tropole Basket"},"content":{"rendered":"<p style=\"text-align: justify;\"><strong>Le RMB engage Vincent Vent, int\u00e9rieur bien connu du championnat d\u2019\u00c9lite 2, pour renforcer sa raquette !<\/strong><\/p>\n<p style=\"text-align: justify;\">Int\u00e9rieur solide dot\u00e9 d\u2019une grande exp\u00e9rience en deuxi\u00e8me division fran\u00e7aise, Vincent Vent a tout connu en \u00c9lite 2. N\u00e9 en r\u00e9gion parisienne, l\u2019int\u00e9rieur de 2,06 m a commenc\u00e9 le basket sur le tard avant de vivre une courte exp\u00e9rience outre-Atlantique, o\u00f9 il a jou\u00e9 pendant une saison dans un lyc\u00e9e am\u00e9ricain. Il a ensuite termin\u00e9 sa formation dans le Loiret, \u00e0 Orl\u00e9ans, avant de d\u00e9buter sa carri\u00e8re professionnelle en Alsace, \u00e0 Souffelweyersheim, en 2020.<\/p>\n<p style=\"text-align: justify;\">Int\u00e9rieur solide dot\u00e9 d\u2019une grande exp\u00e9rience en deuxi\u00e8me division fran\u00e7aise, Vincent Vent a tout connu en \u00c9lite 2. N\u00e9 en r\u00e9gion parisienne, l\u2019int\u00e9rieur de 2,06m a commenc\u00e9 le basket sur le tard avant de vivre une courte exp\u00e9rience outre-Atlantique, o\u00f9 il a jou\u00e9 pendant une saison dans un lyc\u00e9e am\u00e9ricain. Il a ensuite termin\u00e9 sa formation dans le Loiret, \u00e0 Orl\u00e9ans, avant de d\u00e9buter sa carri\u00e8re professionnelle en Alsace, \u00e0 Souffelweyersheim, en 2020.<\/p>\n<p style=\"text-align: justify;\">Vincent a v\u00e9cu de nombreuses \u00e9motions dans l\u2019antichambre du basket fran\u00e7ais, avec comme point d\u2019orgue une mont\u00e9e dans l\u2019\u00e9lite avec le SLUC Nancy en 2022. Dans la foul\u00e9e, il rejoint le projet de Champagne Basket lors de la saison 2022-2023, avant de retrouver son club formateur l\u2019an dernier. Il y r\u00e9alise une belle saison, avec des moyennes de 6,3 points et 3,3 rebonds par match en seulement 14 minutes de jeu.<\/p>\n<p style=\"text-align: justify;\">Vincent Vent est un homme de mission, capable de tirer \u00e0 mi-distance tout en \u00e9tant solide sous le cercle. Sa taille et son envergure vont apporter une nouvelle dimension au secteur int\u00e9rieur du RMB.<\/p>\n<p style=\"text-align: justify;\">Nous souhaitons la bienvenue \u00e0 Vincent Vent et avons h\u00e2te de le voir \u00e9voluer au Kindarena !<\/p>\n","protected":false},"excerpt":{"rendered":"Le RMB engage Vincent Vent, int\u00e9rieur bien connu du championnat d\u2019\u00c9lite 2, pour renforcer sa raquette ! Int\u00e9rieur&hellip;\n","protected":false},"author":2,"featured_media":1166809,"comment_status":"","ping_status":"","sticky":false,"template":"","format":"standard","meta":{"footnotes":"","_share_on_mastodon":"0"},"categories":[9587],"tags":[1111,11,1777,674,1011,27,12,5161,25,9590],"class_list":["post-1169613","post","type-post","status-publish","format-standard","has-post-thumbnail","category-rouen","tag-actu","tag-actualites","tag-eu","tag-europe","tag-fr","tag-france","tag-news","tag-normandie","tag-republique-francaise","tag-rouen"],"share_on_mastodon":{"url":"https:\/\/pubeurope.com\/@fr\/117220524938390814","error":""},"_links":{"self":[{"href":"https:\/\/www.europesays.com\/fr\/wp-json\/wp\/v2\/posts\/1169613","targetHints":{"allow":["GET"]}}],"collection":[{"href":"https:\/\/www.europesays.com\/fr\/wp-json\/wp\/v2\/posts"}],"about":[{"href":"https:\/\/www.europesays.com\/fr\/wp-json\/wp\/v2\/types\/post"}],"author":[{"embeddable":true,"href":"https:\/\/www.europesays.com\/fr\/wp-json\/wp\/v2\/users\/2"}],"replies":[{"embeddable":true,"href":"https:\/\/www.europesays.com\/fr\/wp-json\/wp\/v2\/comments?post=1169613"}],"version-history":[{"count":0,"href":"https:\/\/www.europesays.com\/fr\/wp-json\/wp\/v2\/posts\/1169613\/revisions"}],"wp:featuredmedia":[{"embeddable":true,"href":"https:\/\/www.europesays.com\/fr\/wp-json\/wp\/v2\/media\/1166809"}],"wp:attachment":[{"href":"https:\/\/www.europesays.com\/fr\/wp-json\/wp\/v2\/media?parent=1169613"}],"wp:term":[{"taxonomy":"category","embeddable":true,"href":"https:\/\/www.europesays.com\/fr\/wp-json\/wp\/v2\/categories?post=1169613"},{"taxonomy":"post_tag","embeddable":true,"href":"https:\/\/www.europesays.com\/fr\/wp-json\/wp\/v2\/tags?post=1169613"}],"curies":[{"name":"wp","href":"https:\/\/api.w.org\/{rel}","templated":true}]}}