{"id":1169618,"date":"2026-09-05T21:24:24","date_gmt":"2026-09-05T21:24:24","guid":{"rendered":"https:\/\/www.europesays.com\/fr\/1169618\/"},"modified":"2026-09-05T21:24:24","modified_gmt":"2026-09-05T21:24:24","slug":"cest-important-pour-moi-dexceller-cette-bretonne-sera-t-elle-elue-meilleure-fleuriste-de-france","status":"publish","type":"post","link":"https:\/\/www.europesays.com\/fr\/1169618\/","title":{"rendered":"\u00ab\u00a0C\u2019est important pour moi d\u2019exceller\u00a0\u00bb\u00a0: cette Bretonne sera-t-elle \u00e9lue meilleure fleuriste de France\u00a0?"},"content":{"rendered":"<p>Une fois la porte de la boutique \u00ab Naturellement fleurs \u00bb, rue de Foug\u00e8res, pass\u00e9e, on entre dans l\u2019univers de la trentenaire parmi les bouquets et les diff\u00e9rentes compositions florales. C\u2019est l\u00e0 qu\u2019elle travaille depuis 7 ans comme salari\u00e9e aupr\u00e8s du g\u00e9rant des lieux Jean-Michel Charrier. Et la jeune femme y est dans son \u00e9l\u00e9ment : \u00ab Toute ma vie est rythm\u00e9e par les fleurs. C\u2019est une vraie passion le truc qui m\u2019anime le plus. C\u2019est chouette \u00bb. Pour autant, le chemin qu\u2019elle a suivi pour devenir fleuriste n\u2019a pas \u00e9t\u00e9 une \u00e9vidence d\u00e8s le d\u00e9part. \u00ab J\u2019ai toujours eu plein d\u2019indices autour de moi. Mon fr\u00e8re est paysagiste. Mes parents ont toujours eu un tr\u00e8s beau jardin, j\u2019\u00e9tais toujours dehors, mais j\u2019ai jamais pens\u00e9 devenir fleuriste \u00bb.<\/p>\n<p>\u00ab La r\u00e9v\u00e9lation de ma vie \u00bb<\/p>\n<p>C\u2019est apr\u00e8s des \u00e9tudes sup\u00e9rieures d\u2019art dans le domaine du visuel merchandising et de la d\u00e9coration int\u00e9rieure que le d\u00e9clic survient. \u00ab Il y avait un peu trop d\u2019ordinateurs, trop de plans, trop de logiciels. J\u2019avais envie de quelque chose toujours dans le domaine cr\u00e9atif, mais de plus concret. Un jour, mon meilleur ami m\u2019a dit : \u00ab Pauline pourquoi tu ne ferais pas fleuriste tu es toujours dans les fleurs \u00bb. Et l\u00e0, c\u2019est devenu clair \u00bb. Elle passe alors un CAP de fleuriste en un an et un BP (Brevet Professionnel) en deux ans. Apr\u00e8s un apprentissage \u00e0 Saint-Brieuc, elle fait ses premiers pas dans la boutique rennaise o\u00f9 elle travaille depuis 2019. \u00ab D\u00e8s le 1er jour, \u00e7a a tout de suite \u00e9t\u00e9 la r\u00e9v\u00e9lation de ma vie. Les fleurs ont apport\u00e9 beaucoup de sens \u00e0 ma vie \u00bb.<\/p>\n<p><img decoding=\"async\" src=\"https:\/\/www.europesays.com\/fr\/wp-content\/uploads\/2026\/09\/6a9c685877dd34f222017cf2.1.jpeg\" width=\"480\" height=\"300\" class=\"web_golden_m\" loading=\"lazy\" alt=\"Pauline\u00a0travaille depuis 7 ans comme salari\u00e9e \u00e0 la boutique \u00ab\u00a0Naturellement Fleurs\u00a0\u00bb aupr\u00e8s du g\u00e9rant des lieux Jean-Michel Charrier.\"\/>Pauline\u00a0travaille depuis 7 ans comme salari\u00e9e \u00e0 la boutique \u00ab\u00a0Naturellement Fleurs\u00a0\u00bb aupr\u00e8s du g\u00e9rant des lieux Jean-Michel Charrier. (Le T\u00e9l\u00e9gramme\/Erwan Miloux)Le challenge des concours<\/p>\n<p>Plus que jamais motiv\u00e9e par ce m\u00e9tier passion, elle se lance alors des challenges en participant \u00e0 diff\u00e9rents concours. En 2020, elle s\u2019inscrit \u00e0 l\u2019Oscar du meilleur jeune fleuriste, un concours r\u00e9serv\u00e9 aux moins de 30 ans : \u00ab J\u2019\u00e9tais encore en BP, c\u2019\u00e9tait ma premi\u00e8re exp\u00e9rience en la mati\u00e8re. Les r\u00e9sultats n\u2019\u00e9taient pas au rendez-vous, mais \u00e7a m\u2019a donn\u00e9 un peu le go\u00fbt \u00e0 tout \u00e7a \u00bb. Optimiste et combative, elle retente sa chance l\u2019ann\u00e9e suivante et remporte cette fois le concours. Elle participe ensuite deux fois \u00e0 la finale nationale : \u00ab J\u2019\u00e9tais encore trop jeune dans le milieu du concours pour obtenir des r\u00e9sultats. Je n\u2019avais pas assez d\u2019exp\u00e9rience notamment pour g\u00e9rer le stress \u00bb. Elle pers\u00e9v\u00e8re et d\u00e9croche une troisi\u00e8me place au concours Piverdie en 2024 puis d\u00e9croche en 2025 la premi\u00e8re place de la Palladium Flower Cup et de coupe Oasis qui lui ouvre les portes de la coupe de France de cette ann\u00e9e. \u00ab Je suis fi\u00e8re de pouvoir y repr\u00e9senter la r\u00e9gion. \u00bb<\/p>\n<p>\u00ab \u00catre au sommet de mon art \u00bb<\/p>\n<p>Et ce concours qui se d\u00e9roulera le 4 et 5 octobre \u00e0 Reims, elle le pr\u00e9pare depuis environ un mois. \u00ab Je travaille avec ma famille. Je mets au point une structure de grande taille sur laquelle je mettrais ensuite des fleurs \u00bb. Pour ce faire, elle a investi le garage de chez ses parents \u00e0 Rohan (56). \u00ab Dans deux semaines, je r\u00e9alise un essai de fleurs pour voir ce qui va bien marcher ou pas \u00bb. Un soutien qu\u2019elle re\u00e7oit aussi de son patron qui a lui-m\u00eame concouru \u00e0 deux reprises pour la coupe de France de la discipline : \u00ab Sans Jean-Michel, je ne pourrais pas faire tout \u00e7a. Il m\u2019aide financi\u00e8rement, car la participation a un co\u00fbt et il am\u00e9nage aussi mes horaires en cons\u00e9quence \u00bb. Lors du concours, Pauline aura ainsi deux jours et demi pour r\u00e9aliser six prestations sur des th\u00e8mes libres et impos\u00e9s. Et si elle s\u2019engage dans la comp\u00e9tition, ce n\u2019est pas pour faire de la figuration : \u00ab J\u2019ai toujours eu envie d\u2019apprendre toutes les techniques possibles dans ma recherche dans ma pratique. C\u2019est important pour moi d\u2019exceller. J\u2019ai toujours eu \u00e0 c\u0153ur d\u2019\u00eatre au sommet de mon art. Et les concours permettent d\u2019acc\u00e9der \u00e0 cette excellence. Je le fais aussi pour moi pour me faire plaisir. \u00c7a me permet de laisser s\u2019exprimer ma personnalit\u00e9, mon c\u0153ur. C\u2019est aussi une fa\u00e7on d\u2019avoir la reconnaissance de mes pairs \u00bb.<\/p>\n<p>Une histoire de transmission<\/p>\n<p>Un objectif important pour Pauline, qui souhaite ouvrir \u00e0 son tour sa propre boutique. L\u2019aboutissement d\u2019une histoire de transmission d\u2019un savoir-faire entre le patron des lieux et la jeune femme qui \u00e0 son tour partage son amour du m\u00e9tier avec des \u00e9l\u00e8ves. Elle est ainsi depuis quatre ans, formatrice au CFA de Merdrignac (22) : \u00ab J\u2019enseigne les arts appliqu\u00e9s, et la technique florale aux \u00e9l\u00e8ves de BP. Je leur apprends \u00e0 r\u00e9aliser des bouquets \u00e0 r\u00e9aliser des bijoux \u00e0 base de fleurs \u00bb.<\/p>\n<p>En attendant, la prof revoit ses gammes pour briguer \u00ab le Graal \u00bb et ramener la coupe \u00e0 la maison. Et apr\u00e8s ? \u00ab Pourquoi pas le concours du meilleur ouvrier de France dans quelques ann\u00e9es \u00bb lance-t-elle en souriant. Affaire \u00e0 suivre.<\/p>\n","protected":false},"excerpt":{"rendered":"Une fois la porte de la boutique \u00ab Naturellement fleurs \u00bb, rue de Foug\u00e8res, pass\u00e9e, on entre dans&hellip;\n","protected":false},"author":2,"featured_media":1169619,"comment_status":"","ping_status":"","sticky":false,"template":"","format":"standard","meta":{"footnotes":"","_share_on_mastodon":"0"},"categories":[2821],"tags":[1111,11,829,765,1777,674,1011,27,848,12,584,25],"class_list":["post-1169618","post","type-post","status-publish","format-standard","has-post-thumbnail","category-rennes","tag-actu","tag-actualites","tag-bretagne","tag-en-continu","tag-eu","tag-europe","tag-fr","tag-france","tag-ille-et-vilaine","tag-news","tag-rennes","tag-republique-francaise"],"share_on_mastodon":{"url":"https:\/\/pubeurope.com\/@fr\/117220546088223125","error":""},"_links":{"self":[{"href":"https:\/\/www.europesays.com\/fr\/wp-json\/wp\/v2\/posts\/1169618","targetHints":{"allow":["GET"]}}],"collection":[{"href":"https:\/\/www.europesays.com\/fr\/wp-json\/wp\/v2\/posts"}],"about":[{"href":"https:\/\/www.europesays.com\/fr\/wp-json\/wp\/v2\/types\/post"}],"author":[{"embeddable":true,"href":"https:\/\/www.europesays.com\/fr\/wp-json\/wp\/v2\/users\/2"}],"replies":[{"embeddable":true,"href":"https:\/\/www.europesays.com\/fr\/wp-json\/wp\/v2\/comments?post=1169618"}],"version-history":[{"count":0,"href":"https:\/\/www.europesays.com\/fr\/wp-json\/wp\/v2\/posts\/1169618\/revisions"}],"wp:featuredmedia":[{"embeddable":true,"href":"https:\/\/www.europesays.com\/fr\/wp-json\/wp\/v2\/media\/1169619"}],"wp:attachment":[{"href":"https:\/\/www.europesays.com\/fr\/wp-json\/wp\/v2\/media?parent=1169618"}],"wp:term":[{"taxonomy":"category","embeddable":true,"href":"https:\/\/www.europesays.com\/fr\/wp-json\/wp\/v2\/categories?post=1169618"},{"taxonomy":"post_tag","embeddable":true,"href":"https:\/\/www.europesays.com\/fr\/wp-json\/wp\/v2\/tags?post=1169618"}],"curies":[{"name":"wp","href":"https:\/\/api.w.org\/{rel}","templated":true}]}}