{"id":116962,"date":"2025-05-21T13:30:11","date_gmt":"2025-05-21T13:30:11","guid":{"rendered":"https:\/\/www.europesays.com\/fr\/116962\/"},"modified":"2025-05-21T13:30:11","modified_gmt":"2025-05-21T13:30:11","slug":"un-temps-frais-et-pluvieux-cette-semaine-en-france-avant-un-changement-radical-le-week-end-de-lascension","status":"publish","type":"post","link":"https:\/\/www.europesays.com\/fr\/116962\/","title":{"rendered":"Un temps frais et pluvieux cette semaine en France (avant un changement radical le week-end de l&rsquo;Ascension ?)"},"content":{"rendered":"<p>            Par<br \/>\n        <strong><br \/>\n            <a href=\"https:\/\/actu.fr\/auteur\/briac-trebert\" title=\"Consulter tous les articles de Briac Tr\u00e9bert\" target=\"_blank\" rel=\"noopener\">Briac Tr\u00e9bert<\/a><br \/>\n        <\/strong><\/p>\n<p>        Publi\u00e9 le<\/p>\n<p>            21 mai 2025 \u00e0 15h24        <\/p>\n<p>Des ruisseaux transform\u00e9s en torrents, des <a href=\"https:\/\/actu.fr\/tag\/automobile\" target=\"_blank\" rel=\"noopener\">voitures<\/a> emport\u00e9es, <strong>des commerces et habitations d\u00e9vast\u00e9s\u2009: <\/strong>plusieurs communes du <a href=\"https:\/\/actu.fr\/var\/\" target=\"_blank\" rel=\"noopener\">Var<\/a> ont \u00e9t\u00e9 ravag\u00e9es ce mardi 20\u00a0mai 2025 par des intemp\u00e9ries aussi soudaines que violentes. Il est parfois tomb\u00e9 <a href=\"https:\/\/actu.fr\/meteo\/orages-et-crues-eclairs-comment-expliquer-ce-phenomene-qui-a-fait-au-moins-trois-morts-dans-le-var-ce-mardi_62663758.html\" target=\"_blank\" rel=\"noopener\">de trois \u00e0 quatre mois de pluie en une matin\u00e9e<\/a>. Et le bilan humain est terrible\u2009: trois morts.<\/p>\n<p class=\" wall-content\">La veille, c\u2019\u00e9tait le Sud-Ouest qui avait \u00e9t\u00e9 balay\u00e9e par des <a href=\"https:\/\/actu.fr\/tag\/orages\" target=\"_blank\" rel=\"noopener\">orages<\/a> violents. C\u2019est d\u00e9sormais l\u2019heure de l\u2019accalmie, enfin, sur le front de la m\u00e9t\u00e9o.<\/p>\n<p class=\" wall-content\">Pour les prochains jours, c\u2019est <strong>le retour de la pluie<\/strong> au nord, des orages qui devraient se faire enfin plus rares mais surtout un week-end de l\u2019Ascension qui s\u2019annonce estival sur la majeure partie du pays.<\/p>\n<p>Un \u00ab\u2009sch\u00e9ma enfin plus classique\u2009\u00bb<\/p>\n<p class=\" wall-content\">\u00ab\u2009C\u2019est un changement de temps qui se dessine\u2009\u00bb, confirme \u00e0 actu.fr le m\u00e9t\u00e9orologue Yann Amice. Avec, depuis ce mercredi 21\u00a0mai 2025, le retour de la <a href=\"https:\/\/actu.fr\/tag\/pluie\" target=\"_blank\" rel=\"noopener\">pluie<\/a> au nord de la France et le retour du soleil au sud.<\/p>\n<p class=\" wall-content\">Un \u00ab\u2009sch\u00e9ma enfin plus classique\u2009\u00bb, avec l\u2019anticyclone des A\u00e7ores qui va enfin se faire une place d\u2019un c\u00f4t\u00e9 et de petites d\u00e9pressions sur les \u00celes Britanniques qui apporteront un peu de pluie au nord et \u00e0 l\u2019est. \u00c0 noter \u00e9galement, dans ce contexte, <strong>la tramontane et le mistral<\/strong> <a href=\"https:\/\/actu.fr\/meteo\/nouveau-coup-de-vent-cette-semaine-en-france-des-rafales-a-110km-h-prevues-voici-ou-ca-va-souffler_62660528.html\" target=\"_blank\" rel=\"noopener\">qui souffleront violemment dans le sud<\/a>.<\/p>\n<p>Vid\u00e9os : en ce moment sur Actu<br \/>\n    <img   decoding=\"async\" loading=\"lazy\" src=\"https:\/\/www.europesays.com\/fr\/wp-content\/uploads\/2025\/05\/cumulpluiemai2025-960x623.jpeg\" alt=\"ddd\" width=\"960\" height=\"623\"\/><br \/>\n    Les cumuls de pluie anticip\u00e9s par les mod\u00e8les m\u00e9t\u00e9o jusqu\u2019au dimanche 25\u00a0mai 2025. (\u00a9WeatherNCo avec Meteologix))<\/p>\n<p class=\" wall-content\">Si l\u2019on parle d\u2019un changement de <a href=\"https:\/\/actu.fr\/meteo\" target=\"_blank\" rel=\"noopener\">m\u00e9t\u00e9o<\/a>, c\u2019est parce que <strong>depuis le mois de f\u00e9vrier<\/strong>, les pluies \u00e9taient exc\u00e9dentaires dans le sud, et d\u00e9ficitaires dans le nord. La France \u00e9tait depuis des semaines situ\u00e9e entre une vaste zone anticyclonique sur le nord de l\u2019Europe et une zone plus d\u00e9pressionnaire au sud, <a href=\"https:\/\/meteofrance.com\/\" target=\"_blank\" rel=\"noopener\">relate M\u00e9t\u00e9o France<\/a>.<\/p>\n<blockquote class=\"ac-article-quote wall-content\">\n<p>Une perturbation est arriv\u00e9e par l\u2019ouest du pays ce mercredi 21 mai 2025. La pluie fera son retour sur la moiti\u00e9 nord apr\u00e8s une semaine de temps sec. Les pluies seront pr\u00e9sentes entre la Bretagne et le Grand-Est, et progresseront vers le sud. Les temp\u00e9ratures, elles, baisseront jusqu&rsquo;\u00e0 ce vendredi 23 mai (\u00e7a sera 2 \u00b0C sous la normale au niveau national).<\/p>\n<p>    <strong>M\u00e9t\u00e9o France<\/strong>\n            <\/p><\/blockquote>\n<p>Des temp\u00e9ratures qui vont baisser en fin de semaine\u2026<\/p>\n<p class=\" wall-content\">Cette semaine, <strong>deux ondes pluvieuses<\/strong> vont concerner le nord de la France, alors que le sud restera globalement au sec. L\u2019une ce mercredi 21\u00a0mai 2025, donc, et l\u2019autre durant le week-end des samedi\u00a024 et dimanche 25\u00a0mai.<\/p>\n<p class=\" wall-content\">En lien avec ces pluies, <strong>\u00ab\u2009un basculement du vent<\/strong> au nord-ouest\u2009\u00bb sur le nord du pays, souligne Yann Amice, qui fera baisser les temp\u00e9ratures un peu partout ces prochains jours.<\/p>\n<p>    <img   decoding=\"async\" loading=\"lazy\" src=\"https:\/\/www.europesays.com\/fr\/wp-content\/uploads\/2025\/05\/temperaturessamedi31mai-960x618.jpeg\" alt=\"dddd\" width=\"960\" height=\"618\"\/><br \/>\n    Les temp\u00e9ratures pr\u00e9vues par les mod\u00e8les m\u00e9t\u00e9o pour le samedi 31\u00a0mai 2025. (\u00a9WeatherNCo avec Meteologix)\u2026 mais pas pour longtemps<\/p>\n<p class=\" wall-content\">Mais cela ne va pas durer, \u00e0 en croire les mod\u00e8les m\u00e9t\u00e9o <a href=\"https:\/\/actu.fr\/tag\/europe\" target=\"_blank\" rel=\"noopener\">europ\u00e9en<\/a> et am\u00e9ricain. Car <strong>le soleil devrait revenir partout et le thermom\u00e8tre remonter<\/strong> pour donner au pont de l\u2019Ascension un air estival.<\/p>\n<p class=\" wall-content\">M\u00eame si l\u2019\u00e9ch\u00e9ance est encore lointaine, les derni\u00e8res mod\u00e9lisations semblent converger vers <strong>une fin mai au beau fixe<\/strong>, avec des temp\u00e9ratures sup\u00e9rieures \u00e0 la normale \u00ab\u2009\u00e0 la faveur du renforcement progressif de l\u2019anticyclone des A\u00e7ores\u2009\u00bb, souligne encore Yann Amice.<\/p>\n<p class=\" wall-content\">Les mod\u00e8les \u00e0 plus long terme encore anticipent estiment d\u2019ailleurs que <strong>c\u2019est tout le mois de juin\u00a02025<\/strong> qui pourrait s\u2019av\u00e9rer r\u00e9guli\u00e8rement chaud et estival sur le pays. Notamment pour le mod\u00e8le europ\u00e9en qui envisage des anomalies de temp\u00e9ratures sup\u00e9rieures \u00e0 1,5\u00a0\u00b0C sur le nord de la France.<\/p>\n<p class=\" wall-content\">Suivez toute l\u2019actualit\u00e9 de vos villes et m\u00e9dias favoris en vous inscrivant \u00e0 <a href=\"https:\/\/moncompte.actu.fr\" title=\"D\u00e9couvez Mon Actu\" rel=\"nofollow noopener\" data-trk=\"{&quot;cta&quot;:{&quot;action&quot;:&quot;https:\\\/\\\/moncompte.actu.fr&quot;,&quot;category&quot;:&quot;mon compte&quot;,&quot;from&quot;:&quot;article footer&quot;,&quot;name&quot;:&quot;Mon actu&quot;,&quot;type&quot;:&quot;cta&quot;}}\" target=\"_blank\">Mon Actu<\/a>.<\/p>\n","protected":false},"excerpt":{"rendered":"Par Briac Tr\u00e9bert Publi\u00e9 le 21 mai 2025 \u00e0 15h24 Des ruisseaux transform\u00e9s en torrents, des voitures emport\u00e9es,&hellip;\n","protected":false},"author":2,"featured_media":116963,"comment_status":"","ping_status":"","sticky":false,"template":"","format":"standard","meta":{"footnotes":""},"categories":[4],"tags":[11,1011,27,2487,2357,12,4594,4459,25],"class_list":{"0":"post-116962","1":"post","2":"type-post","3":"status-publish","4":"format-standard","5":"has-post-thumbnail","7":"category-france","8":"tag-actualites","9":"tag-fr","10":"tag-france","11":"tag-meteo","12":"tag-meteo-france","13":"tag-news","14":"tag-orages","15":"tag-pluie","16":"tag-republique-francaise"},"share_on_mastodon":{"url":"https:\/\/pubeurope.com\/@fr\/114546070311121744","error":""},"_links":{"self":[{"href":"https:\/\/www.europesays.com\/fr\/wp-json\/wp\/v2\/posts\/116962","targetHints":{"allow":["GET"]}}],"collection":[{"href":"https:\/\/www.europesays.com\/fr\/wp-json\/wp\/v2\/posts"}],"about":[{"href":"https:\/\/www.europesays.com\/fr\/wp-json\/wp\/v2\/types\/post"}],"author":[{"embeddable":true,"href":"https:\/\/www.europesays.com\/fr\/wp-json\/wp\/v2\/users\/2"}],"replies":[{"embeddable":true,"href":"https:\/\/www.europesays.com\/fr\/wp-json\/wp\/v2\/comments?post=116962"}],"version-history":[{"count":0,"href":"https:\/\/www.europesays.com\/fr\/wp-json\/wp\/v2\/posts\/116962\/revisions"}],"wp:featuredmedia":[{"embeddable":true,"href":"https:\/\/www.europesays.com\/fr\/wp-json\/wp\/v2\/media\/116963"}],"wp:attachment":[{"href":"https:\/\/www.europesays.com\/fr\/wp-json\/wp\/v2\/media?parent=116962"}],"wp:term":[{"taxonomy":"category","embeddable":true,"href":"https:\/\/www.europesays.com\/fr\/wp-json\/wp\/v2\/categories?post=116962"},{"taxonomy":"post_tag","embeddable":true,"href":"https:\/\/www.europesays.com\/fr\/wp-json\/wp\/v2\/tags?post=116962"}],"curies":[{"name":"wp","href":"https:\/\/api.w.org\/{rel}","templated":true}]}}