{"id":1169628,"date":"2026-09-05T21:29:16","date_gmt":"2026-09-05T21:29:16","guid":{"rendered":"https:\/\/www.europesays.com\/fr\/1169628\/"},"modified":"2026-09-05T21:29:16","modified_gmt":"2026-09-05T21:29:16","slug":"junior-mandza-confirme-les-promesses-les-notes-des-joueurs-de-logc-nice-face-au-mans-1-1","status":"publish","type":"post","link":"https:\/\/www.europesays.com\/fr\/1169628\/","title":{"rendered":"Junior Mandza confirme les promesses : les notes des joueurs de l\u2019OGC Nice face au Mans (1-1)"},"content":{"rendered":"<p><strong>Diouf (4)\u00a0:<\/strong> battu de loin par Bourabaa, il peut remercier Mafouta, qui l\u2019avait devanc\u00e9, d\u2019avoir manqu\u00e9 l\u2019immanquable en fin de match. Hormis cela, il a eu tr\u00e8s peu d\u2019interventions \u00e0 faire.<\/p>\n<p><strong>Abdelmonem (6)\u00a0:<\/strong> pris de vitesse d\u00e8s la 2e minute, il a rectifi\u00e9 le tir ensuite pour livrer une tr\u00e8s belle copie, dans la lign\u00e9e de son retour r\u00e9ussi chez le Paris FC. Costaud sur l\u2019homme et propre \u00e0 la relance.<\/p>\n<p><strong>Ndayishimiye (3)\u00a0<\/strong>: d\u00e9j\u00e0 fautif sur l\u2019ouverture du score adverse le week-end pass\u00e9, il a r\u00e9cidiv\u00e9 avec une mauvaise relance puis en se jetant trop facilement sur Bourabaa. Et il n\u2019a pas \u00e9t\u00e9 loin de pr\u00e9cipiter la d\u00e9faite du Gym en fin de match\u2026 C\u2019est trop pour un joueur cens\u00e9 \u00eatre le cadre de la d\u00e9fense.<\/p>\n<p class=\"fs-5 \"><strong>Mandza (6)\u00a0:<\/strong> il a encore d\u00e9gag\u00e9 une dr\u00f4le d\u2019assurance du haut de ses 17\u00a0ans. S\u2019il doit veiller \u00e0 ne pas jouer \u00ab\u00a0trop facile\u00a0\u00bb, il a stopp\u00e9 plusieurs situations de contres mancelles par ses couvertures et sa lecture du jeu. Polyvalent, il a \u00e9galement assur\u00e9 apr\u00e8s son replacement au milieu.<\/p>\n<p class=\"fs-5 \"><strong>Clauss (6)\u00a0:<\/strong> il a r\u00e9gl\u00e9 la mire sur ses centres par rapport \u00e0 sa pr\u00e9c\u00e9dente sortie, beaucoup moins sur ses coups de pied arr\u00eat\u00e9s. Le jeu a encore pench\u00e9 \u00e0 droite et son activit\u00e9, comme sa bonne relation avec Ngoumou n\u2019y sont pas \u00e9trang\u00e8res. Il a failli magnifier son match satisfaisant par un but mais sa demi-vol\u00e9e n\u2019a pas fait mouche. Remplac\u00e9 par <strong>A. Camara<\/strong> (85\u2019), qui a fait ses d\u00e9buts en pro.<\/p>\n<p class=\"fs-5 \"><strong>Coulibaly (5)\u00a0:<\/strong> une ou deux pertes de balles dangereuses mais globalement peu de d\u00e9chet dans son jeu. On aimerait le voir moins timide offensivement, \u00e0 l\u2019image de sa tentative de frappe lointaine en deuxi\u00e8me mi-temps. Chaque minute engrang\u00e9e est de l\u2019exp\u00e9rience en plus.<\/p>\n<p class=\"fs-5 \"><strong>Witsel (4)\u00a0:<\/strong> en difficult\u00e9 pour gagner les ballons (17\u00a0% de duels gagn\u00e9s seulement), il a globalement \u00e9t\u00e9 tr\u00e8s neutre. Il a tent\u00e9 sa chance dans le camp manceau, sans r\u00e9ussite avec une t\u00eate au-dessus et une frappe trop crois\u00e9e. Remplac\u00e9 par <strong>Mendy<\/strong> (73\u2019).<\/p>\n<p class=\"fs-5 \"><strong>Nkounkou (4)\u00a0:<\/strong> arriv\u00e9 mardi et d\u00e9j\u00e0 titulaire, il a logiquement eu besoin de temps pour prendre ses marques. Il n\u2019a pas toujours bien senti les coups, d\u00e9fensivement comme offensivement, mais il a \u00e9t\u00e9 globalement s\u00e9rieux dans le repli. Remplac\u00e9 par <strong>Abdi<\/strong> (73\u2019), pour ses premi\u00e8res minutes depuis son op\u00e9ration.<\/p>\n<p class=\"fs-5 \"><strong>Ngoumou (5)\u00a0:<\/strong> en difficult\u00e9 en 9\u00a0\u00e0 Paris, il s\u2019est beaucoup plus montr\u00e9 sur le couloir droit. Il a fait \u00e9talage de sa pointe de vitesse, mais surtout de son intelligence en privil\u00e9giant la premi\u00e8re intention quand le jeu le r\u00e9clamait. Combatif et victime de crampes, il a c\u00e9d\u00e9 sa place \u00e0 <strong>Amoura<\/strong> (65\u2019), auteur\u00a0de d\u00e9buts int\u00e9ressants malgr\u00e9 quelques passes rat\u00e9es dangereuses.<\/p>\n<p class=\"fs-5 \"><strong>Wahi (7)\u00a0:<\/strong> il a renou\u00e9 le fil de sa belle histoire ni\u00e7oise avec un tr\u00e8s joli but, celui de l\u2019\u00e9galisation, pour sa premi\u00e8re titularisation. A c\u00f4t\u00e9 de \u00e7a, il s\u2019est battu comme un diable, malgr\u00e9 sa condition physique encore pr\u00e9caire.<\/p>\n<p class=\"fs-5 \"><strong>Diop (4)\u00a0:<\/strong> trop tendre ou en retard, il a perdu trop de duels et son match a manqu\u00e9 de tranchant et de d\u00e9termination. C\u2019est dommage car il a \u00e9t\u00e9 int\u00e9ressant d\u00e8s qu\u2019il a arr\u00eat\u00e9 de se cacher, \u00e0 l\u2019image de sa passe pour Wahi sur l\u2019ouverture du score. Il est sorti sous les sifflets de l\u2019Allianz, remplac\u00e9 par <strong>Hein<\/strong> (65\u2019)<\/p>\n<p class=\"fs-5 \"><strong>Coach (5)\u00a0:<\/strong> son choix de titulariser Wahi a \u00e9t\u00e9 payant, et on a vu des progr\u00e8s dans le jeu, mais son \u00e9quipe a trop souffert en deuxi\u00e8me mi-temps.<\/p>\n<p class=\"fs-5 \"><strong>Match : 6<\/strong><\/p>\n<p class=\"fs-5 \"><strong>Arbitre : 5<\/strong><\/p>\n","protected":false},"excerpt":{"rendered":"Diouf (4)\u00a0: battu de loin par Bourabaa, il peut remercier Mafouta, qui l\u2019avait devanc\u00e9, d\u2019avoir manqu\u00e9 l\u2019immanquable en&hellip;\n","protected":false},"author":2,"featured_media":1169629,"comment_status":"","ping_status":"","sticky":false,"template":"","format":"standard","meta":{"footnotes":"","_share_on_mastodon":"0"},"categories":[2819],"tags":[1111,11,1777,674,1011,27,12,2401,54521,882,25],"class_list":["post-1169628","post","type-post","status-publish","format-standard","has-post-thumbnail","category-nice","tag-actu","tag-actualites","tag-eu","tag-europe","tag-fr","tag-france","tag-news","tag-nice","tag-ogcnice","tag-provence-alpes-cote-dazur","tag-republique-francaise"],"share_on_mastodon":{"url":"https:\/\/pubeurope.com\/@fr\/117220564652783090","error":""},"_links":{"self":[{"href":"https:\/\/www.europesays.com\/fr\/wp-json\/wp\/v2\/posts\/1169628","targetHints":{"allow":["GET"]}}],"collection":[{"href":"https:\/\/www.europesays.com\/fr\/wp-json\/wp\/v2\/posts"}],"about":[{"href":"https:\/\/www.europesays.com\/fr\/wp-json\/wp\/v2\/types\/post"}],"author":[{"embeddable":true,"href":"https:\/\/www.europesays.com\/fr\/wp-json\/wp\/v2\/users\/2"}],"replies":[{"embeddable":true,"href":"https:\/\/www.europesays.com\/fr\/wp-json\/wp\/v2\/comments?post=1169628"}],"version-history":[{"count":0,"href":"https:\/\/www.europesays.com\/fr\/wp-json\/wp\/v2\/posts\/1169628\/revisions"}],"wp:featuredmedia":[{"embeddable":true,"href":"https:\/\/www.europesays.com\/fr\/wp-json\/wp\/v2\/media\/1169629"}],"wp:attachment":[{"href":"https:\/\/www.europesays.com\/fr\/wp-json\/wp\/v2\/media?parent=1169628"}],"wp:term":[{"taxonomy":"category","embeddable":true,"href":"https:\/\/www.europesays.com\/fr\/wp-json\/wp\/v2\/categories?post=1169628"},{"taxonomy":"post_tag","embeddable":true,"href":"https:\/\/www.europesays.com\/fr\/wp-json\/wp\/v2\/tags?post=1169628"}],"curies":[{"name":"wp","href":"https:\/\/api.w.org\/{rel}","templated":true}]}}