{"id":1169646,"date":"2026-09-05T21:40:17","date_gmt":"2026-09-05T21:40:17","guid":{"rendered":"https:\/\/www.europesays.com\/fr\/1169646\/"},"modified":"2026-09-05T21:40:17","modified_gmt":"2026-09-05T21:40:17","slug":"celine-dion-croit-en-ce-quelle-chante-le-compositeur-marseillais-erick-benzi-decrypte-la-star","status":"publish","type":"post","link":"https:\/\/www.europesays.com\/fr\/1169646\/","title":{"rendered":"\u00ab\u00a0C\u00e9line Dion croit en ce qu&rsquo;elle chante\u00a0\u00bb : le compositeur marseillais Erick Benzi d\u00e9crypte la star"},"content":{"rendered":"<p>Au milieu de la foule, \u00e0 la Plenitude Arena de Nanterre, il ne sera pas un spectateur comme un autre. En assistant au <a href=\"https:\/\/www.laprovence.com\/article\/culture-loisirs\/1806258980735\/celine-dion-prolonge-son-retour-triomphal-a-paris-10-concerts-exceptionnels-en-mai-2027\" target=\"_self\" rel=\"nofollow noopener\">show de C\u00e9line Dion<\/a>, Erick Benzi revivra aussi de longs moments pass\u00e9s en commun avec celle qui, tout l\u00e0-bas, illuminera la sc\u00e8ne. La soir\u00e9e ravivera les reflets d\u2019une complicit\u00e9 artistique et amicale dont la source remonte \u00e0\u00a01994, ann\u00e9e o\u00f9 <a href=\"https:\/\/www.laprovence.com\/article\/culture-loisirs\/1126032772614615\/les-plus-grands-tubes-de-jean-jacques-goldman-ont-fait-danser-le-public-nombreux-du-parc-de-drouille-a-manosque\" target=\"_self\" rel=\"nofollow noopener\">Jean-Jacques Goldman<\/a> a enregistr\u00e9 D\u2019eux, un album \u00e9crit et compos\u00e9 sur mesure pour la chanteuse qu\u00e9b\u00e9coise qui n\u2019avait pas encore une stature d\u2019\u00e9toile.<\/p>\n<p>\u00c0 cette \u00e9poque, il y a quelques ann\u00e9es d\u00e9j\u00e0 que Benzi est l\u2019arrangeur patent\u00e9 de \u00ab\u00a0JJG\u00a0\u00bb. Naturellement, ce dernier fait de nouveau appel \u00e0 lui pour ce projet. \u00ab\u00a0Quand j\u2019ai commenc\u00e9 \u00e0 travailler sur les maquettes de Jean-Jacques sans avoir encore rencontr\u00e9 C\u00e9line, resitue le Marseillais qui a \u00e9t\u00e9 auteur et compositeur d\u2019un titre (Cherche encore) dans cet opus, j\u2019ai tout de suite su qu\u2019avec une telle voix, \u00e7a fonctionnerait.\u00a0\u00bb<\/p>\n<p>Vient le temps d\u2019un enregistrement en tout petit comit\u00e9 dans les locaux de Mega (devenu Twins), un studio sans clinquant \u00e0 La\u00a0Muette, \u00e0 Paris. L\u00e0, en plus du groupe L\u2019Affaire Louis&rsquo; Trio occupant une autre cabine et de l\u2019ing\u00e9nieur son, seuls se retrouvent Goldman, &#8230;<\/p>\n","protected":false},"excerpt":{"rendered":"Au milieu de la foule, \u00e0 la Plenitude Arena de Nanterre, il ne sera pas un spectateur comme&hellip;\n","protected":false},"author":2,"featured_media":1169647,"comment_status":"","ping_status":"","sticky":false,"template":"","format":"standard","meta":{"footnotes":"","_share_on_mastodon":"0"},"categories":[2814],"tags":[5734,1111,11,6859,41746,20683,16071,6860,1777,674,1011,27,761,884,12,882,3837,16,25],"class_list":["post-1169646","post","type-post","status-publish","format-standard","has-post-thumbnail","category-marseille","tag-5734","tag-actu","tag-actualites","tag-celine","tag-chante","tag-compositeur","tag-croit","tag-dion","tag-eu","tag-europe","tag-fr","tag-france","tag-marseillais","tag-marseille","tag-news","tag-provence-alpes-cote-dazur","tag-quelle","tag-region","tag-republique-francaise"],"share_on_mastodon":{"url":"https:\/\/pubeurope.com\/@fr\/117220607676470305","error":""},"_links":{"self":[{"href":"https:\/\/www.europesays.com\/fr\/wp-json\/wp\/v2\/posts\/1169646","targetHints":{"allow":["GET"]}}],"collection":[{"href":"https:\/\/www.europesays.com\/fr\/wp-json\/wp\/v2\/posts"}],"about":[{"href":"https:\/\/www.europesays.com\/fr\/wp-json\/wp\/v2\/types\/post"}],"author":[{"embeddable":true,"href":"https:\/\/www.europesays.com\/fr\/wp-json\/wp\/v2\/users\/2"}],"replies":[{"embeddable":true,"href":"https:\/\/www.europesays.com\/fr\/wp-json\/wp\/v2\/comments?post=1169646"}],"version-history":[{"count":0,"href":"https:\/\/www.europesays.com\/fr\/wp-json\/wp\/v2\/posts\/1169646\/revisions"}],"wp:featuredmedia":[{"embeddable":true,"href":"https:\/\/www.europesays.com\/fr\/wp-json\/wp\/v2\/media\/1169647"}],"wp:attachment":[{"href":"https:\/\/www.europesays.com\/fr\/wp-json\/wp\/v2\/media?parent=1169646"}],"wp:term":[{"taxonomy":"category","embeddable":true,"href":"https:\/\/www.europesays.com\/fr\/wp-json\/wp\/v2\/categories?post=1169646"},{"taxonomy":"post_tag","embeddable":true,"href":"https:\/\/www.europesays.com\/fr\/wp-json\/wp\/v2\/tags?post=1169646"}],"curies":[{"name":"wp","href":"https:\/\/api.w.org\/{rel}","templated":true}]}}