{"id":1169648,"date":"2026-09-05T21:41:22","date_gmt":"2026-09-05T21:41:22","guid":{"rendered":"https:\/\/www.europesays.com\/fr\/1169648\/"},"modified":"2026-09-05T21:41:22","modified_gmt":"2026-09-05T21:41:22","slug":"n2-masculine-marseille-corrige-par-la-jeunesse-istreenne","status":"publish","type":"post","link":"https:\/\/www.europesays.com\/fr\/1169648\/","title":{"rendered":"N2 masculine : Marseille corrig\u00e9 par la jeunesse istr\u00e9enne"},"content":{"rendered":"<p>18\u00a0ans et demi de moyenne d&rsquo;\u00e2ge, 20\u00a0ans pour le plus vieux&#8230; et pourtant, les jeunes Istr\u00e9ens ont fait vaciller l&rsquo;un des favoris du championnat bien plus exp\u00e9riment\u00e9 autour des tours de contr\u00f4le Tobal-Dentz lors de cette premi\u00e8re journ\u00e9e.<\/p>\n<p>Plus qu&rsquo;une d\u00e9faite, cela ressemble \u00e0 une petite correction pour une \u00e9quipe qui n&rsquo;a pas fait les efforts ensemble pour r\u00e9sister \u00e0 des espoirs istr\u00e9ens sans complexe. Tout le contraire des joueurs du Marseillais \u00ab\u00a0Mika\u00a0\u00bb Keller qui ont propos\u00e9 une belle copie. \u00ab\u00a0Ce sont presque des enfants encore, mais ils ont bien fait les choses. Ils ont respect\u00e9 tout ce que nous avions mis en place depuis le mois d&rsquo;ao\u00fbt.\u00a0\u00bb<\/p>\n<p>Un r\u00f4le de jeunes aux dents longues qu&rsquo;ont connu les Tobal, Dentz ou Maligue en leur temps pour ne citer qu&rsquo;eux.<\/p>\n<p>D\u00e9j\u00e0 battus en coupe de France la semaine derni\u00e8re par une \u00e9quipe de N3, <a href=\"https:\/\/www.laprovence.com\/article\/sports\/48312500431005\/handball-n2-masculine-en-cette-nouvelle-saison-les-marseillais-veulent-cette-fois-y-croire\" target=\"_self\" rel=\"nofollow noopener\">les Marseillais <\/a>ont sombr\u00e9 \u00e0 trois minutes de la fin de la premi\u00e8re p\u00e9riode (17-17 puis 21-17, 31). Ce fut le d\u00e9but de la fin. La d\u00e9fense \u00e9tag\u00e9e propos\u00e9e par les espoirs istr\u00e9ens a fait des d\u00e9g\u00e2ts. Les pertes de balle se sont encha\u00een\u00e9es dans les rangs marseillais si bien que l&rsquo;avance istr\u00e9enne a atteint les neuf buts (33-24). La r\u00e9action phoc\u00e9enne \u00e9tait bien trop tardive avec comme un symbole, la barre des 40 buts a \u00e9t\u00e9 atteinte avant le coup de sifflet final.<\/p>\n<p>Istres 40 &#8211; Marseille Provence 32 <br \/>Gymnase Bardin. Mi-temps\u00a0: 20-17. Arbitres\u00a0: MM. A.\u00a0et B. Ville Marseille Provence &#8211; gardiens\u00a0: Maligue (7 arr\u00eats dont 1\/4 pen.), Brebant (1 arr\u00eat). Les joueurs\u00a0: Maurel (5\/7), Ramognino (cap., 2\/4), Bertrand (1\/2), Chastrusse (2\/3), Porte, Malfondet (2\/3), Hulot (2\/4), Dentz (8\/10 dont 5\/6 pen.), Noyer (5\/8 dont 1\/2 pen.), Quintin (2\/2), Tobal (3\/5). Entra\u00eeneur\u00a0: Scott Parent.<\/p>\n<p>Istres &#8211; gardiens : Iannone (10 arr\u00eats dont 1\/5 pen.), Hernandez (0\/2 pen.). Les joueurs: Marcais (cap., 4\/7), Mizouni (4\/4), Vergne, Desbuissons (4\/5), Audemar (3\/4), Bogusevicius (4\/5), Xitra (0\/1), Layemar (2\/3), Reynet (7\/8),\u00a0 Tissier (6\/9 dont 2\/2 pen.), Carlier (3\/3), El Ahmad (2\/3). Entra\u00eeneur : Micha\u00ebl Keller.<\/p>\n","protected":false},"excerpt":{"rendered":"18\u00a0ans et demi de moyenne d&rsquo;\u00e2ge, 20\u00a0ans pour le plus vieux&#8230; et pourtant, les jeunes Istr\u00e9ens ont fait&hellip;\n","protected":false},"author":2,"featured_media":1169649,"comment_status":"","ping_status":"","sticky":false,"template":"","format":"standard","meta":{"footnotes":"","_share_on_mastodon":"0"},"categories":[2814],"tags":[5734,1111,11,77796,1777,674,1011,27,1792,98129,4075,884,1774,12,5912,882,25,60],"class_list":["post-1169648","post","type-post","status-publish","format-standard","has-post-thumbnail","category-marseille","tag-5734","tag-actu","tag-actualites","tag-corrige","tag-eu","tag-europe","tag-fr","tag-france","tag-handball","tag-istreenne","tag-jeunesse","tag-marseille","tag-masculine","tag-news","tag-par","tag-provence-alpes-cote-dazur","tag-republique-francaise","tag-sports"],"share_on_mastodon":{"url":"https:\/\/pubeurope.com\/@fr\/117220611744008902","error":""},"_links":{"self":[{"href":"https:\/\/www.europesays.com\/fr\/wp-json\/wp\/v2\/posts\/1169648","targetHints":{"allow":["GET"]}}],"collection":[{"href":"https:\/\/www.europesays.com\/fr\/wp-json\/wp\/v2\/posts"}],"about":[{"href":"https:\/\/www.europesays.com\/fr\/wp-json\/wp\/v2\/types\/post"}],"author":[{"embeddable":true,"href":"https:\/\/www.europesays.com\/fr\/wp-json\/wp\/v2\/users\/2"}],"replies":[{"embeddable":true,"href":"https:\/\/www.europesays.com\/fr\/wp-json\/wp\/v2\/comments?post=1169648"}],"version-history":[{"count":0,"href":"https:\/\/www.europesays.com\/fr\/wp-json\/wp\/v2\/posts\/1169648\/revisions"}],"wp:featuredmedia":[{"embeddable":true,"href":"https:\/\/www.europesays.com\/fr\/wp-json\/wp\/v2\/media\/1169649"}],"wp:attachment":[{"href":"https:\/\/www.europesays.com\/fr\/wp-json\/wp\/v2\/media?parent=1169648"}],"wp:term":[{"taxonomy":"category","embeddable":true,"href":"https:\/\/www.europesays.com\/fr\/wp-json\/wp\/v2\/categories?post=1169648"},{"taxonomy":"post_tag","embeddable":true,"href":"https:\/\/www.europesays.com\/fr\/wp-json\/wp\/v2\/tags?post=1169648"}],"curies":[{"name":"wp","href":"https:\/\/api.w.org\/{rel}","templated":true}]}}