{"id":1169656,"date":"2026-09-05T21:47:36","date_gmt":"2026-09-05T21:47:36","guid":{"rendered":"https:\/\/www.europesays.com\/fr\/1169656\/"},"modified":"2026-09-05T21:47:36","modified_gmt":"2026-09-05T21:47:36","slug":"alpine-paris-major-les-francais-prets-au-defi","status":"publish","type":"post","link":"https:\/\/www.europesays.com\/fr\/1169656\/","title":{"rendered":"Alpine Paris Major\u00a0: les Fran\u00e7ais pr\u00eats au d\u00e9fi"},"content":{"rendered":"<p class=\"mb-8 text-xl font-bold text-grey-800\">Pour la cinqui\u00e8me ann\u00e9e cons\u00e9cutive, le stade Roland-Garros accueille le plus grand tournoi de padel fran\u00e7ais. \u00c0 partir de ce dimanche, l\u2019enceinte de la Porte d\u2019Auteuil va rev\u00eatir les couleurs de la discipline. Quant aux meilleures paires fran\u00e7aises, c\u2019est \u00e0 partir de lundi 7 septembre qu\u2019elles feront leur entr\u00e9e en lice dans le tableau principal. Ce samedi, elles ont pu d\u00e9couvrir l\u2019identit\u00e9 de leur premier adversaire.<\/p>\n<p class=\"mb-8 text-lg font-normal text-grey-800 md:text-xl\">Dans le tableau f\u00e9minin, la n\u00b01 tricolore, <strong class=\"text-lg font-bold text-primary md:text-xl\">Alix Collombon <\/strong>\u2013 associ\u00e9e \u00e0 Ksenia Sharifova \u2013 affrontera les Espagnoles Marta Arellano et Marina Lobo. <strong class=\"text-lg font-bold text-primary md:text-xl\">L\u00e9a Godallier <\/strong>\u2013 49e joueuse mondiale \u2013 et l\u2019Argentine Daiara Valenzuela seront quant \u00e0 elles oppos\u00e9e \u00e0 une paire r\u00e9cemment associ\u00e9e, Marta Borrero et Teresa Navarro.<\/p>\n<p class=\"mb-8 text-lg font-normal text-grey-800 md:text-xl\">Les deux derni\u00e8res Fran\u00e7aises en lice, <strong class=\"text-lg font-bold text-primary md:text-xl\">Louise Bahurel<\/strong> et <strong class=\"text-lg font-bold text-primary md:text-xl\">Carla Touly<\/strong> b\u00e9n\u00e9ficient toutes les deux d\u2019une invitation de la part de la FFT avec leur co\u00e9quipi\u00e8re respective, Ivet Val Lopez et Xenia Clasca Vidiella. Pour ce premier tour, les premi\u00e8res d\u00e9fieront une paire qualifi\u00e9e et les secondes seront oppos\u00e9es \u00e0 Julia Polo Bautista et Monica Gomez.<\/p>\n<p class=\"mb-8 text-lg font-normal text-grey-800 md:text-xl\"><a target=\"_blank\" class=\"mb-8 text-lg font-bold text-secondary underline md:text-xl\" rel=\"noreferrer nofollow noopener\" href=\"https:\/\/www.parispadelmajor.com\/fr\/page\/draw\">Retrouvez le tableau f\u00e9minin complet sur le site officiel<\/a><\/p>\n<p class=\"mb-8 text-lg font-normal text-grey-800 md:text-xl\">Dans le tableau masculin, le tirage a \u00e9t\u00e9 cl\u00e9ment pour les trois paires invit\u00e9es. N\u00b01 fran\u00e7ais et habitu\u00e9 des grands tableaux sur le circuit Premier Padel, <strong class=\"text-lg font-bold text-primary md:text-xl\">Dylan Guichard<\/strong> (et son co\u00e9quipier Belge Cl\u00e9ment Geens) tenteront de faire d\u00e9jouer les Espagnols Santiago Pineda et Javier Ruiz.<\/p>\n<p class=\"mb-8 text-lg font-normal text-grey-800 md:text-xl\">Le jeune <strong class=\"text-lg font-bold text-primary md:text-xl\">Tim\u00e9o Fonteny<\/strong> et son partenaire Nacho Moragues, se mesureront \u00e0 Alvaro Melendez et Jose Luis Gonzalez, une paire espagnole exp\u00e9riment\u00e9e qui s\u2019est extrait des qualifications lors des P1 de Valence et de Madrid.<\/p>\n<p class=\"mb-8 text-lg font-normal text-grey-800 md:text-xl\">Quant \u00e0 <strong class=\"text-lg font-bold text-primary md:text-xl\">Yoan Boronad<\/strong> et <strong class=\"text-lg font-bold text-primary md:text-xl\">J\u00e9r\u00e9my Robert<\/strong>, ils sont dans l\u2019autre moiti\u00e9 de tableau. Pour ce match inaugural, ils seront oppos\u00e9s \u00e0 une paire toute r\u00e9cente, qui n\u2019a disput\u00e9 que le P1 de Madrid ensemble cette semaine, les Argentins Juan Ignacio Rubini et Ignacio Piotto.<\/p>\n<p class=\"mb-8 text-lg font-normal text-grey-800 md:text-xl\"><a target=\"_blank\" class=\"mb-8 text-lg font-bold text-secondary underline md:text-xl\" rel=\"noreferrer nofollow noopener\" href=\"https:\/\/www.parispadelmajor.com\/fr\/page\/draw\">Retrouvez le tableau masculin complet sur le site officiel<\/a><\/p>\n<p>Le programme de ce dimanche<\/p>\n<p class=\"mb-8 text-lg font-normal text-grey-800 md:text-xl\">Quatre Tricolores sont en lice pour ce premier tour des qualifications, <a target=\"_blank\" class=\"mb-8 text-lg font-bold text-secondary underline md:text-xl\" rel=\"noreferrer nofollow noopener\" href=\"https:\/\/www.parispadelmajor.com\/fr\/news\/articles\/padel-festival-dimanche-6-septembre-2026-animations-tennis-qualifications-exhibitions-chatrier-modalites-billets\">\u00e0 l\u2019occasion du Padel Festival<\/a>. Si la piste Philippe-Chatrier sera r\u00e9serv\u00e9e aux animations exceptionnelles pr\u00e9vues pour l\u2019occasion, les Bleus seront applaudis sur la piste Suzanne-Lenglen et la piste 7.<\/p>\n<p class=\"mb-8 text-lg font-normal text-grey-800 md:text-xl\"><strong class=\"text-lg font-bold text-primary md:text-xl\">Thomas Leygue <\/strong>et son partenaire Jesus Moya ouvriront le bal avec le statut de t\u00eate de s\u00e9rie n\u00b05 face \u00e0 Miguel Lamperti et Ferran Insa Sotillo (\u00e0 partir de 13h) et <strong class=\"text-lg font-bold text-primary md:text-xl\">Marie-Am\u00e9lie Dardaine<\/strong> et <strong class=\"text-lg font-bold text-primary md:text-xl\">Clara Mansart<\/strong> (wild-card) leur embo\u00eeteront le pas, contre les n\u00b02, Natividad Lopez et Aida Martinez.<\/p>\n<p class=\"mb-8 text-lg font-normal text-grey-800 md:text-xl\">Derni\u00e8re paire d\u00e9tentrice d\u2019une invitation, <strong class=\"text-lg font-bold text-primary md:text-xl\">Manuel Vives<\/strong> et le jeune <strong class=\"text-lg font-bold text-primary md:text-xl\">Olivier Guy de Chamisso<\/strong> sont programm\u00e9s en derni\u00e8re rotation sur la piste 7, pour clore une journ\u00e9e riche en spectacle et en animations.<\/p>\n<p class=\"mb-8 text-lg font-normal text-grey-800 md:text-xl\">Vous pourrez suivre tous les matchs pr\u00e9vus sur la piste Suzanne-Lenglen en direct, <a target=\"_blank\" class=\"mb-8 text-lg font-bold text-secondary underline md:text-xl\" rel=\"noreferrer nofollow noopener\" href=\"https:\/\/www.youtube.com\/live\/_GKI5XSy5Ic\">sur la cha\u00eene YouTube de Padel Magazine<\/a>.<\/p>\n","protected":false},"excerpt":{"rendered":"Pour la cinqui\u00e8me ann\u00e9e cons\u00e9cutive, le stade Roland-Garros accueille le plus grand tournoi de padel fran\u00e7ais. \u00c0 partir&hellip;\n","protected":false},"author":2,"featured_media":1169657,"comment_status":"","ping_status":"","sticky":false,"template":"","format":"standard","meta":{"footnotes":"","_share_on_mastodon":"0"},"categories":[1888],"tags":[1111,1928,11,1927,1777,674,1011,27,12,1926,626,1925,25],"class_list":["post-1169656","post","type-post","status-publish","format-standard","has-post-thumbnail","category-paris","tag-actu","tag-actu-paris","tag-actualites","tag-actualites-paris","tag-eu","tag-europe","tag-fr","tag-france","tag-news","tag-news-paris","tag-paris","tag-paris-news","tag-republique-francaise"],"share_on_mastodon":{"url":"https:\/\/pubeurope.com\/@fr\/117220635196845692","error":""},"_links":{"self":[{"href":"https:\/\/www.europesays.com\/fr\/wp-json\/wp\/v2\/posts\/1169656","targetHints":{"allow":["GET"]}}],"collection":[{"href":"https:\/\/www.europesays.com\/fr\/wp-json\/wp\/v2\/posts"}],"about":[{"href":"https:\/\/www.europesays.com\/fr\/wp-json\/wp\/v2\/types\/post"}],"author":[{"embeddable":true,"href":"https:\/\/www.europesays.com\/fr\/wp-json\/wp\/v2\/users\/2"}],"replies":[{"embeddable":true,"href":"https:\/\/www.europesays.com\/fr\/wp-json\/wp\/v2\/comments?post=1169656"}],"version-history":[{"count":0,"href":"https:\/\/www.europesays.com\/fr\/wp-json\/wp\/v2\/posts\/1169656\/revisions"}],"wp:featuredmedia":[{"embeddable":true,"href":"https:\/\/www.europesays.com\/fr\/wp-json\/wp\/v2\/media\/1169657"}],"wp:attachment":[{"href":"https:\/\/www.europesays.com\/fr\/wp-json\/wp\/v2\/media?parent=1169656"}],"wp:term":[{"taxonomy":"category","embeddable":true,"href":"https:\/\/www.europesays.com\/fr\/wp-json\/wp\/v2\/categories?post=1169656"},{"taxonomy":"post_tag","embeddable":true,"href":"https:\/\/www.europesays.com\/fr\/wp-json\/wp\/v2\/tags?post=1169656"}],"curies":[{"name":"wp","href":"https:\/\/api.w.org\/{rel}","templated":true}]}}