{"id":1169658,"date":"2026-09-05T21:49:14","date_gmt":"2026-09-05T21:49:14","guid":{"rendered":"https:\/\/www.europesays.com\/fr\/1169658\/"},"modified":"2026-09-05T21:49:14","modified_gmt":"2026-09-05T21:49:14","slug":"luis-tatoi-remporte-le-visa-dor-news-roger-therond-par-paris-match-2026","status":"publish","type":"post","link":"https:\/\/www.europesays.com\/fr\/1169658\/","title":{"rendered":"Luis Tatoi remporte le Visa d\u2019or News\u00a0Roger Th\u00e9rond\u00a0par\u00a0Paris Match 2026"},"content":{"rendered":"<p style=\"text-align: justify;\">Depuis 1989, le Festival international du photojournalisme Visa pour l\u2019Image Perpignan permet chaque ann\u00e9e de retracer l\u2019actualit\u00e9 de l\u2019ann\u00e9e \u00e9coul\u00e9e \u00e0 travers les diff\u00e9rents sujets et points de vue li\u00e9s aux faits de soci\u00e9t\u00e9, aux conflits, aux constats sur l\u2019\u00e9tat du monde.<\/p>\n<p style=\"text-align: justify;\">Au programme : expositions, soir\u00e9es de projection, tables rondes, ateliers, lectures de portfolios, semaines scolaires, rencontres avec les photographes, prix et bourses.<\/p>\n","protected":false},"excerpt":{"rendered":"Depuis 1989, le Festival international du photojournalisme Visa pour l\u2019Image Perpignan permet chaque ann\u00e9e de retracer l\u2019actualit\u00e9 de&hellip;\n","protected":false},"author":2,"featured_media":1169659,"comment_status":"","ping_status":"","sticky":false,"template":"","format":"standard","meta":{"footnotes":"","_share_on_mastodon":"0"},"categories":[1888],"tags":[1111,1928,11,1927,1777,674,1011,27,12,1926,626,1925,25],"class_list":["post-1169658","post","type-post","status-publish","format-standard","has-post-thumbnail","category-paris","tag-actu","tag-actu-paris","tag-actualites","tag-actualites-paris","tag-eu","tag-europe","tag-fr","tag-france","tag-news","tag-news-paris","tag-paris","tag-paris-news","tag-republique-francaise"],"share_on_mastodon":{"url":"https:\/\/pubeurope.com\/@fr\/117220643096818956","error":""},"_links":{"self":[{"href":"https:\/\/www.europesays.com\/fr\/wp-json\/wp\/v2\/posts\/1169658","targetHints":{"allow":["GET"]}}],"collection":[{"href":"https:\/\/www.europesays.com\/fr\/wp-json\/wp\/v2\/posts"}],"about":[{"href":"https:\/\/www.europesays.com\/fr\/wp-json\/wp\/v2\/types\/post"}],"author":[{"embeddable":true,"href":"https:\/\/www.europesays.com\/fr\/wp-json\/wp\/v2\/users\/2"}],"replies":[{"embeddable":true,"href":"https:\/\/www.europesays.com\/fr\/wp-json\/wp\/v2\/comments?post=1169658"}],"version-history":[{"count":0,"href":"https:\/\/www.europesays.com\/fr\/wp-json\/wp\/v2\/posts\/1169658\/revisions"}],"wp:featuredmedia":[{"embeddable":true,"href":"https:\/\/www.europesays.com\/fr\/wp-json\/wp\/v2\/media\/1169659"}],"wp:attachment":[{"href":"https:\/\/www.europesays.com\/fr\/wp-json\/wp\/v2\/media?parent=1169658"}],"wp:term":[{"taxonomy":"category","embeddable":true,"href":"https:\/\/www.europesays.com\/fr\/wp-json\/wp\/v2\/categories?post=1169658"},{"taxonomy":"post_tag","embeddable":true,"href":"https:\/\/www.europesays.com\/fr\/wp-json\/wp\/v2\/tags?post=1169658"}],"curies":[{"name":"wp","href":"https:\/\/api.w.org\/{rel}","templated":true}]}}