{"id":1169664,"date":"2026-09-05T21:53:21","date_gmt":"2026-09-05T21:53:21","guid":{"rendered":"https:\/\/www.europesays.com\/fr\/1169664\/"},"modified":"2026-09-05T21:53:21","modified_gmt":"2026-09-05T21:53:21","slug":"ma-campagne-de-russie-dantoine-perset-sur-les-traces-dun-geant-compte-rendu","status":"publish","type":"post","link":"https:\/\/www.europesays.com\/fr\/1169664\/","title":{"rendered":"\u00ab\u00a0Ma campagne de Russie\u00a0\u00bb d\u2019Antoine Perset \u2013 Sur les traces d\u2019un g\u00e9ant \u2013 Compte rendu"},"content":{"rendered":"<p>\u00a0<br \/>Une odyss\u00e9e charmeuse, \u00e9mouvante, et d\u2019autant plus surprenante qu\u2019elle gravite autour de Valery Gergiev, ogre de la baguette, g\u00e9nie fou dont la fid\u00e9lit\u00e9 \u00e0 Vladimir Poutine l\u2019a fait bannir des grandes sc\u00e8nes du monde, qu\u2019il avait marqu\u00e9es de son talent foudroyant, notamment \u00e0 Rotterdam. L\u2019histoire, \u00e9trange, est celle d\u2019une vraie amiti\u00e9 entretenue entre le maestro du Mariinsky, auquel il a redonn\u00e9 vie, et le vid\u00e9aste Antoine Perset, tomb\u00e9 sous le charme, mais sans \u00eatre dupe.<\/p>\n<p>Perset, qui a enregistr\u00e9 nombre de spectacles de danse et d\u2019op\u00e9ra, notamment pour celui de Paris, r\u00e9clam\u00e9 par le chef au Mariinsky en 2008, entame alors avec lui une aventure humaine et musicale incroyable, fond\u00e9e sur la confiance et bient\u00f4t\u00a0 l\u2019affection. Ainsi p\u00e9n\u00e8tre-t-il dans un monde \u00e9tranger au n\u00f4tre, o\u00f9 le cart\u00e9sianisme n\u2019a pas sa place, et dont Gergiev, avec ses extr\u00eames d\u2019Ivan ou de Boris, n\u2019est finalement que le reflet, agrandi bien s\u00fbr.<\/p>\n<p>\u00a0<\/p>\n<p><img loading=\"lazy\" decoding=\"async\" typeof=\"foaf:Image\" src=\"https:\/\/www.europesays.com\/fr\/wp-content\/uploads\/2026\/09\/20131128-29_valery_gergiev-9-photo_decca_marco_borggreve.jpg\" width=\"400\" height=\"250\" alt=\"\" title=\"\u00a9\u00a0Marco Borggreve\"\/><\/p>\n<p> \u00a9 Marco Borggreve<\/p>\n<p>\n<strong>Une ode aux jours enfuis<\/strong><br \/>\u00a0<br \/>Horaires d\u00e9ments, voyages farfelus, vers Vladikavkaz et Kazan, lacs gel\u00e9s, d\u00eeners nocturnes o\u00f9 l\u2019on roule sous la table, et c\u00f4toiement \u00e0 la fois grisant et \u00e9puisant d\u2019un g\u00e9nie assez solitaire, m\u00eame s\u2019il est un vrai dieu vivant pour la Russie, sans parler de l\u2019Oss\u00e9tie. Le r\u00e9cit entrem\u00eale finement ces folles randonn\u00e9es, ces changements de caps impr\u00e9visibles, avec un retour aux racines de l\u2019auteur, en Loz\u00e8re, o\u00f9 ses parents se passionnent pour ce qu\u2019il leur conte en courriers p\u00e9riodiques et rares visites. Jusqu\u2019\u00e0 ce que tout s\u2019arr\u00eate\u00a0: leur disparition, la guerre qui s\u2019approche. Et le livre s\u2019interrompt sur une vague de nostalgie, ode aux jours enfuis, \u00e0 la beaut\u00e9 bless\u00e9e, mais partag\u00e9e un long moment dans l\u2019ivresse d\u2019une musique cyclonique.<br \/>\u00a0<br \/><strong>Jacqueline Thuilleux<\/strong><br \/><strong>\u00a0(5\/09\/2026)<\/strong><\/p>\n<p><img loading=\"lazy\" decoding=\"async\" typeof=\"foaf:Image\" src=\"https:\/\/www.europesays.com\/fr\/wp-content\/uploads\/2025\/05\/logoccbreves_6.png\" width=\"80\" height=\"62\" alt=\"\"\/><\/p>\n<p>\nMa Campagne de Russie, d\u2019Antoine Perset. Editions du Cerf, 272 p.\/ 22 \u20ac<\/p>\n","protected":false},"excerpt":{"rendered":"\u00a0Une odyss\u00e9e charmeuse, \u00e9mouvante, et d\u2019autant plus surprenante qu\u2019elle gravite autour de Valery Gergiev, ogre de la baguette,&hellip;\n","protected":false},"author":2,"featured_media":1169665,"comment_status":"","ping_status":"","sticky":false,"template":"","format":"standard","meta":{"footnotes":"","_share_on_mastodon":"0"},"categories":[1591],"tags":[11,1887,12,1885,1886,132],"class_list":["post-1169664","post","type-post","status-publish","format-standard","has-post-thumbnail","category-russie","tag-actualites","tag-federation-de-russie","tag-news","tag-russia","tag-russian-federation","tag-russie"],"share_on_mastodon":{"url":"https:\/\/pubeurope.com\/@fr\/117220660753679985","error":""},"_links":{"self":[{"href":"https:\/\/www.europesays.com\/fr\/wp-json\/wp\/v2\/posts\/1169664","targetHints":{"allow":["GET"]}}],"collection":[{"href":"https:\/\/www.europesays.com\/fr\/wp-json\/wp\/v2\/posts"}],"about":[{"href":"https:\/\/www.europesays.com\/fr\/wp-json\/wp\/v2\/types\/post"}],"author":[{"embeddable":true,"href":"https:\/\/www.europesays.com\/fr\/wp-json\/wp\/v2\/users\/2"}],"replies":[{"embeddable":true,"href":"https:\/\/www.europesays.com\/fr\/wp-json\/wp\/v2\/comments?post=1169664"}],"version-history":[{"count":0,"href":"https:\/\/www.europesays.com\/fr\/wp-json\/wp\/v2\/posts\/1169664\/revisions"}],"wp:featuredmedia":[{"embeddable":true,"href":"https:\/\/www.europesays.com\/fr\/wp-json\/wp\/v2\/media\/1169665"}],"wp:attachment":[{"href":"https:\/\/www.europesays.com\/fr\/wp-json\/wp\/v2\/media?parent=1169664"}],"wp:term":[{"taxonomy":"category","embeddable":true,"href":"https:\/\/www.europesays.com\/fr\/wp-json\/wp\/v2\/categories?post=1169664"},{"taxonomy":"post_tag","embeddable":true,"href":"https:\/\/www.europesays.com\/fr\/wp-json\/wp\/v2\/tags?post=1169664"}],"curies":[{"name":"wp","href":"https:\/\/api.w.org\/{rel}","templated":true}]}}