{"id":116971,"date":"2025-05-21T13:37:11","date_gmt":"2025-05-21T13:37:11","guid":{"rendered":"https:\/\/www.europesays.com\/fr\/116971\/"},"modified":"2025-05-21T13:37:11","modified_gmt":"2025-05-21T13:37:11","slug":"en-video-la-reaction-de-rayan-cherki-apres-sa-premiere-convocation-avec-lequipe-de-france","status":"publish","type":"post","link":"https:\/\/www.europesays.com\/fr\/116971\/","title":{"rendered":"en vid\u00e9o, la r\u00e9action de Rayan Cherki apr\u00e8s sa premi\u00e8re convocation avec l\u2019\u00e9quipe de France"},"content":{"rendered":"<p>Ce mercredi, Didier Deschamps a d\u00e9voil\u00e9 sa liste pour le Final Four de la Ligue des nations. Rayan Cherki a \u00e9t\u00e9 convoqu\u00e9 pour la premi\u00e8re fois avec les A.<\/p>\n<p class=\"fig-paragraph\">Plus de doute. Dans l\u2019optique du Final Four (5 juin-8 juin) de la Ligue des nations o\u00f9\u00a0<a href=\"http:\/\/www.lefigaro.fr\/sports\/football\/ligue-des-nations\/ligue-des-nations-pourquoi-france-espagne-donne-deja-envie-d-etre-au-mois-de-juin-20250324\" data-fig-type=\"Article\" data-gtm-custom-categorie=\"navigation\" data-gtm-custom-action=\"crossclick\" data-gtm-custom-label=\"Contextuel\" data-gtm-event=\"customEventSPE\" data-fig-domain=\"LEFIGARO\" target=\"_blank\" rel=\"noopener\">les Bleus affronteront l\u2019Espagne<\/a>\u00a0le 5 juin prochain en demies,\u00a0<a href=\"http:\/\/www.lefigaro.fr\/sports\/football\/ligue-des-nations\/ligue-des-nations-rayan-cherki-dans-le-groupe-elargi-de-didier-deschamps-20250521\" data-fig-type=\"NewsFlash\" data-gtm-custom-categorie=\"navigation\" data-gtm-custom-action=\"crossclick\" data-gtm-custom-label=\"Contextuel\" data-gtm-event=\"customEventSPE\" data-fig-domain=\"LEFIGARO\" target=\"_blank\" rel=\"noopener\">Didier Deschamps a convoqu\u00e9 Rayan Cherki<\/a>\u00a0pour la premi\u00e8re fois.<\/p>\n<p class=\"fig-paragraph\">Le joueur de 21 ans aura v\u00e9cu une semaine riche en \u00e9motions. D\u2019abord lundi,\u00a0<a href=\"http:\/\/www.lefigaro.fr\/sports\/football\/ligue-1\/ligue-1-rayan-cherki-publie-une-video-d-adieu-et-officialise-son-depart-de-l-ol-20250519\" data-fig-type=\"NewsFlash\" data-gtm-custom-categorie=\"navigation\" data-gtm-custom-action=\"crossclick\" data-gtm-custom-label=\"Contextuel\" data-gtm-event=\"customEventSPE\" data-fig-domain=\"LEFIGARO\" target=\"_blank\" rel=\"noopener\">o\u00f9 il a officialis\u00e9 la fin de l\u2019aventure avec son club de toujours<\/a>, l\u2019Olympique Lyonnais, puis ce mercredi, avec sa premi\u00e8re convocation chez les A. Lorsque son nom est sorti de la bouche du s\u00e9lectionneur, un sourire s\u2019est esquiss\u00e9 sur le visage du prodige fran\u00e7ais, comme nous pouvons le voir dans une vid\u00e9o post\u00e9e sur les r\u00e9seaux sociaux de l\u2019Olympique Lyonnais.<\/p>\n<p class=\"fig-paragraph\">\u00c0 21 ans, Rayan Cherki va donc d\u00e9couvrir le groupe A, apr\u00e8s avoir disput\u00e9 23 rencontres avec les Espoirs et 8 avec le groupe olympique, o\u00f9 il a \u00e9t\u00e9 m\u00e9daill\u00e9 d\u2019argent. \u00abLe d\u00e9but d\u2019une belle aventure\u00bb, comme le d\u00e9crit si bien Cherki dans la vid\u00e9o.<\/p>\n","protected":false},"excerpt":{"rendered":"Ce mercredi, Didier Deschamps a d\u00e9voil\u00e9 sa liste pour le Final Four de la Ligue des nations. Rayan&hellip;\n","protected":false},"author":2,"featured_media":116972,"comment_status":"","ping_status":"","sticky":false,"template":"","format":"standard","meta":{"footnotes":""},"categories":[1412],"tags":[672,828,525,8976,20532,64,123,1451,1452,1453,1454,1455,1011,27,3022,23733,955,23734,6996,3280,1980,60,455],"class_list":{"0":"post-116971","1":"post","2":"type-post","3":"status-publish","4":"format-standard","5":"has-post-thumbnail","7":"category-f1","8":"tag-allemagne","9":"tag-belgique","10":"tag-calendrier","11":"tag-classements","12":"tag-didier-deschamps","13":"tag-equipe-de-france","14":"tag-espagne","15":"tag-f1","16":"tag-formula-1","17":"tag-formula1","18":"tag-formule-1","19":"tag-formule1","20":"tag-fr","21":"tag-france","22":"tag-ligue","23":"tag-ligue-des-nations","24":"tag-match","25":"tag-match-en-direct","26":"tag-portugal","27":"tag-rayan-cherki","28":"tag-resultats","29":"tag-sports","30":"tag-uefa"},"share_on_mastodon":{"url":"https:\/\/pubeurope.com\/@fr\/114546097750657874","error":""},"_links":{"self":[{"href":"https:\/\/www.europesays.com\/fr\/wp-json\/wp\/v2\/posts\/116971","targetHints":{"allow":["GET"]}}],"collection":[{"href":"https:\/\/www.europesays.com\/fr\/wp-json\/wp\/v2\/posts"}],"about":[{"href":"https:\/\/www.europesays.com\/fr\/wp-json\/wp\/v2\/types\/post"}],"author":[{"embeddable":true,"href":"https:\/\/www.europesays.com\/fr\/wp-json\/wp\/v2\/users\/2"}],"replies":[{"embeddable":true,"href":"https:\/\/www.europesays.com\/fr\/wp-json\/wp\/v2\/comments?post=116971"}],"version-history":[{"count":0,"href":"https:\/\/www.europesays.com\/fr\/wp-json\/wp\/v2\/posts\/116971\/revisions"}],"wp:featuredmedia":[{"embeddable":true,"href":"https:\/\/www.europesays.com\/fr\/wp-json\/wp\/v2\/media\/116972"}],"wp:attachment":[{"href":"https:\/\/www.europesays.com\/fr\/wp-json\/wp\/v2\/media?parent=116971"}],"wp:term":[{"taxonomy":"category","embeddable":true,"href":"https:\/\/www.europesays.com\/fr\/wp-json\/wp\/v2\/categories?post=116971"},{"taxonomy":"post_tag","embeddable":true,"href":"https:\/\/www.europesays.com\/fr\/wp-json\/wp\/v2\/tags?post=116971"}],"curies":[{"name":"wp","href":"https:\/\/api.w.org\/{rel}","templated":true}]}}