{"id":1169714,"date":"2026-09-05T22:26:18","date_gmt":"2026-09-05T22:26:18","guid":{"rendered":"https:\/\/www.europesays.com\/fr\/1169714\/"},"modified":"2026-09-05T22:26:18","modified_gmt":"2026-09-05T22:26:18","slug":"les-temperatures-vont-seffondrer-jusqua-15c-en-moins-en-48h-ces-regions-ou-la-chute-va-etre-la-plus-brutale","status":"publish","type":"post","link":"https:\/\/www.europesays.com\/fr\/1169714\/","title":{"rendered":"\u00ab\u00a0Les temp\u00e9ratures vont s&rsquo;effondrer\u00a0\u00bb : jusqu&rsquo;\u00e0 15\u00b0C en moins en 48h, ces r\u00e9gions o\u00f9 la chute va \u00eatre la plus brutale"},"content":{"rendered":"<p>                    Par<br \/>\n        <strong><br \/>\n            <a href=\"https:\/\/actu.fr\/auteur\/timotheelangevin\" title=\"Consulter tous les articles de Timoth\u00e9e L&#039;Angevin\" rel=\"nofollow noopener\" target=\"_blank\">Timoth\u00e9e L&rsquo;Angevin<\/a><br \/>\n                    <\/strong><\/p>\n<p>        Publi\u00e9 le<\/p>\n<p>            5 sept. 2026 \u00e0 21h05        <\/p>\n<p style=\"max-width: 100%; box-sizing: border-box;\">De<a href=\"https:\/\/actu.fr\/tag\/canicule\" rel=\"nofollow noopener\" target=\"_blank\"> l\u2019\u00e9t\u00e9 caniculaire<\/a> \u00e0 <a href=\"https:\/\/actu.fr\/tag\/pluie\" rel=\"nofollow noopener\" target=\"_blank\">l\u2019automne<\/a> en quelques heures. Alors que les <a style=\"max-width: 100%; box-sizing: border-box;\" href=\"https:\/\/actu.fr\/meteo\/jusqu-a-41-c-la-canicule-s-intensifie-ce-dimanche-la-vigilance-orange-maintenue-voici-ou-il-fera-le-plus-chaud_64751966.html\" rel=\"nofollow noopener\" target=\"_blank\">temp\u00e9ratures maximales atteignent jusqu\u2019\u00e0 38 \u00e0 40 \u00b0C<\/a> sur une large partie du sud-ouest dimanche 6 septembre, avec m\u00eame des pointes \u00e0 41 \u00b0C localement, <strong>une masse d\u2019air beaucoup plus fra\u00eeche gagne rapidement la France.<\/strong> Selon les pr\u00e9visions analys\u00e9es ce samedi 5 septembre par le m\u00e9t\u00e9orologue Yann Amice, la <strong style=\"max-width: 100%; box-sizing: border-box;\">rupture sera particuli\u00e8rement <a href=\"https:\/\/actu.fr\/tag\/meteo-france\" rel=\"nofollow noopener\" target=\"_blank\">nette entre dimanche et mardi.<\/a><\/strong><\/p>\n<p style=\"max-width: 100%; box-sizing: border-box;\" class=\" wall-content\">\u00c0 l\u2019origine de ce changement, l\u2019anticyclone qui glisse sur le centre de l\u2019Europe dimanche apr\u00e8s-midi. Le flux de sud-est permet alors \u00e0 la chaleur de remonter sur une partie du pays. Mais cette situation ne durera pas : d\u00e8s lundi, le flux bascule \u00e0 l\u2019ouest, puis au nord-ouest avec l\u2019arriv\u00e9e d\u2019une masse d\u2019air \u00ab en compl\u00e8te rupture avec les tr\u00e8s fortes chaleurs de dimanche \u00bb, indique Yann Amice.<\/p>\n<p>Mardi, seulement 16 \u00e0 18 \u00b0C dans le nord<\/p>\n<p style=\"max-width: 100%; box-sizing: border-box;\" class=\" wall-content\">C\u2019est mardi 8 septembre que la rupture deviendra v\u00e9ritablement spectaculaire. Les maximales pourraient ne pas d\u00e9passer les 16 \u00e0 18 \u00b0C dans le nord et environ 22 \u00b0C dans le centre.<\/p>\n<p style=\"max-width: 100%; box-sizing: border-box;\" class=\" wall-content\">Sur certains secteurs, la baisse pourra ainsi atteindre une quinzaine de degr\u00e9s en seulement deux jours. La chute accompagnera la progression d\u2019une zone de pluie, qui gagnera d\u00e8s mardi matin le quart nord-ouest et la Bretagne avant de progresser vers le sud-est au fil de la journ\u00e9e. Une bande pluvieuse organis\u00e9e traverserait alors la France selon un axe Bretagne-Massif central-M\u00e9diterran\u00e9e.<\/p>\n<blockquote class=\"ac-article-quote wall-content\">\n<p>Le flux de nord-ouest s&rsquo;impose sur l&rsquo;ensemble du pays : les temp\u00e9ratures vont s&rsquo;effondrer.<\/p>\n<p>    <strong>Yann Amice<\/strong>\n            <\/p><\/blockquote>\n<p class=\" wall-content\">\n<p>Une baisse confirm\u00e9e par les quatre mod\u00e8les<\/p>\n<p style=\"max-width: 100%; box-sizing: border-box;\" class=\" wall-content\">Le signal appara\u00eet d\u00e9sormais bien \u00e9tabli dans les diff\u00e9rents sc\u00e9narios \u00e9tudi\u00e9s. Selon Yann Amice, \u00ab la bascule est nette et bien confirm\u00e9e sur les quatre mod\u00e8les \u00bb.\u00a0<\/p>\n<p style=\"max-width: 100%; box-sizing: border-box;\" class=\" wall-content\">Le changement gagnera ensuite la M\u00e9diterran\u00e9e. Mercredi, l\u2019arriv\u00e9e de cet air plus frais provoquera la lev\u00e9e de la tramontane et du mistral en fin de journ\u00e9e, ainsi que du libeccio en Corse. Les rafales pourraient atteindre 90 \u00e0 120 km\/h.<\/p>\n<p class=\" wall-content\">Personnalisez votre actualit\u00e9 en ajoutant vos villes et m\u00e9dias en favori avec <a href=\"https:\/\/moncompte.actu.fr\" title=\"D\u00e9couvez Mon Actu\" rel=\"nofollow noopener\" data-trk=\"{&quot;cta&quot;:{&quot;action&quot;:&quot;https:\\\/\\\/moncompte.actu.fr&quot;,&quot;category&quot;:&quot;mon compte&quot;,&quot;from&quot;:&quot;article footer&quot;,&quot;name&quot;:&quot;Mon actu&quot;,&quot;type&quot;:&quot;cta&quot;}}\" target=\"_blank\">Mon Actu<\/a>.<\/p>\n","protected":false},"excerpt":{"rendered":"Par Timoth\u00e9e L&rsquo;Angevin Publi\u00e9 le 5 sept. 2026 \u00e0 21h05 De l\u2019\u00e9t\u00e9 caniculaire \u00e0 l\u2019automne en quelques heures.&hellip;\n","protected":false},"author":2,"featured_media":1169715,"comment_status":"","ping_status":"","sticky":false,"template":"","format":"standard","meta":{"footnotes":"","_share_on_mastodon":"0"},"categories":[4],"tags":[11,6698,1011,27,2487,2357,12,4459,25],"class_list":["post-1169714","post","type-post","status-publish","format-standard","has-post-thumbnail","category-france","tag-actualites","tag-canicule","tag-fr","tag-france","tag-meteo","tag-meteo-france","tag-news","tag-pluie","tag-republique-francaise"],"share_on_mastodon":{"url":"https:\/\/pubeurope.com\/@fr\/117220788540720800","error":""},"_links":{"self":[{"href":"https:\/\/www.europesays.com\/fr\/wp-json\/wp\/v2\/posts\/1169714","targetHints":{"allow":["GET"]}}],"collection":[{"href":"https:\/\/www.europesays.com\/fr\/wp-json\/wp\/v2\/posts"}],"about":[{"href":"https:\/\/www.europesays.com\/fr\/wp-json\/wp\/v2\/types\/post"}],"author":[{"embeddable":true,"href":"https:\/\/www.europesays.com\/fr\/wp-json\/wp\/v2\/users\/2"}],"replies":[{"embeddable":true,"href":"https:\/\/www.europesays.com\/fr\/wp-json\/wp\/v2\/comments?post=1169714"}],"version-history":[{"count":0,"href":"https:\/\/www.europesays.com\/fr\/wp-json\/wp\/v2\/posts\/1169714\/revisions"}],"wp:featuredmedia":[{"embeddable":true,"href":"https:\/\/www.europesays.com\/fr\/wp-json\/wp\/v2\/media\/1169715"}],"wp:attachment":[{"href":"https:\/\/www.europesays.com\/fr\/wp-json\/wp\/v2\/media?parent=1169714"}],"wp:term":[{"taxonomy":"category","embeddable":true,"href":"https:\/\/www.europesays.com\/fr\/wp-json\/wp\/v2\/categories?post=1169714"},{"taxonomy":"post_tag","embeddable":true,"href":"https:\/\/www.europesays.com\/fr\/wp-json\/wp\/v2\/tags?post=1169714"}],"curies":[{"name":"wp","href":"https:\/\/api.w.org\/{rel}","templated":true}]}}