{"id":1169720,"date":"2026-09-05T22:29:22","date_gmt":"2026-09-05T22:29:22","guid":{"rendered":"https:\/\/www.europesays.com\/fr\/1169720\/"},"modified":"2026-09-05T22:29:22","modified_gmt":"2026-09-05T22:29:22","slug":"ligue-2-les-verts-recus-cinq-sur-cinq","status":"publish","type":"post","link":"https:\/\/www.europesays.com\/fr\/1169720\/","title":{"rendered":"Ligue 2: Les Verts re\u00e7us cinq sur cinq"},"content":{"rendered":"<p><strong>La 5e journ\u00e9e de Ligue 2 a vu<br \/>\nl&rsquo;ASSE prendre le meilleur sur Montpellier ce samedi soir<br \/>\n(3-1).<\/strong><\/p>\n<p>Et de cinq ! Cinq victoires en cinq journ\u00e9es de Ligue 2 pour<br \/>\nl\u2019AS Saint-Etienne, victorieuse ce samedi dans son Chaudron du<br \/>\nMHSC.<\/p>\n<p>Gr\u00e2ce \u00e0 Bernauer, Boakye et Duffus \u2013 quand Meddah a un temps<br \/>\n\u00e9galis\u00e9 pour les Montpelli\u00e9rains \u2013 les St\u00e9phanois l\u2019ont emport\u00e9 sur<br \/>\nle score de 3-1 devant leur public.<\/p>\n<p>Un r\u00e9sultat qui permet aux Verts de conforter leur leadership<br \/>\navec cinq longueurs d\u2019avance sur Annecy \u2013 six sur un Stade de Reims<br \/>\net un FC Metz qui plus t\u00f4t dans la journ\u00e9e ont respectivement fait<br \/>\nmatch nul avec Guingamp (2-2) et surclass\u00e9 Rodez (4-1).<\/p>\n<p>Ainsi battus pour la premi\u00e8re fois de la saison quant \u00e0 eux,<br \/>\napr\u00e8s deux nuls et deux succ\u00e8s, les Pailladins sont quant \u00e0 eux<br \/>\ncinqui\u00e8mes \u00e0 sept unit\u00e9s du sommet.<\/p>\n<p>ASSE-Montpellier, les compos au coup d\u2019envoi<\/p>\n<p><strong>Le onze st\u00e9phanois:<\/strong> Larsonneur \u2013 Pedro, Le<br \/>\nCardinal, Na\u00efr, Bernauer \u2013 Csongvai, Svetlin \u2013 Boakye, Davitashvili<br \/>\n\u2013 Cardona, Ballo.<\/p>\n<p><strong>Le onze montpelli\u00e9rain:<\/strong> Ngapandouetnbu \u2013 El<br \/>\nHannach, Laporte, Mouanga, Sainte-Luce \u2013 Tardieu, Meddah, Abderrebi<br \/>\n\u2013 Pays, Megnan-Pav\u00e9, Mukiele.<\/p>\n<p>Match en direct<\/p>\n<ul class=\"list-inline text-center live-match-info\">\n<li class=\"live-match-info-item\">DATE :<br \/>\n05\/09\/2026<\/li>\n<li class=\"live-match-info-item\">Horaires : 20h00<\/li>\n<li class=\"live-match-info-item\">ARBITRE : Ahmed<br \/>\nTaleb<\/li>\n<\/ul>\n<p><img decoding=\"async\" class=\"equipe-logo lazy-load align-middle m-b-10\" src=\"https:\/\/www.europesays.com\/fr\/wp-content\/uploads\/2026\/05\/2208.png\" alt=\"St \u00c9tienne\"\/><\/p>\n<p>St \u00c9tienne<\/p>\n<p>(40&prime;) M. Bernauer<\/p>\n<p>(48&prime;) A. Boakye<\/p>\n<p>(70&prime;) J. Duffus<\/p>\n<p><img decoding=\"async\" class=\"equipe-logo lazy-load align-middle m-b-10\" src=\"https:\/\/www.europesays.com\/fr\/wp-content\/uploads\/2026\/09\/8911.png\" alt=\"Montpellier\"\/><\/p>\n<p>Montpellier<\/p>\n<p>Effectifs<\/p>\n<p><img decoding=\"async\" class=\"equipe-logo lazy-load align-middle m-b-10\" src=\"https:\/\/www.europesays.com\/fr\/wp-content\/uploads\/2026\/05\/2208.png\" alt=\"St \u00c9tienne\"\/><\/p>\n<p>\nFormation<br \/>4 2 3 1<\/p>\n<p>\nFormation<br \/>4 1 4 1<\/p>\n<p><img decoding=\"async\" class=\"equipe-logo lazy-load align-middle m-b-10\" src=\"https:\/\/www.europesays.com\/fr\/wp-content\/uploads\/2026\/09\/8911.png\" alt=\"Montpellier\"\/><\/p>\n<ul class=\"list-unstyled live-match-effectifs-info\">\n<li>\n<p>FORMATION<\/p>\n<p>4 2 3 1<\/p>\n<\/li>\n<li>\n<p>ENTRAINEUR<\/p>\n<p>I. Cathro<\/p>\n<\/li>\n<li>\n<p>EFFECTIFS<\/p>\n<p>30G.<br \/>\nLarsonneur<\/p>\n<p>6M.<br \/>\nBernauer<\/p>\n<p>18S. Na\u00efr<\/p>\n<p>26J. Le<br \/>\nCardinal<\/p>\n<p>23K.<br \/>\nPedro<\/p>\n<p>14\ufffd. Csongvai<\/p>\n<p>16T. Svetlin<\/p>\n<p>8T.<br \/>\nBallo<\/p>\n<p>22Z.<br \/>\nDavitashvili<\/p>\n<p>20A.<br \/>\nBoakye<\/p>\n<p>7I. Cardona<\/p>\n<\/li>\n<li>\n<p>Rempla\u00e7ants<\/p>\n<p>32A. Baallal<\/p>\n<p>10J. Breum<br \/>\nMartinsen<\/p>\n<p>31N. El<br \/>\nJamali<\/p>\n<p>15C. Faria Camar\u00e1<br \/>\nLamba<\/p>\n<p>13J. Fonseca<br \/>\nFerreira<\/p>\n<p>5M.<br \/>\nJaber<\/p>\n<p>17J. Leslie<br \/>\nDuffus<\/p>\n<p>1M. Ndiaye<\/p>\n<p>11B.<br \/>\nOld<\/p>\n<\/li>\n<\/ul>\n<ul class=\"list-unstyled live-match-effectifs-info\">\n<li>\n<p>FORMATION<\/p>\n<p>4 1 4 1<\/p>\n<\/li>\n<li>\n<p>ENTRAINEUR<\/p>\n<p>Z Camara<\/p>\n<\/li>\n<li>\n<p>EFFECTIFS<\/p>\n<p>S.<br \/>\nNgapandouetnbu31<\/p>\n<p>T.<br \/>\nSainte-Luce17<\/p>\n<p>Y.<br \/>\nMouanga Boudzoumou6<\/p>\n<p>J.<br \/>\nLaporte15<\/p>\n<p>N. El Hannach3<\/p>\n<p>D. Meddah27<\/p>\n<p>N.<br \/>\nMukiele19<\/p>\n<p>F.<br \/>\nTardieu5<\/p>\n<p>H.<br \/>\nAbderrebi32<\/p>\n<p>N. Pays18<\/p>\n<p>L. Megnan<br \/>\nPave9<\/p>\n<\/li>\n<li>\n<p>Rempla\u00e7ants<\/p>\n<p>G. Ayem90<\/p>\n<p>D.<br \/>\nBenlahlou23<\/p>\n<p>M.<br \/>\nCamara11<\/p>\n<p>T.<br \/>\nChennahi44<\/p>\n<p>O.<br \/>\nEtoundi Eyen12<\/p>\n<p>J.<br \/>\nHatchi39<\/p>\n<p>M.<br \/>\nMichel1<\/p>\n<p>E.<br \/>\nPereira da Silva77<\/p>\n<p>N.<br \/>\nVidal-Cartoux40<\/p>\n<\/li>\n<\/ul>\n<p>83&rsquo;83&rsquo;78&rsquo;78&rsquo;78&rsquo;78&rsquo;76&rsquo;76&rsquo;75&rsquo;75&rsquo;70&rsquo;70&rsquo;70&rsquo;69&rsquo;69&rsquo;66&rsquo;64&rsquo;64&rsquo;63&rsquo;63&rsquo;58&rsquo;57&rsquo;57&rsquo;48&rsquo;49&rsquo;44&rsquo;40&rsquo;<br \/>\n0&prime;<\/p>\n","protected":false},"excerpt":{"rendered":"La 5e journ\u00e9e de Ligue 2 a vu l&rsquo;ASSE prendre le meilleur sur Montpellier ce samedi soir (3-1).&hellip;\n","protected":false},"author":2,"featured_media":1160221,"comment_status":"","ping_status":"","sticky":false,"template":"","format":"standard","meta":{"footnotes":"","_share_on_mastodon":"0"},"categories":[9653],"tags":[1111,11,2430,1777,674,1011,27,12,25,4001],"class_list":["post-1169720","post","type-post","status-publish","format-standard","has-post-thumbnail","category-saint-etienne","tag-actu","tag-actualites","tag-auvergne-rhone-alpes","tag-eu","tag-europe","tag-fr","tag-france","tag-news","tag-republique-francaise","tag-saint-etienne"],"share_on_mastodon":{"url":"","error":""},"_links":{"self":[{"href":"https:\/\/www.europesays.com\/fr\/wp-json\/wp\/v2\/posts\/1169720","targetHints":{"allow":["GET"]}}],"collection":[{"href":"https:\/\/www.europesays.com\/fr\/wp-json\/wp\/v2\/posts"}],"about":[{"href":"https:\/\/www.europesays.com\/fr\/wp-json\/wp\/v2\/types\/post"}],"author":[{"embeddable":true,"href":"https:\/\/www.europesays.com\/fr\/wp-json\/wp\/v2\/users\/2"}],"replies":[{"embeddable":true,"href":"https:\/\/www.europesays.com\/fr\/wp-json\/wp\/v2\/comments?post=1169720"}],"version-history":[{"count":0,"href":"https:\/\/www.europesays.com\/fr\/wp-json\/wp\/v2\/posts\/1169720\/revisions"}],"wp:featuredmedia":[{"embeddable":true,"href":"https:\/\/www.europesays.com\/fr\/wp-json\/wp\/v2\/media\/1160221"}],"wp:attachment":[{"href":"https:\/\/www.europesays.com\/fr\/wp-json\/wp\/v2\/media?parent=1169720"}],"wp:term":[{"taxonomy":"category","embeddable":true,"href":"https:\/\/www.europesays.com\/fr\/wp-json\/wp\/v2\/categories?post=1169720"},{"taxonomy":"post_tag","embeddable":true,"href":"https:\/\/www.europesays.com\/fr\/wp-json\/wp\/v2\/tags?post=1169720"}],"curies":[{"name":"wp","href":"https:\/\/api.w.org\/{rel}","templated":true}]}}