{"id":1169725,"date":"2026-09-05T22:32:56","date_gmt":"2026-09-05T22:32:56","guid":{"rendered":"https:\/\/www.europesays.com\/fr\/1169725\/"},"modified":"2026-09-05T22:32:56","modified_gmt":"2026-09-05T22:32:56","slug":"six-fours-les-plages-commemore-le-82e-anniversaire-de-sa-liberation","status":"publish","type":"post","link":"https:\/\/www.europesays.com\/fr\/1169725\/","title":{"rendered":"Six-Fours-les-Plages comm\u00e9more le 82e anniversaire de sa Lib\u00e9ration"},"content":{"rendered":"<p>\t\t\t\t\t\t\t\tUne c\u00e9r\u00e9monie pour faire vivre la m\u00e9moire<\/p>\n<p class=\"isSelectedEnd\">Six-Fours-les-Plages a c\u00e9l\u00e9br\u00e9 mardi le <strong>82e anniversaire de sa Lib\u00e9ration<\/strong>. La commune a organis\u00e9 plusieurs temps forts pour rendre hommage aux \u00e9v\u00e9nements d\u2019ao\u00fbt 1944.<\/p>\n<p class=\"isSelectedEnd\">La soir\u00e9e a d\u00e9but\u00e9 par un <strong>d\u00e9p\u00f4t de gerbe au cimeti\u00e8re n\u00b02<\/strong>. Le public et les participants se sont ensuite retrouv\u00e9s <strong>place Jean Jaur\u00e8s<\/strong>, avant le d\u00e9part du d\u00e9fil\u00e9.<\/p>\n<p class=\"isSelectedEnd\">Le cort\u00e8ge a rejoint le monument aux morts pour la <strong>c\u00e9r\u00e9monie patriotique<\/strong>. Ce moment de recueillement a permis de rappeler l\u2019importance de cette date dans l\u2019histoire de la commune.<\/p>\n<p>\u00a0<\/p>\n<p><img fetchpriority=\"high\" decoding=\"async\" class=\" wp-image-63429\" src=\"https:\/\/www.europesays.com\/fr\/wp-content\/uploads\/2026\/09\/LIBERATION_1-300x169.jpg\" alt=\"LIBERATION_1\" width=\"634\" height=\"357\"  \/>Au Monument aux Morts, un moment de recueillement pour celles et ceux qui ont permis la lib\u00e9ration de la commune en 1944.<\/p>\n<p>\u00a0<\/p>\n<p>Un d\u00e9fil\u00e9 au c\u0153ur de Six-Fours<\/p>\n<p class=\"isSelectedEnd\">Apr\u00e8s le rassemblement, le d\u00e9fil\u00e9 a travers\u00e9 les rues de Six-Fours-les-Plages. Il constituait l\u2019un des temps forts de cette comm\u00e9moration, avec un parcours r\u00e9unissant participants et public autour de cette journ\u00e9e d\u00e9di\u00e9e \u00e0 la m\u00e9moire.<\/p>\n<p class=\"isSelectedEnd\">La c\u00e9r\u00e9monie patriotique s\u2019est ensuite tenue au monument aux morts. D\u00e9p\u00f4t de gerbes, hommage et recueillement ont rythm\u00e9 ce rendez-vous consacr\u00e9 aux femmes et aux hommes qui ont contribu\u00e9 \u00e0 la Lib\u00e9ration de la ville.<\/p>\n<p class=\"isSelectedEnd\">Ainsi, la commune a fait de cette 82e \u00e9dition un moment \u00e0 la fois solennel et populaire. La comm\u00e9moration s\u2019inscrit dans les nombreuses c\u00e9l\u00e9brations organis\u00e9es chaque ann\u00e9e dans le Var autour de la Lib\u00e9ration de la Provence.<\/p>\n<p>\u00a0<\/p>\n<p><img loading=\"lazy\" decoding=\"async\" class=\"wp-image-63430 aligncenter\" src=\"https:\/\/www.europesays.com\/fr\/wp-content\/uploads\/2026\/09\/LIBERATION_2-300x169.jpg\" alt=\"LIBERATION_2\" width=\"717\" height=\"404\"  \/><\/p>\n<p>\u00a0<\/p>\n<p>Un feu d\u2019artifice pour cl\u00f4turer la soir\u00e9e<\/p>\n<p class=\"isSelectedEnd\">La journ\u00e9e s\u2019est achev\u00e9e avec un <strong>feu d\u2019artifice \u00e0 22 heures<\/strong>. Le spectacle pyrotechnique a \u00e9t\u00e9 tir\u00e9 depuis le <strong>port de la Coudouli\u00e8re<\/strong>, offrant une derni\u00e8re animation au public venu assister aux c\u00e9l\u00e9brations.<\/p>\n<p>Entre hommage, d\u00e9fil\u00e9 et spectacle, cette journ\u00e9e du 25 ao\u00fbt a donc m\u00eal\u00e9 m\u00e9moire et rassemblement populaire. Elle rappelle surtout l\u2019importance de transmettre l\u2019histoire de la Lib\u00e9ration aux nouvelles g\u00e9n\u00e9rations.<\/p>\n<p>\u00a0<\/p>\n<p>A lire aussi : <a href=\"https:\/\/www.info83.fr\/400-ans-marine-nationale\/\" target=\"_blank\" rel=\"noopener nofollow\">400 ans de la Marine nationale : quatre si\u00e8cles au service de la France<\/a><\/p>\n<p><strong><img decoding=\"async\" class=\"emoji\" role=\"img\" draggable=\"false\" src=\"https:\/\/s.w.org\/images\/core\/emoji\/13.1.0\/svg\/1f538.svg\" alt=\"\ud83d\udd38\" data-pin-no-hover=\"true\"\/>Info83, le Var proche de vous<br \/><\/strong><\/p>\n<p><img decoding=\"async\" class=\"emoji\" role=\"img\" draggable=\"false\" src=\"https:\/\/s.w.org\/images\/core\/emoji\/13.1.0\/svg\/27a1.svg\" alt=\"\u27a1\ufe0f\" data-pin-no-hover=\"true\"\/>\u00a0<a href=\"https:\/\/bit.ly\/2OZZMMK\" target=\"_blank\" rel=\"noopener noreferrer nofollow\">Facebook Info83<\/a><\/p>\n<p><img decoding=\"async\" class=\"emoji\" role=\"img\" draggable=\"false\" src=\"https:\/\/s.w.org\/images\/core\/emoji\/13.1.0\/svg\/27a1.svg\" alt=\"\u27a1\ufe0f\" data-pin-no-hover=\"true\"\/>\u00a0<a href=\"https:\/\/bit.ly\/2ONkTC9\" target=\"_blank\" rel=\"noopener noreferrer nofollow\">Youtube Info83<\/a><\/p>\n","protected":false},"excerpt":{"rendered":"Une c\u00e9r\u00e9monie pour faire vivre la m\u00e9moire Six-Fours-les-Plages a c\u00e9l\u00e9br\u00e9 mardi le 82e anniversaire de sa Lib\u00e9ration. La&hellip;\n","protected":false},"author":2,"featured_media":1169726,"comment_status":"","ping_status":"","sticky":false,"template":"","format":"standard","meta":{"footnotes":"","_share_on_mastodon":"0"},"categories":[9619],"tags":[121063,121064,1111,11,121065,121066,121067,1777,674,121068,121069,1011,27,23763,121070,12,882,25,2310],"class_list":["post-1169725","post","type-post","status-publish","format-standard","has-post-thumbnail","category-toulon","tag-25-aout-2026","tag-82e-anniversaire-liberation-six-fours","tag-actu","tag-actualites","tag-ceremonie-six-fours","tag-commemoration-var","tag-defile-six-fours","tag-eu","tag-europe","tag-fete-de-la-liberation-six-fours-les-plages","tag-feu-dartifice-six-fours","tag-fr","tag-france","tag-info83","tag-liberation-six-fours-2026","tag-news","tag-provence-alpes-cote-dazur","tag-republique-francaise","tag-toulon"],"share_on_mastodon":{"url":"https:\/\/pubeurope.com\/@fr\/117220818207822202","error":""},"_links":{"self":[{"href":"https:\/\/www.europesays.com\/fr\/wp-json\/wp\/v2\/posts\/1169725","targetHints":{"allow":["GET"]}}],"collection":[{"href":"https:\/\/www.europesays.com\/fr\/wp-json\/wp\/v2\/posts"}],"about":[{"href":"https:\/\/www.europesays.com\/fr\/wp-json\/wp\/v2\/types\/post"}],"author":[{"embeddable":true,"href":"https:\/\/www.europesays.com\/fr\/wp-json\/wp\/v2\/users\/2"}],"replies":[{"embeddable":true,"href":"https:\/\/www.europesays.com\/fr\/wp-json\/wp\/v2\/comments?post=1169725"}],"version-history":[{"count":0,"href":"https:\/\/www.europesays.com\/fr\/wp-json\/wp\/v2\/posts\/1169725\/revisions"}],"wp:featuredmedia":[{"embeddable":true,"href":"https:\/\/www.europesays.com\/fr\/wp-json\/wp\/v2\/media\/1169726"}],"wp:attachment":[{"href":"https:\/\/www.europesays.com\/fr\/wp-json\/wp\/v2\/media?parent=1169725"}],"wp:term":[{"taxonomy":"category","embeddable":true,"href":"https:\/\/www.europesays.com\/fr\/wp-json\/wp\/v2\/categories?post=1169725"},{"taxonomy":"post_tag","embeddable":true,"href":"https:\/\/www.europesays.com\/fr\/wp-json\/wp\/v2\/tags?post=1169725"}],"curies":[{"name":"wp","href":"https:\/\/api.w.org\/{rel}","templated":true}]}}