{"id":1169727,"date":"2026-09-05T22:34:23","date_gmt":"2026-09-05T22:34:23","guid":{"rendered":"https:\/\/www.europesays.com\/fr\/1169727\/"},"modified":"2026-09-05T22:34:23","modified_gmt":"2026-09-05T22:34:23","slug":"on-merite-de-revenir-avec-un-bonus-toulon-a-montre-a-bayonne-quil-a-du-caractere","status":"publish","type":"post","link":"https:\/\/www.europesays.com\/fr\/1169727\/","title":{"rendered":"\u00ab On m\u00e9rite de revenir avec un bonus\u00a0\u00bb : Toulon a montr\u00e9 \u00e0 Bayonne qu\u2019il a du caract\u00e8re"},"content":{"rendered":"<p>Si pr\u00e8s\u2026 ou si loin\u2005\u00a0? Refrain crispant de la saison derni\u00e8re, le dicton pourrait s\u2019appliquer \u00e0 cette premi\u00e8re \u00e0 Jean-Dauger, ce samedi 5\u00a0septembre, tant il semblait y avoir la place. Et pourtant, \u00e0 deux minutes de la fin du match, Toulon se dirigeait vers une d\u00e9faite \u00e0 z\u00e9ro point\u2026 pour le moins frustrante. Alors difficile, aussi, de ne pas y voir une force de caract\u00e8re. Un refus de baisser les bras.<\/p>\n<p>\u00ab\u2005Je pense qu\u2019on m\u00e9rite de revenir avec un bonus\u2005\u00bb, d\u00e9briefait avec justesse Franck Az\u00e9ma. Sans pour autant s\u2019emp\u00eacher de l\u00e2cher ce qui, au fond, le faisait r\u00e2ler\u2005\u00a0: \u00ab\u2005On n\u2019a pas su tenir le ballon, mettre sous pression cette \u00e9quipe de Bayonne. On a deux ou trois actions, en premi\u00e8re mi-temps, o\u00f9 on se d\u00e9barrasse tr\u00e8s, tr\u00e8s vite du ballon. Et sur les deux premiers rucks de la seconde, on perd carr\u00e9ment la possession. Si tu veux mettre l\u2019adversaire sous pression, \u00e0 ce jeu, il faut garder la balle. Sinon, c\u2019est difficile.\u2005\u00bb<\/p>\n<p>Au c\u0153ur du pays basque, Mignoni et les siens le savaient (et l\u2019avaient annonc\u00e9), tout ne serait pas parfait. Mais les Toulonnais s\u2019\u00e9taient promis de ne pas louper dans un secteur\u2005\u00a0: l\u2019\u00e9tat d\u2019esprit.<\/p>\n<p class=\"fs-5 \">Sur ce point, ils ont tenu leur engagement. Porteurs d\u2019espoirs en premi\u00e8re p\u00e9riode, dominants sur leurs collisions, plut\u00f4t pr\u00e9cis sur les sorties de camp, ils ont pourtant fini par l\u00e2cher la rampe, ou presque. Loin d\u2019\u00eatre flamboyants mais r\u00e9alistes sur une belle perc\u00e9e de Mateo Garcia au c\u0153ur de la d\u00e9fense bayonnaise lors du premier acte, les Varois voyaient Rayan Rebbadj leur donner une premi\u00e8re fois l\u2019avantage (3-10, 12e), avant que Melvyn Jaminet ne permettre de nouveau de prendre le score \u00e0 la pause (10-13) gr\u00e2ce \u00e0 deux coups de pompes (32e et 34e).<\/p>\n<p>        <img id=\"article-thumbnail-6\" src=\"https:\/\/www.europesays.com\/fr\/wp-content\/uploads\/2026\/09\/ARTVIEW-10718381-1200-800-fc47af0_upload-from-url-1-7tihq3rtlx82-data-art-18317457.jpg\"   width=\"600\" height=\"400\" loading=\"lazy\" decoding=\"async\" alt=\"Esteban Abadie entame sa quatri\u00e8me saison avec Toulon.\" class=\"img-fluid position-absolute w-100 h-100 object-fit-cover rounded-2\"\/><\/p>\n<p class=\"fs-5 \">Mais alors que Bayonne semblait perdre pied, avec une charni\u00e8re remani\u00e9e \u00e0 la suite de la blessure de L\u00e9o Coly (5e), puis de la sortie sur protocole commotion de Rob du Preez (46e), l\u2019Aviron se rebiffait. Les banderilles de Killian Geraci (49e) puis de Tevita Tatafu (55e), sur une bourde de Mathis Fert\u00e9 \u00e0 la r\u00e9ception d\u2019une chandelle, d\u00e9crochaient le RCT (27-19\u00a0\u00e0 la 56e). Et ce malgr\u00e9 la botte de Melvyn Jaminet (45e et 53e), auteur d\u2019une sacr\u00e9e performance \u00e0 Jean-Dauger.<\/p>\n<p>    &#8230; et ultime r\u00e9bellion<\/p>\n<p class=\"fs-5 \">Mais l\u00e0 o\u00f9 Toulon se serait inexorablement \u00e9tiol\u00e9 la saison derni\u00e8re, il a relev\u00e9 la t\u00eate. D\u2019abord par l\u2019interm\u00e9diaire de Ga\u00ebl Fickou, qui, peut-\u00eatre un poil gourmand, se faisait finalement coffrer dans l\u2019en-but par Madosh Tambwe (76e).<\/p>\n<p class=\"fs-5 \">Mais c\u2019\u00e9tait partie remise. \u00c0 deux minutes du terme et sur un turnover \u00e0 cinq m\u00e8tres de leur ligne, les Toulonnais osaient enfin.<\/p>\n<p class=\"fs-5 \">Le capitaine Fickou jouait rapidement une p\u00e9nalit\u00e9, Damond prenait l\u2019axe, Abadie sortait les cannes et servait Jaminet qui remontait 50\u00a0m\u00e8tres avant d\u2019offrir un doubl\u00e9 \u00e0 Rayan Rebbadj (27-26, 79e). \u00ab\u2005On aurait pu, quand on a perdu le momentum, baisser la t\u00eate, subir et accepter, reprenait Franck Az\u00e9ma en conf\u00e9rence de presse. Mais non. On n\u2019a pas l\u00e2ch\u00e9. On a d\u00e9fendu pr\u00e8s de nos lignes, on a provoqu\u00e9 des en-avants et est all\u00e9 chercher cet ultime contre. On est rest\u00e9 constant et on n\u2019a pas abandonn\u00e9. De ce c\u00f4t\u00e9-l\u00e0, c\u2019est plut\u00f4t rassurant. On ne va pas sauter au plafond mais \u00e7a permet d\u2019avoir un bon socle.\u2005\u00bb<\/p>\n<p class=\"fs-5 \">Et c\u2019est s\u00fbrement le r\u00e9sum\u00e9 parfait de ce premier match\u2005\u00a0: pas de quoi s\u2019extasier, le sentiment profond que cette \u00e9quipe pouvait largement mieux faire mais, au final, un point de pris sur la pelouse de Jean-Dauger. Avec l\u2019impression, qu\u2019au fond, ce RCT a d\u00e9j\u00e0 relev\u00e9 la t\u00eate.<\/p>\n","protected":false},"excerpt":{"rendered":"Si pr\u00e8s\u2026 ou si loin\u2005\u00a0? Refrain crispant de la saison derni\u00e8re, le dicton pourrait s\u2019appliquer \u00e0 cette premi\u00e8re&hellip;\n","protected":false},"author":2,"featured_media":1169728,"comment_status":"","ping_status":"","sticky":false,"template":"","format":"standard","meta":{"footnotes":"","_share_on_mastodon":"0"},"categories":[9619],"tags":[1111,11,1777,674,1011,27,12,882,3461,25,2310],"class_list":["post-1169727","post","type-post","status-publish","format-standard","has-post-thumbnail","category-toulon","tag-actu","tag-actualites","tag-eu","tag-europe","tag-fr","tag-france","tag-news","tag-provence-alpes-cote-dazur","tag-rct","tag-republique-francaise","tag-toulon"],"share_on_mastodon":{"url":"https:\/\/pubeurope.com\/@fr\/117220820120274409","error":""},"_links":{"self":[{"href":"https:\/\/www.europesays.com\/fr\/wp-json\/wp\/v2\/posts\/1169727","targetHints":{"allow":["GET"]}}],"collection":[{"href":"https:\/\/www.europesays.com\/fr\/wp-json\/wp\/v2\/posts"}],"about":[{"href":"https:\/\/www.europesays.com\/fr\/wp-json\/wp\/v2\/types\/post"}],"author":[{"embeddable":true,"href":"https:\/\/www.europesays.com\/fr\/wp-json\/wp\/v2\/users\/2"}],"replies":[{"embeddable":true,"href":"https:\/\/www.europesays.com\/fr\/wp-json\/wp\/v2\/comments?post=1169727"}],"version-history":[{"count":0,"href":"https:\/\/www.europesays.com\/fr\/wp-json\/wp\/v2\/posts\/1169727\/revisions"}],"wp:featuredmedia":[{"embeddable":true,"href":"https:\/\/www.europesays.com\/fr\/wp-json\/wp\/v2\/media\/1169728"}],"wp:attachment":[{"href":"https:\/\/www.europesays.com\/fr\/wp-json\/wp\/v2\/media?parent=1169727"}],"wp:term":[{"taxonomy":"category","embeddable":true,"href":"https:\/\/www.europesays.com\/fr\/wp-json\/wp\/v2\/categories?post=1169727"},{"taxonomy":"post_tag","embeddable":true,"href":"https:\/\/www.europesays.com\/fr\/wp-json\/wp\/v2\/tags?post=1169727"}],"curies":[{"name":"wp","href":"https:\/\/api.w.org\/{rel}","templated":true}]}}