{"id":116973,"date":"2025-05-21T13:38:08","date_gmt":"2025-05-21T13:38:08","guid":{"rendered":"https:\/\/www.europesays.com\/fr\/116973\/"},"modified":"2025-05-21T13:38:08","modified_gmt":"2025-05-21T13:38:08","slug":"il-debute-le-cyclisme-a-44-ans-et-gagne-des-courses","status":"publish","type":"post","link":"https:\/\/www.europesays.com\/fr\/116973\/","title":{"rendered":"Il d\u00e9bute le cyclisme \u00e0 44 ans\u2026 et gagne des courses\u00a0!"},"content":{"rendered":"<p>            Par<br \/>\n        <strong><br \/>\n            <a href=\"https:\/\/actu.fr\/auteur\/b-hue\" title=\"Consulter tous les articles de Baptiste Hue\" rel=\"nofollow noopener\" target=\"_blank\">Baptiste Hue<\/a><br \/>\n        <\/strong><\/p>\n<p>        Publi\u00e9 le<\/p>\n<p>            21 mai 2025 \u00e0 10h52        <\/p>\n<p>Voici trois choses \u00e0 savoir sur Anthony Perrault (AC <a href=\"https:\/\/actu.fr\/normandie\/cherbourg-en-cotentin_50129\" rel=\"nofollow noopener\" target=\"_blank\">Cherbourg-Cotentin<\/a>, 47 ans), vainqueur dimanche 18 mai 2025 au <a href=\"https:\/\/actu.fr\/normandie\/le-tronquay_14714\" rel=\"nofollow noopener\" target=\"_blank\">Tronquay<\/a> (Access 3-4).<\/p>\n<p>Il a fait coup double dans le Calvados<\/p>\n<p class=\" wall-content\">Anthony Perrault a d\u00fb patienter avant de pouvoir savourer le<b> second succ\u00e8s de sa \u00ab\u2009carri\u00e8re\u2009\u00bb. <\/b>6e du chrono matinal de l\u2019\u00e9preuve du Tronquay (Calvados), \u00e0 23 secondes du vainqueur, le coureur de l\u2019AC Cherbourg-Cotentin s\u2019est <b>impos\u00e9 l\u2019apr\u00e8s-midi sur la course en ligne, en solitaire, avec\u2026 33 secondes d\u2019avance sur ses poursuivants.<\/b> Sauf que les commissaires ont \u00e9tabli le classement seulement 1\u2009h\u200930 apr\u00e8s l\u2019arriv\u00e9e.<\/p>\n<p class=\" wall-content\">\u00ab\u2009Pour moi, \u00e7a ne faisait aucun doute. Aussit\u00f4t apr\u00e8s avoir franchi la ligne, j\u2019ai calcul\u00e9 l\u2019\u00e9cart. Je savais qu\u2019il y avait plus de 23 secondes\u2009\u00bb, rembobine celui qui a ainsi fait <b>coup double, avec le gain de l\u2019\u00e9tape et du g\u00e9n\u00e9ral.<\/b><\/p>\n<p>Il a assouvi un r\u00eave de gosse \u00e0 44\u00a0ans<\/p>\n<p class=\" wall-content\">Gamin, ce p\u00e8re de trois enfants \u00e9tait un <b>grand fan de cyclisme<\/b> et un inconditionnel du <a href=\"https:\/\/actu.fr\/tag\/tour-de-france\" rel=\"nofollow noopener\" target=\"_blank\">Tour de France<\/a>. La pratique de ce sport en club ayant \u00e9t\u00e9<b> jug\u00e9e trop on\u00e9reuse par ses parents<\/b>, il s\u2019est <b>orient\u00e9 vers le rugby club de Dreux, sa ville natale.<\/b><\/p>\n<p class=\" wall-content\">Il y a trois ans, <b>\u00e0 44 piges,<\/b> il a jug\u00e9 qu\u2019il n\u2019\u00e9tait pas trop tard pour assouvir son r\u00eave de gosse en s\u2019alignant sur des comp\u00e9titions cyclistes, o\u00f9 <b>sa bonne condition physique vient compenser de \u00ab\u2009grosses lacunes techniques\u2009\u00bb<\/b>.<\/p>\n<p class=\" wall-content\">\u00ab\u2009J\u2019ai voulu <b>combler le manque de l\u2019ado frustr\u00e9<\/b> de ne pas avoir fait de v\u00e9lo\u2009! Je roulais avec les cyclos du Val de Saire, et j\u2019ai commenc\u00e9 \u00e0 faire mon premier 100\u00a0km, mon premier 150\u00a0km\u2026 Je me suis achet\u00e9 un beau v\u00e9lo et, avant d\u2019\u00eatre trop \u00e2g\u00e9, <b>je voulais voir ce que je valais en course.\u2009<\/b>\u00bb<\/p>\n<p>Il s\u2019est install\u00e9 dans le Cotentin en 2019<\/p>\n<p class=\" wall-content\"><b>Tomb\u00e9 sous le charme du Cotentin<\/b>, l\u2019Eur\u00e9lien a d\u00e9cid\u00e9 de <b>tout plaquer en 2019<\/b> pour s\u2019installer \u00e0 <a href=\"https:\/\/actu.fr\/normandie\/montfarville_50342\" rel=\"nofollow noopener\" target=\"_blank\">Montfarville<\/a>. \u00ab\u2009On a voulu venir vivre l\u00e0 o\u00f9 on allait en vacances\u2009\u00bb, r\u00e9sume cet informaticien, qui jongle la semaine <b>entre le bureau \u00e0 Paris et les journ\u00e9es de t\u00e9l\u00e9travail. <\/b><\/p>\n<p class=\" wall-content\"><b>Ses week-ends sont d\u00e9sormais calqu\u00e9s sur son programme de courses<\/b>, comme dimanche prochain \u00e0 Troisgots. \u00ab\u2009<b>Je fous la paix \u00e0 ma femme et je lui ram\u00e8ne des fleurs, elle est doublement contente\u2009<\/b>\u00bb, sourit Anthony Perrault, un <b>bel exemple<\/b> \u00e0 suivre pour celles et ceux qui s\u2019estiment trop \u00ab\u2009vieux\u2009\u00bb pour se mettre en selle.<\/p>\n<p class=\" wall-content\">Suivez toute l\u2019actualit\u00e9 de vos villes et m\u00e9dias favoris en vous inscrivant \u00e0 <a href=\"https:\/\/moncompte.actu.fr\" title=\"D\u00e9couvez Mon Actu\" rel=\"nofollow noopener\" data-trk=\"{&quot;cta&quot;:{&quot;action&quot;:&quot;https:\\\/\\\/moncompte.actu.fr&quot;,&quot;category&quot;:&quot;mon compte&quot;,&quot;from&quot;:&quot;article footer&quot;,&quot;name&quot;:&quot;Mon actu&quot;,&quot;type&quot;:&quot;cta&quot;}}\" target=\"_blank\">Mon Actu<\/a>.<\/p>\n","protected":false},"excerpt":{"rendered":"Par Baptiste Hue Publi\u00e9 le 21 mai 2025 \u00e0 10h52 Voici trois choses \u00e0 savoir sur Anthony Perrault&hellip;\n","protected":false},"author":2,"featured_media":116974,"comment_status":"","ping_status":"","sticky":false,"template":"","format":"standard","meta":{"footnotes":""},"categories":[1411],"tags":[3168,1154,207,1011,27,1757,60],"class_list":{"0":"post-116973","1":"post","2":"type-post","3":"status-publish","4":"format-standard","5":"has-post-thumbnail","7":"category-cyclisme","8":"tag-cotentin","9":"tag-cycling","10":"tag-cyclisme","11":"tag-fr","12":"tag-france","13":"tag-insolite","14":"tag-sports"},"share_on_mastodon":{"url":"https:\/\/pubeurope.com\/@fr\/114546101727847195","error":""},"_links":{"self":[{"href":"https:\/\/www.europesays.com\/fr\/wp-json\/wp\/v2\/posts\/116973","targetHints":{"allow":["GET"]}}],"collection":[{"href":"https:\/\/www.europesays.com\/fr\/wp-json\/wp\/v2\/posts"}],"about":[{"href":"https:\/\/www.europesays.com\/fr\/wp-json\/wp\/v2\/types\/post"}],"author":[{"embeddable":true,"href":"https:\/\/www.europesays.com\/fr\/wp-json\/wp\/v2\/users\/2"}],"replies":[{"embeddable":true,"href":"https:\/\/www.europesays.com\/fr\/wp-json\/wp\/v2\/comments?post=116973"}],"version-history":[{"count":0,"href":"https:\/\/www.europesays.com\/fr\/wp-json\/wp\/v2\/posts\/116973\/revisions"}],"wp:featuredmedia":[{"embeddable":true,"href":"https:\/\/www.europesays.com\/fr\/wp-json\/wp\/v2\/media\/116974"}],"wp:attachment":[{"href":"https:\/\/www.europesays.com\/fr\/wp-json\/wp\/v2\/media?parent=116973"}],"wp:term":[{"taxonomy":"category","embeddable":true,"href":"https:\/\/www.europesays.com\/fr\/wp-json\/wp\/v2\/categories?post=116973"},{"taxonomy":"post_tag","embeddable":true,"href":"https:\/\/www.europesays.com\/fr\/wp-json\/wp\/v2\/tags?post=116973"}],"curies":[{"name":"wp","href":"https:\/\/api.w.org\/{rel}","templated":true}]}}