{"id":1169733,"date":"2026-09-05T22:39:36","date_gmt":"2026-09-05T22:39:36","guid":{"rendered":"https:\/\/www.europesays.com\/fr\/1169733\/"},"modified":"2026-09-05T22:39:36","modified_gmt":"2026-09-05T22:39:36","slug":"vincent-vent-officiellement-a-rouen-avec-une-premiere-apparition-des-ce-samedi","status":"publish","type":"post","link":"https:\/\/www.europesays.com\/fr\/1169733\/","title":{"rendered":"Vincent Vent officiellement \u00e0 Rouen, avec une premi\u00e8re apparition d\u00e8s ce samedi"},"content":{"rendered":"<p data-start=\"1172\" data-end=\"1419\">Le changement est d\u00e9sormais act\u00e9 dans la raquette rouennaise. Le\u00a0<a target=\"_blank\" rel=\"noopener nofollow\" href=\"https:\/\/www.bebasket.fr\/equipe\/rouen\">Rouen<\/a> M\u00e9tropole Basket a annonc\u00e9 ce samedi l\u2019arriv\u00e9e de <a target=\"_blank\" rel=\"noopener nofollow\" href=\"https:\/\/www.bebasket.fr\/joueur\/vincent-vent\">Vincent Vent (2,06 m, 28 ans)<\/a>, confirmant ainsi l\u2019information r\u00e9v\u00e9l\u00e9e la veille concernant la venue du pivot fran\u00e7ais en Normandie.<\/p>\n<p data-start=\"1421\" data-end=\"1634\">Le RMB n\u2019a d\u2019ailleurs pas pr\u00e9vu de perdre de temps avec son nouvel int\u00e9rieur. Le club indique que Vincent Vent sera pr\u00e9sent d\u00e8s cet apr\u00e8s-midi \u00e0 Maromme pour disputer son premier match sous ses nouvelles couleurs face \u00e0 Boulogne-sur-Mer, une formation de NM1.<\/p>\n<\/p>\n<p data-start=\"1636\" data-end=\"1896\">Cette officialisation intervient \u00e0 quelques jours seulement du d\u00e9but des comp\u00e9titions officielles, dans une pr\u00e9paration durant laquelle Rouen avait notamment utilis\u00e9\u00a0<a target=\"_blank\" rel=\"noopener nofollow\" href=\"https:\/\/www.bebasket.fr\/joueur\/chris-mpaka\">Chris Mpaka<\/a> et\u00a0<a target=\"_blank\" rel=\"noopener nofollow\" href=\"https:\/\/www.bebasket.fr\/joueur\/jared-ambrose\">Jared Ambrose<\/a> dans son secteur int\u00e9rieur.<\/p>\n<p><strong>Un pivot r\u00e9f\u00e9renc\u00e9 en ELITE 2<\/strong><\/p>\n<p data-start=\"1932\" data-end=\"2102\">\u00c0 28 ans, le pivot conna\u00eet d\u00e9j\u00e0 bien l\u2019ELITE 2. La saison derni\u00e8re, il portait les couleurs d\u2019Orl\u00e9ans, avec lequel il a disput\u00e9 39 rencontres de championnat.<\/p>\n<p data-start=\"2104\" data-end=\"2272\">Il tournait \u00e0 6 points \u00e0 53,9 % de r\u00e9ussite aux tirs, 3,3 rebonds et 0,3 passe d\u00e9cisive en un peu plus de 14 minutes de moyenne.<\/p>\n<p data-start=\"2274\" data-end=\"2453\">Rouen r\u00e9cup\u00e8re donc un int\u00e9rieur disposant d\u00e9j\u00e0 d\u2019une solide connaissance du championnat, alors que l\u2019\u00e9quipe de Jean-Denys Choulet entre dans la derni\u00e8re partie de sa pr\u00e9paration.<\/p>\n<p>PROFIL JOUEUR<\/p>\n<p><a href=\"https:\/\/www.bebasket.fr\/joueur\/vincent-vent\" rel=\"nofollow noopener\" target=\"_blank\"> <img decoding=\"async\" loading=\"lazy\" class=\"player-infos-image\" src=\"https:\/\/www.europesays.com\/fr\/wp-content\/uploads\/2026\/09\/photo-basketball-player-vincent-vent-1eeadac7-37d1-6bc2-86bc-05e22a0af3d1.jpg\" alt=\"Photo_Basketball_Player-Vincent Vent.jpg\" width=\"500\" height=\"500\"\/> <\/a><\/p>\n<p>Poste(s): Pivot<\/p>\n<p>Taille: 206 cm<\/p>\n<p>\u00c2ge: 28 ans (11\/11\/1997)<\/p>\n<p>Nationalit\u00e9s:<\/p>\n<p><img decoding=\"async\" loading=\"lazy\" class=\"flag\" title=\"France\" src=\"https:\/\/www.europesays.com\/fr\/wp-content\/uploads\/2025\/04\/drapeau-france-carre-1ee77547-c733-64fc-927d-4f14a8be127a.jpg\" alt=\"drapeau-france-carre.jpg\" width=\"50\" height=\"50\"\/><\/p>\n<p>Stats 2025-2026 \/ ELITE 2<\/p>\n<p><strong>Une arriv\u00e9e annonc\u00e9e il y a quelques heures<\/strong><\/p>\n<p data-start=\"2490\" data-end=\"2680\">Cette signature \u00e9tait attendue. Comme indiqu\u00e9 jeudi, Vincent Vent <a target=\"_blank\" rel=\"noopener nofollow\" href=\"https:\/\/www.bebasket.fr\/vincent-vent-et-orleans-se-separent-un-an-apres-leurs-retrouvailles\">venait d\u2019\u00eatre lib\u00e9r\u00e9 par Orl\u00e9ans<\/a>.<\/p>\n<p data-start=\"2682\" data-end=\"2938\">Le recrutement de Vent est d\u00e9sormais confirm\u00e9 par le RMB. La situation de Chris Mpaka devra en revanche \u00eatre pr\u00e9sent\u00e9e uniquement \u00e0 partir d\u2019une communication officielle du club si Rouen confirme s\u00e9par\u00e9ment son d\u00e9part.<\/p>\n<p>LIRE AUSSI<\/p>\n<p><a href=\"https:\/\/www.bebasket.fr\/rouen-revoit-deja-ses-plans-dans-la-raquette-vincent-vent-attendu-chris-mpaka-coupe\" rel=\"nofollow noopener\" target=\"_blank\"> <img decoding=\"async\" src=\"https:\/\/www.europesays.com\/fr\/wp-content\/uploads\/2026\/09\/olbabs-136-1f1a84d2-71d3-6cbe-9aa3-c920ee97cfb4.jpg\" alt=\"\"\/> <\/a><\/p>\n","protected":false},"excerpt":{"rendered":"Le changement est d\u00e9sormais act\u00e9 dans la raquette rouennaise. Le\u00a0Rouen M\u00e9tropole Basket a annonc\u00e9 ce samedi l\u2019arriv\u00e9e de&hellip;\n","protected":false},"author":2,"featured_media":1169734,"comment_status":"","ping_status":"","sticky":false,"template":"","format":"standard","meta":{"footnotes":"","_share_on_mastodon":"0"},"categories":[9587],"tags":[1111,11,1777,674,1011,27,12,5161,25,9590],"class_list":["post-1169733","post","type-post","status-publish","format-standard","has-post-thumbnail","category-rouen","tag-actu","tag-actualites","tag-eu","tag-europe","tag-fr","tag-france","tag-news","tag-normandie","tag-republique-francaise","tag-rouen"],"share_on_mastodon":{"url":"https:\/\/pubeurope.com\/@fr\/117220841462423283","error":""},"_links":{"self":[{"href":"https:\/\/www.europesays.com\/fr\/wp-json\/wp\/v2\/posts\/1169733","targetHints":{"allow":["GET"]}}],"collection":[{"href":"https:\/\/www.europesays.com\/fr\/wp-json\/wp\/v2\/posts"}],"about":[{"href":"https:\/\/www.europesays.com\/fr\/wp-json\/wp\/v2\/types\/post"}],"author":[{"embeddable":true,"href":"https:\/\/www.europesays.com\/fr\/wp-json\/wp\/v2\/users\/2"}],"replies":[{"embeddable":true,"href":"https:\/\/www.europesays.com\/fr\/wp-json\/wp\/v2\/comments?post=1169733"}],"version-history":[{"count":0,"href":"https:\/\/www.europesays.com\/fr\/wp-json\/wp\/v2\/posts\/1169733\/revisions"}],"wp:featuredmedia":[{"embeddable":true,"href":"https:\/\/www.europesays.com\/fr\/wp-json\/wp\/v2\/media\/1169734"}],"wp:attachment":[{"href":"https:\/\/www.europesays.com\/fr\/wp-json\/wp\/v2\/media?parent=1169733"}],"wp:term":[{"taxonomy":"category","embeddable":true,"href":"https:\/\/www.europesays.com\/fr\/wp-json\/wp\/v2\/categories?post=1169733"},{"taxonomy":"post_tag","embeddable":true,"href":"https:\/\/www.europesays.com\/fr\/wp-json\/wp\/v2\/tags?post=1169733"}],"curies":[{"name":"wp","href":"https:\/\/api.w.org\/{rel}","templated":true}]}}