{"id":1169735,"date":"2026-09-05T22:41:27","date_gmt":"2026-09-05T22:41:27","guid":{"rendered":"https:\/\/www.europesays.com\/fr\/1169735\/"},"modified":"2026-09-05T22:41:27","modified_gmt":"2026-09-05T22:41:27","slug":"grenoble-mettre-en-securite-les-etudiants-le-president-de-luga-revient-sur-la-suspension-de-lassociation-des-etudiants-en-medecine","status":"publish","type":"post","link":"https:\/\/www.europesays.com\/fr\/1169735\/","title":{"rendered":"Grenoble \u00ab\u00a0Mettre en s\u00e9curit\u00e9 les \u00e9tudiants\u00a0\u00bb\u00a0: le pr\u00e9sident de l&rsquo;UGA\u00a0revient sur la suspension de l&rsquo;association des \u00e9tudiants en m\u00e9decine"},"content":{"rendered":"<p>En cette rentr\u00e9e 2026, l\u2019Universit\u00e9 Grenoble Alpes a d\u00e9cid\u00e9 de suspendre provisoirement l\u2019Association des \u00e9tudiants en m\u00e9decine (AEMG). La raison\u00a0: des \u00ab\u00a0manquements\u00a0\u00bb graves \u00e0 la charte des associations \u00e9tudiantes, a r\u00e9v\u00e9l\u00e9 <a href=\"https:\/\/www.ici.fr\/auvergne-rhone-alpes\/isere-38\/grenoble\/l-association-des-etudiants-en-medecine-de-grenoble-suspendue-par-l-universite-pour-des-faits-de-bizutage-6977891\" target=\"_blank\" rel=\"nofollow noopener\">Ici vendredi soir<\/a>, sur son site internet.<\/p>\n<p>Yassine Lakhnech, le pr\u00e9sident de l\u2019UGA, contact\u00e9 ce samedi par Le Dauphin\u00e9 lib\u00e9r\u00e9, confirme que l\u2019agr\u00e9ment de l\u2019AEMG a \u00e9t\u00e9 suspendu par arr\u00eat\u00e9 le 1er\u00a0septembre \u00ab\u00a0sur la base de signalements s\u00e9rieux et concordants\u00a0\u00bb. En juin dernier, le doyen de la facult\u00e9 de m\u00e9decine aurait&#8230;<\/p>\n","protected":false},"excerpt":{"rendered":"En cette rentr\u00e9e 2026, l\u2019Universit\u00e9 Grenoble Alpes a d\u00e9cid\u00e9 de suspendre provisoirement l\u2019Association des \u00e9tudiants en m\u00e9decine (AEMG).&hellip;\n","protected":false},"author":2,"featured_media":1169736,"comment_status":"","ping_status":"","sticky":false,"template":"","format":"standard","meta":{"footnotes":"","_share_on_mastodon":"0"},"categories":[9566],"tags":[1111,11,2430,112,1057,4854,1777,674,274,107,1011,27,2731,2732,108,12,25,71,104,1631],"class_list":["post-1169735","post","type-post","status-publish","format-standard","has-post-thumbnail","category-grenoble","tag-actu","tag-actualites","tag-auvergne-rhone-alpes","tag-edition-grenoble-agglomeration","tag-education","tag-enseignement-superieur","tag-eu","tag-europe","tag-faits-divers-justice","tag-fil-info","tag-fr","tag-france","tag-grenoble","tag-grenoble-bassin","tag-isere","tag-news","tag-republique-francaise","tag-sante","tag-societe","tag-vie-associative"],"share_on_mastodon":{"url":"","error":""},"_links":{"self":[{"href":"https:\/\/www.europesays.com\/fr\/wp-json\/wp\/v2\/posts\/1169735","targetHints":{"allow":["GET"]}}],"collection":[{"href":"https:\/\/www.europesays.com\/fr\/wp-json\/wp\/v2\/posts"}],"about":[{"href":"https:\/\/www.europesays.com\/fr\/wp-json\/wp\/v2\/types\/post"}],"author":[{"embeddable":true,"href":"https:\/\/www.europesays.com\/fr\/wp-json\/wp\/v2\/users\/2"}],"replies":[{"embeddable":true,"href":"https:\/\/www.europesays.com\/fr\/wp-json\/wp\/v2\/comments?post=1169735"}],"version-history":[{"count":0,"href":"https:\/\/www.europesays.com\/fr\/wp-json\/wp\/v2\/posts\/1169735\/revisions"}],"wp:featuredmedia":[{"embeddable":true,"href":"https:\/\/www.europesays.com\/fr\/wp-json\/wp\/v2\/media\/1169736"}],"wp:attachment":[{"href":"https:\/\/www.europesays.com\/fr\/wp-json\/wp\/v2\/media?parent=1169735"}],"wp:term":[{"taxonomy":"category","embeddable":true,"href":"https:\/\/www.europesays.com\/fr\/wp-json\/wp\/v2\/categories?post=1169735"},{"taxonomy":"post_tag","embeddable":true,"href":"https:\/\/www.europesays.com\/fr\/wp-json\/wp\/v2\/tags?post=1169735"}],"curies":[{"name":"wp","href":"https:\/\/api.w.org\/{rel}","templated":true}]}}