{"id":1169737,"date":"2026-09-05T22:43:36","date_gmt":"2026-09-05T22:43:36","guid":{"rendered":"https:\/\/www.europesays.com\/fr\/1169737\/"},"modified":"2026-09-05T22:43:36","modified_gmt":"2026-09-05T22:43:36","slug":"bizutage-lassociation-des-etudiants-en-medecine-de-grenoble-suspendue","status":"publish","type":"post","link":"https:\/\/www.europesays.com\/fr\/1169737\/","title":{"rendered":"Bizutage : l\u2019association des \u00e9tudiants en m\u00e9decine de Grenoble suspendue"},"content":{"rendered":"<p itemprop=\"description\"><strong>L\u2019Universit\u00e9 Grenoble Alpes a suspendu provisoirement l\u2019Association des \u00e9tudiants en m\u00e9decine de Grenoble apr\u00e8s plusieurs signalements de faits pouvant relever du bizutage et de violences sexistes et sexuelles. Un signalement a \u00e9galement \u00e9t\u00e9 adress\u00e9 au procureur de la R\u00e9publique.<\/strong><\/p>\n<p>La rentr\u00e9e est mouvement\u00e9e \u00e0 la facult\u00e9 de m\u00e9decine de Grenoble. Depuis le 1er septembre, l\u2019Association des \u00e9tudiants en m\u00e9decine de Grenoble (AEMG), qui porte notamment le bureau des \u00e9tudiants, est suspendue par l\u2019Universit\u00e9 Grenoble Alpes.<\/p>\n<p>Selon <a href=\"https:\/\/www.ici.fr\/auvergne-rhone-alpes\/isere-38\/grenoble\/l-association-des-etudiants-en-medecine-de-grenoble-suspendue-par-l-universite-pour-des-faits-de-bizutage-6977891\" target=\"_blank\" rel=\"noopener nofollow\">ICI<\/a>, l\u2019\u00e9tablissement \u00e9voque des \u00ab\u00a0manquements \u00e0 la charte des associations\u00a0\u00bb apr\u00e8s avoir re\u00e7u plusieurs t\u00e9moignages concernant des \u00e9v\u00e9nements organis\u00e9s en dehors de l\u2019universit\u00e9.<\/p>\n<p>Dans une r\u00e9ponse \u00e9crite, l\u2019UGA indique avoir \u00e9t\u00e9 alert\u00e9e de \u00ab\u00a0faits et comportements susceptibles de relever de bizutage et pouvant aller jusqu\u2019\u00e0 relever de violence \u00e0 caract\u00e8re sexuelle et sexiste\u00a0\u00bb. L\u2019universit\u00e9 fait \u00e9galement \u00e9tat de faits potentiellement r\u00e9p\u00e9t\u00e9s.<\/p>\n<p>Un signalement transmis au procureur<\/p>\n<p>Une enqu\u00eate est d\u00e9sormais en cours afin \u00ab\u00a0d\u2019\u00e9tablir la mat\u00e9rialit\u00e9 des faits\u00a0\u00bb. L\u2019Universit\u00e9 Grenoble Alpes pr\u00e9cise avoir parall\u00e8lement effectu\u00e9 un signalement aupr\u00e8s du procureur de la R\u00e9publique.<\/p>\n<p>Dans l\u2019attente, l\u2019agr\u00e9ment 2026 de l\u2019AEMG est suspendu et l\u2019examen de son renouvellement pour 2027 est gel\u00e9.<br \/>L\u2019association a elle-m\u00eame annonc\u00e9 sa suspension sur Instagram le 3 septembre, sans d\u00e9tailler les raisons de la d\u00e9cision. Elle a \u00e9galement annul\u00e9 l\u2019ensemble des \u00e9v\u00e9nements d\u2019int\u00e9gration pr\u00e9vus dans les prochains jours.<\/p>\n<p>Conform\u00e9ment \u00e0 la charte des associations \u00e9tudiantes, elle dispose de 15 jours pour transmettre d\u2019\u00e9ventuelles observations \u00e0 la pr\u00e9sidence de l\u2019universit\u00e9.<\/p>\n","protected":false},"excerpt":{"rendered":"L\u2019Universit\u00e9 Grenoble Alpes a suspendu provisoirement l\u2019Association des \u00e9tudiants en m\u00e9decine de Grenoble apr\u00e8s plusieurs signalements de faits&hellip;\n","protected":false},"author":2,"featured_media":1169738,"comment_status":"","ping_status":"","sticky":false,"template":"","format":"standard","meta":{"footnotes":"","_share_on_mastodon":"0"},"categories":[9566],"tags":[1111,11,2813,2430,1109,251,1112,2811,1777,674,118,1011,27,21780,2731,14004,1922,1110,1114,108,12,316,25,2812,517,800],"class_list":["post-1169737","post","type-post","status-publish","format-standard","has-post-thumbnail","category-grenoble","tag-actu","tag-actualites","tag-article","tag-auvergne-rhone-alpes","tag-breves","tag-culture","tag-depeches","tag-economique","tag-eu","tag-europe","tag-faits-divers","tag-fr","tag-france","tag-gf38","tag-grenoble","tag-grenoblemag","tag-info","tag-informations","tag-infos","tag-isere","tag-news","tag-politique","tag-republique-francaise","tag-sociale","tag-sport","tag-transports"],"share_on_mastodon":{"url":"https:\/\/pubeurope.com\/@fr\/117220855423678169","error":""},"_links":{"self":[{"href":"https:\/\/www.europesays.com\/fr\/wp-json\/wp\/v2\/posts\/1169737","targetHints":{"allow":["GET"]}}],"collection":[{"href":"https:\/\/www.europesays.com\/fr\/wp-json\/wp\/v2\/posts"}],"about":[{"href":"https:\/\/www.europesays.com\/fr\/wp-json\/wp\/v2\/types\/post"}],"author":[{"embeddable":true,"href":"https:\/\/www.europesays.com\/fr\/wp-json\/wp\/v2\/users\/2"}],"replies":[{"embeddable":true,"href":"https:\/\/www.europesays.com\/fr\/wp-json\/wp\/v2\/comments?post=1169737"}],"version-history":[{"count":0,"href":"https:\/\/www.europesays.com\/fr\/wp-json\/wp\/v2\/posts\/1169737\/revisions"}],"wp:featuredmedia":[{"embeddable":true,"href":"https:\/\/www.europesays.com\/fr\/wp-json\/wp\/v2\/media\/1169738"}],"wp:attachment":[{"href":"https:\/\/www.europesays.com\/fr\/wp-json\/wp\/v2\/media?parent=1169737"}],"wp:term":[{"taxonomy":"category","embeddable":true,"href":"https:\/\/www.europesays.com\/fr\/wp-json\/wp\/v2\/categories?post=1169737"},{"taxonomy":"post_tag","embeddable":true,"href":"https:\/\/www.europesays.com\/fr\/wp-json\/wp\/v2\/tags?post=1169737"}],"curies":[{"name":"wp","href":"https:\/\/api.w.org\/{rel}","templated":true}]}}