{"id":1169739,"date":"2026-09-05T22:45:20","date_gmt":"2026-09-05T22:45:20","guid":{"rendered":"https:\/\/www.europesays.com\/fr\/1169739\/"},"modified":"2026-09-05T22:45:20","modified_gmt":"2026-09-05T22:45:20","slug":"en-images-rodeo-de-taureaux-et-rallyes-de-moissonneuses-batteuses-font-vibrer-la-campagne-pres-de-rennes","status":"publish","type":"post","link":"https:\/\/www.europesays.com\/fr\/1169739\/","title":{"rendered":"EN IMAGES. Rod\u00e9o de taureaux et rallyes de moissonneuses-batteuses font vibrer la campagne pr\u00e8s de Rennes"},"content":{"rendered":"<p>\n                Article premium,<br \/>\n                    R\u00e9serv\u00e9 aux\u00a0abonn\u00e9s\n            <\/p>\n<p class=\"su-standfirst chapeau\">La 71e f\u00eate de la campagne se poursuit \u00e0 Bain-de-Bretagne\u00a0(Ille-et-Vilaine), ce dimanche 6\u00a0septembre 2026. Les \u00e9preuves de \u00ab\u00a0bull riding\u00a0\u00bb\u00a0(rod\u00e9o de taureaux) et les courses d\u2019engins agricoles sont des temps forts de ce v\u00e9ritable festival organis\u00e9 par les Jeunes agriculteurs qui attendent 25\u00a0000\u00a0visiteurs sur l\u2019ensemble du week-end.<\/p>\n<p>                                        <img decoding=\"async\" class=\"su-media\" src=\"https:\/\/www.europesays.com\/fr\/wp-content\/uploads\/2026\/09\/MjAyNjA5ODY0NTYyMDY1MGQ1OTNkMmNmOTE1NzAxNTc5YWEzZTE.webp\" alt=\"D\u2019impressionnantes d\u00e9monstrations de Bull riding\u00a0(rod\u00e9os avec des taureaux) sont au programme de la 71e f\u00eate de l\u2019agriculture de Bain-de-Bretagne, organis\u00e9e samedi\u00a05 et dimanche 6\u00a0septembre 2026.\"  \/><\/p>\n<p>                            D\u2019impressionnantes d\u00e9monstrations de Bull riding\u00a0(rod\u00e9os avec des taureaux) sont au programme de la 71e f\u00eate de l\u2019agriculture de Bain-de-Bretagne, organis\u00e9e samedi\u00a05 et dimanche 6\u00a0septembre 2026. | MATHIEU PATTIER \/ OUEST FRANCE<\/p>\n<p>                            fermer<\/p>\n<ul class=\"su-row su-carrousel-container su-not-list\" data-suswipe=\"{\" rambo=\"\" .carrousel-nav-bas=\"\" .item=\"\">\n<li class=\"su-col-xs-6 su-col-md-24 carrousel-contenu su-carrousel-item\" data-ofvwidth=\"{\" mobileonly=\"\"><img decoding=\"async\" data-ofmaxheight=\"\" class=\"su-media lazyload\" alt=\"D\u2019impressionnantes d\u00e9monstrations de Bull riding\u00a0(rod\u00e9os avec des taureaux) sont au programme de la 71e f\u00eate de l\u2019agriculture de Bain-de-Bretagne, organis\u00e9e samedi\u00a05 et dimanche 6\u00a0septembre 2026.\" src=\"data:image\/png;base64,iVBORw0KGgoAAAANSUhEUgAAABAAAAAJCAYAAAA7KqwyAAAAGXRFWHRTb2Z0d2FyZQBBZG9iZSBJbWFnZVJlYWR5ccllPAAAABhJREFUeNpi\/P\/\/PwMlgHHUgFEDgAAgwAD+lBrvy+NcxAAAAABJRU5ErkJggg==\" data-oflazyload=\"{&quot;srcset&quot;:&quot;https:\/\/media.ouest-france.fr\/v1\/pictures\/MjAyNjA5ODY0NTYyMDY1MGQ1OTNkMmNmOTE1NzAxNTc5YWEzZTE?width=320&amp;focuspoint=50%2C25&amp;cropresize=1&amp;client_id=bpeditorial&amp;sign=b37afea21950c12d66b97d50864162c1dc062c7830cfde885d5e9b54c6c04d89 320w,https:\/\/media.ouest-france.fr\/v1\/pictures\/MjAyNjA5ODY0NTYyMDY1MGQ1OTNkMmNmOTE1NzAxNTc5YWEzZTE?width=375&amp;focuspoint=50%2C25&amp;cropresize=1&amp;client_id=bpeditorial&amp;sign=effe2d8538b10ab99988bf7f8696363caa17e588c9763bbfd9fab40e10130ef7 360w,https:\/\/media.ouest-france.fr\/v1\/pictures\/MjAyNjA5ODY0NTYyMDY1MGQ1OTNkMmNmOTE1NzAxNTc5YWEzZTE?width=480&amp;focuspoint=50%2C25&amp;cropresize=1&amp;client_id=bpeditorial&amp;sign=3d51aca931275abd1e8d7e2f2c7ebb1e89d3748202b8c05bf096aece2eb02558 480w,https:\/\/media.ouest-france.fr\/v1\/pictures\/MjAyNjA5ODY0NTYyMDY1MGQ1OTNkMmNmOTE1NzAxNTc5YWEzZTE?width=630&amp;focuspoint=50%2C25&amp;cropresize=1&amp;client_id=bpeditorial&amp;sign=d627e14601307751336e7a7b18e8128470bf68bb309279cc65cb4ef105694cac 630w,https:\/\/media.ouest-france.fr\/v1\/pictures\/MjAyNjA5ODY0NTYyMDY1MGQ1OTNkMmNmOTE1NzAxNTc5YWEzZTE?width=940&amp;focuspoint=50%2C25&amp;cropresize=1&amp;client_id=bpeditorial&amp;sign=d8d9035c4b507a7fc216509dcf7a69412a533a3ffba071d33b162bd98915773d 940w,https:\/\/media.ouest-france.fr\/v1\/pictures\/MjAyNjA5ODY0NTYyMDY1MGQ1OTNkMmNmOTE1NzAxNTc5YWEzZTE?width=1260&amp;focuspoint=50%2C25&amp;cropresize=1&amp;client_id=bpeditorial&amp;sign=10e17267046173c5c3153f13dc2143a777a7aa784b374e9366a2c261130d84ed 1260w&quot;}\"\/>D\u2019impressionnantes d\u00e9monstrations de Bull riding\u00a0(rod\u00e9os avec des taureaux) sont au programme de la 71e f\u00eate de l\u2019agriculture de Bain-de-Bretagne, organis\u00e9e samedi\u00a05 et dimanche 6\u00a0septembre 2026. | MATHIEU PATTIER \/ OUEST FRANCE<\/li>\n<\/ul>\n<p>\u00cates-vous pr\u00eats \u00e0 les encourager\u00a0? Cinq, quatre, trois, deux, un\u2026 C\u2019est parti\u00a0! Dans un tonnerre de m\u00e9canique et de panaches de gaz d\u2019\u00e9chappement, plusieurs moissonneuses-batteuses d\u00e9marrent au quart de tour, pilot\u00e9es par leurs chauffeurs prot\u00e9g\u00e9s de casques. Une vraie course d\u2019engins agricoles sur un terrain particuli\u00e8rement bien am\u00e9nag\u00e9. C\u2019est l\u2019un des temps forts de la 71e \u00e9dition de la f\u00eate de la campagne, organis\u00e9e par <a href=\"https:\/\/www.ja35.bzh\/copie-de-fete-de-l-agriculture-1\" target=\"_blank\" rel=\"nofollow noopener\">le syndicat des Jeunes agriculteurs<\/a>, \u00e0 Bain-de-Bretagne\u00a0(Ille-et-Vilaine). Ce v\u00e9ritable festival rural se poursuit ce dimanche 6\u00a0septembre&#8230;<\/p>\n<p style=\"text-align: center; background-color: #dbbe4d; padding-top: 5px; padding-bottom: 5px; font-size: 14px;\"><strong>D\u00e9j\u00e0 abonn\u00e9 ? <\/strong><a data-trkartmonet=\"Identification\" data-trk-sipa=\"{\" blockcategory=\"\" paywall=\"\" href=\"http:\/\/www.ouest-france.fr\/login?redirect=https:\/\/www.ouest-france.fr\/bretagne\/rennes-35000\/en-images-rodeo-de-taureaux-et-rallyes-de-moissonneuses-batteuses-font-vibrer-la-campagne-pres-de-rennes-9205eb1e-a944-11f1-a3f7-c4f38a0eaa1c\" rel=\"nofollow noopener\" title=\"Se connecter \u00e0 Ouest-France\" class=\"su-link-light\" target=\"_blank\">Connectez-vous<\/a><\/p>\n<p style=\"text-align: center; padding-top: 15px; padding-bottom: 8px; vertical-align: bottom;\">bloqu\u00e9<strong> Pour lire la suite, abonnez-vous<\/strong><\/p>\n<p style=\"text-align: center;\"><strong>1er mois \u00e0 1\u20ac<\/strong><\/p>\n<p style=\"text-align: center; margin-top: -5px;\">Annulable \u00e0 tout moment<\/p>\n<p style=\"text-align: center;\">\u00a0<\/p>\n<p style=\"text-align: center;\"><a data-ida=\"\" data-trkartmonet=\"Tunnel OF+\" data-trk-sipa=\"{&#010;\" blockcategory=\"\" paywall=\"\" :=\"\" m=\"\" of=\"\" class=\"su-button su-subscription\" data-trk-bloc=\"paywall\" href=\"https:\/\/abonnement.ouest-france.fr\/tunnel\/pack-essentiel-article\/122096117101?int_medium=lien&amp;int_campaign=PWFR0225-OF&amp;int_content=page-article-payant_boutonjaune-paywall&amp;marquesource=OF&amp;rt=https:\/\/www.ouest-france.fr\/bretagne\/rennes-35000\/en-images-rodeo-de-taureaux-et-rallyes-de-moissonneuses-batteuses-font-vibrer-la-campagne-pres-de-rennes-9205eb1e-a944-11f1-a3f7-c4f38a0eaa1c\" rel=\"nofollow noopener\" target=\"_blank\"><strong>Je m&rsquo;abonne<\/strong><\/a><\/p>\n<p style=\"text-align: center; padding-top: 10px; padding-bottom: 10px;\"><img decoding=\"async\" src=\"https:\/\/media.ouest-france.fr\/v1\/fonts\/be7723fcee3f1866f1ce99184077fc6f-carte-bancaire.svg?height=36\" alt=\"CB\"\/>\u00a0\u00a0<img decoding=\"async\" src=\"https:\/\/media.ouest-france.fr\/v1\/fonts\/1819d54c599d8afa64539cfba4ac9dde-rib.svg?height=36\" alt=\"RIB\"\/>\u00a0\u00a0<img decoding=\"async\" src=\"https:\/\/media.ouest-france.fr\/v1\/fonts\/065fc80d7b6a03d14a834c224ce723e1-paypal.svg?height=36\" alt=\"PAYPAL\"\/><\/p>\n","protected":false},"excerpt":{"rendered":"Article premium, R\u00e9serv\u00e9 aux\u00a0abonn\u00e9s La 71e f\u00eate de la campagne se poursuit \u00e0 Bain-de-Bretagne\u00a0(Ille-et-Vilaine), ce dimanche 6\u00a0septembre 2026.&hellip;\n","protected":false},"author":2,"featured_media":1169740,"comment_status":"","ping_status":"","sticky":false,"template":"","format":"standard","meta":{"footnotes":"","_share_on_mastodon":"0"},"categories":[2821],"tags":[1111,11,28368,829,26739,1777,674,3337,14537,12854,1011,27,848,83200,88344,12,3086,584,25,121071,18823],"class_list":["post-1169739","post","type-post","status-publish","format-standard","has-post-thumbnail","category-rennes","tag-actu","tag-actualites","tag-bain-de-bretagne","tag-bretagne","tag-bruz","tag-eu","tag-europe","tag-festivals","tag-fetes","tag-fougeres","tag-fr","tag-france","tag-ille-et-vilaine","tag-janze","tag-louvigne-du-desert","tag-news","tag-redon","tag-rennes","tag-republique-francaise","tag-ruralites","tag-vitre"],"share_on_mastodon":{"url":"https:\/\/pubeurope.com\/@fr\/117220864876803520","error":""},"_links":{"self":[{"href":"https:\/\/www.europesays.com\/fr\/wp-json\/wp\/v2\/posts\/1169739","targetHints":{"allow":["GET"]}}],"collection":[{"href":"https:\/\/www.europesays.com\/fr\/wp-json\/wp\/v2\/posts"}],"about":[{"href":"https:\/\/www.europesays.com\/fr\/wp-json\/wp\/v2\/types\/post"}],"author":[{"embeddable":true,"href":"https:\/\/www.europesays.com\/fr\/wp-json\/wp\/v2\/users\/2"}],"replies":[{"embeddable":true,"href":"https:\/\/www.europesays.com\/fr\/wp-json\/wp\/v2\/comments?post=1169739"}],"version-history":[{"count":0,"href":"https:\/\/www.europesays.com\/fr\/wp-json\/wp\/v2\/posts\/1169739\/revisions"}],"wp:featuredmedia":[{"embeddable":true,"href":"https:\/\/www.europesays.com\/fr\/wp-json\/wp\/v2\/media\/1169740"}],"wp:attachment":[{"href":"https:\/\/www.europesays.com\/fr\/wp-json\/wp\/v2\/media?parent=1169739"}],"wp:term":[{"taxonomy":"category","embeddable":true,"href":"https:\/\/www.europesays.com\/fr\/wp-json\/wp\/v2\/categories?post=1169739"},{"taxonomy":"post_tag","embeddable":true,"href":"https:\/\/www.europesays.com\/fr\/wp-json\/wp\/v2\/tags?post=1169739"}],"curies":[{"name":"wp","href":"https:\/\/api.w.org\/{rel}","templated":true}]}}