{"id":1169743,"date":"2026-09-05T22:47:26","date_gmt":"2026-09-05T22:47:26","guid":{"rendered":"https:\/\/www.europesays.com\/fr\/1169743\/"},"modified":"2026-09-05T22:47:26","modified_gmt":"2026-09-05T22:47:26","slug":"on-en-sort-fatigue-rencontre-avec-un-pompier-strasbourgeois-envoye-sur-des-feux-de-forets","status":"publish","type":"post","link":"https:\/\/www.europesays.com\/fr\/1169743\/","title":{"rendered":"\u00ab On en sort fatigu\u00e9 \u00bb : rencontre avec un pompier strasbourgeois envoy\u00e9 sur des feux de for\u00eats"},"content":{"rendered":"<p><b>Pr\u00e8s de 150 sapeurs-pompiers professionnel(le)s et volontaires du Bas-Rhin ont \u00e9t\u00e9 d\u00e9ploy\u00e9(e)s sur les feux de for\u00eats \u00e0 travers toute la France durant tout l\u2019\u00e9t\u00e9. Rencontre avec le commandant Claude Boehm, chef de colonne en feu de for\u00eat sur le terrain, qui est intervenu sur deux incendies dans le Var avec ses \u00e9quipes.<\/b><\/p>\n<p>Cet \u00e9t\u00e9 encore, l\u2019espace m\u00e9diatique a refl\u00e9t\u00e9 le combat des plus de 250 000 sapeurs-pompiers de l\u2019Hexagone. <b>Au terme d\u2019une p\u00e9riode estivale marqu\u00e9e par les feux de for\u00eats aux quatre coins de la France<\/b>, des vocations sont m\u00eame n\u00e9es.<\/p>\n<p>Rien que dans le Bas-Rhin, \u00ab\u00a0<b>o<\/b><b>n a enregistr\u00e9 une hausse de pr\u00e8s de 47%<\/b> <b>de demandes d\u2019engagement suppl\u00e9mentaires au mois de juillet et de 50% au mois d\u2019ao\u00fbt<\/b>\u00a0\u00bb, relate le lieutenant-colonel Olivier Martin, chef du groupement volontariat et citoyennet\u00e9 du SDIS du Bas-Rhin.<\/p>\n<p>    <img width=\"800\" height=\"450\" src=\"https:\/\/www.europesays.com\/fr\/wp-content\/uploads\/2026\/09\/img-5429-800x450.jpg\" class=\"attachment-image-size-L size-image-size-L\" alt=\"Camions pompier\" decoding=\"async\" loading=\"lazy\"  \/>         \u00a9 Jules Scheuer \/ Pokaa <\/p>\n<p>\u00c0 titre d\u2019exemple, <b>150 sapeurs-pompiers professionnel(le)s et volontaires du d\u00e9partement ont pr\u00eat\u00e9 main-forte dans les autres r\u00e9gions de France<\/b>, pour lutter contre les feux de for\u00eats. Une petite partie \u00e9tait engag\u00e9e avec le commandant Claude Boehm, chef de colonne en feu de for\u00eat sur le terrain. <b>Du 17 au 24 juillet dernier, il est intervenu sur les incendies de Taradeau et Pont-l\u2019\u00c9v\u00eaque dans le Var<\/b>.<\/p>\n<p>Pendant cette semaine, \u00ab\u00a0on a \u00e9t\u00e9 engag\u00e9 en pr\u00e9ventif. Au vu des conditions m\u00e9t\u00e9orologiques et de la s\u00e9cheresse des v\u00e9g\u00e9taux, le d\u00e9partement du Var \u00e9tait class\u00e9 en risque tr\u00e8s s\u00e9v\u00e8re. <b>On est arriv\u00e9s le vendredi dans la soir\u00e9e et on a commenc\u00e9 les engagements d\u00e8s le samedi<\/b>\u00a0\u00bb, raconte le sapeur-pompier.<\/p>\n<p>Deux colonnes mobilisables dans le Grand Est<\/p>\n<p>Depuis plusieurs ann\u00e9es, les r\u00e9gions fran\u00e7aises moins sujettes aux feux de for\u00eats constituent <b>des colonnes, compos\u00e9es de 72 pompiers et d\u2019une quinzaine de v\u00e9hicules, pr\u00eates \u00e0 intervenir<\/b>. Durant toute la saison des feux de for\u00eats, du 15 juin au 15 septembre, deux colonnes sont ainsi mobilisables dans le Grand Est.<\/p>\n<p>D\u00e8s son deuxi\u00e8me jour sur le terrain avec les sapeurs-pompiers, le commandant Claude Boehm est rapidement pass\u00e9 \u00e0 l\u2019action sur le feu de Taradeau. \u00ab <b>C\u2019est un feu qui a avanc\u00e9 tr\u00e8s vite et qui est arriv\u00e9 tr\u00e8s rapidement sur la commune voisine de Les Arcs<\/b>. Plusieurs dizaines d\u2019habitations ont \u00e9t\u00e9 directement menac\u00e9es par les flammes. On a \u00e9t\u00e9 parmi les premiers \u00e0 arriver. \u00bb<\/p>\n<p>    <img width=\"800\" height=\"450\" src=\"https:\/\/www.europesays.com\/fr\/wp-content\/uploads\/2026\/09\/img-5418-800x450.jpg\" class=\"attachment-image-size-L size-image-size-L\" alt=\"Pompier Var Strasbourg\" decoding=\"async\" loading=\"lazy\"  \/>         \u00a9 Jules Scheuer \/ Pokaa <\/p>\n<p>\u00ab\u00a0Si je dois retenir une image, <b>ce sont les gens qui n\u2019avaient pas pu \u00e9vacuer et qui essayaient de d\u00e9fendre leur bien, co\u00fbte que co\u00fbte<\/b>. Certains se sont fait encercler par les flammes. \u00c7a allait tellement vite qu\u2019on a \u00e9t\u00e9 oblig\u00e9s d\u2019aller les chercher pour les d\u00e9gager et les mettre \u00e0 l\u2019abri\u00a0\u00bb, se rem\u00e9more-t-il.<\/p>\n<p>Cette mobilisation s\u2019est \u00e9tendue sur sept jours et elle a laiss\u00e9 des organismes us\u00e9s. \u00ab C\u2019est bien simple, on n\u2019a pas arr\u00eat\u00e9 toute la semaine. <b>On a pu dormir deux heures par-ci, deux heures par-l\u00e0. On en sort extr\u00eamement fatigu\u00e9. <\/b>On a quand m\u00eame une part de d\u00e9ception, on aurait bien aim\u00e9 rester sur le terrain, parce que les feux continuaient. <b>On a \u00e9t\u00e9 d\u00e9sengag\u00e9s alors que le feu de Pont-l\u2019\u00c9v\u00eaque \u00e9tait toujours en cours\u00a0<\/b>\u00bb, explique le commandant.\u00a0<\/p>\n<blockquote><p>\n        Pendant la canicule, le secours \u00e0 personne a explos\u00e9. On a doubl\u00e9 le nombre d&rsquo;interventions journali\u00e8res.     <\/p><\/blockquote>\n<p>            Commandant Claude Boehm, chef de colonne en feu de for\u00eat sur le terrain<\/p>\n<p>Lors de ces interventions, la fatigue peut rapidement devenir l\u2019ennemi num\u00e9ro un, notamment avec des \u00e9quipements pouvant peser jusqu\u2019\u00e0 30 kilos. \u00ab On peut aller jusqu\u2019au malaise.<b> Il suffit qu\u2019on ait loup\u00e9 une \u00e9tape d\u2019hydratation pendant qu\u2019on d\u00e9fend la population ou des biens.<\/b> \u00bb<\/p>\n<p>\u00ab\u00a0Il vaut mieux faire ce turnover pour ne pas aller \u00e0 la blessure, voire au drame. <b>Quand je pars en colonne avec 70 gars, l\u2019id\u00e9e c\u2019est de revenir avec les 70 et qu\u2019on ait pas de bless\u00e9.<\/b> \u00bb<\/p>\n<p>Selon le commandant Claude Boehm, la p\u00e9riode estivale \u00e9coul\u00e9e a \u00e9t\u00e9 particuli\u00e8rement singuli\u00e8re. \u00ab\u00a0<b>La difficult\u00e9, c\u2019\u00e9tait de tenir dans le temps. Beaucoup de feux ont dur\u00e9 longtemps, ont \u00e9t\u00e9 tr\u00e8s techniques.<\/b> Des fois, le vent se relevait et changeait la situation, l\u2019arri\u00e8re du feu devenait l\u2019avant. Il a fallu faire face sans cesse. C\u2019est le taux de rotation du personnel qu\u2019il a fallu g\u00e9rer cette ann\u00e9e. \u00bb<\/p>\n<p>    <img width=\"800\" height=\"532\" src=\"https:\/\/www.europesays.com\/fr\/wp-content\/uploads\/2026\/09\/fire-forest-800x532.jpg\" class=\"attachment-image-size-L size-image-size-L\" alt=\"feu de for\u00eat incendie pompiers\" decoding=\"async\" loading=\"lazy\"  \/>         \u00a9 Wikimedia commons &#8211; Cameron Strandberg \/ Capture d&rsquo;\u00e9cran <\/p>\n<p>\u00ab\u00a0C\u2019est aussi un \u00e9t\u00e9 particulier parce qu\u2019on a eu des feux en simultan\u00e9.<b> <\/b>Les moyens nationaux de s\u00e9curit\u00e9 civile ont d\u00fb \u00eatre diss\u00e9min\u00e9s partout sur le territoire, <b>ce qui fait qu\u2019on avait moins de moyens a\u00e9riens massifs disponibles sur un gros feu<\/b>, <b>vu qu\u2019il y en avait partout<\/b>. On a l\u2019impression que tous les \u00e9t\u00e9s battent de nouveaux records \u00bb, commente-t-il, d\u00e9sabus\u00e9.<\/p>\n<p>Alors que les temp\u00e9ratures baissent enfin dans une partie de l\u2019Hexagone, la saison des feux de for\u00eats n\u2019est pas encore referm\u00e9e, et un long travail de sape attend encore la profession. \u00ab<b>\u00a0<\/b><b>On a un tr\u00e8s long travail de noyage \u00e0 la lisi\u00e8re de ce qui n\u2019a pas br\u00fbl\u00e9. <\/b>On doit aussi faire du grattage de souche, de l\u2019abattage d\u2019arbres qui menacent de tomber, et on va lutter contre les fumerons. <b>\u00c7a peut durer plusieurs jours, voire plusieurs semaines.<\/b><b>\u00a0<\/b>\u00bb<\/p>\n<p>\u00ab\u00a0On n&rsquo;a pas besoin d&rsquo;un athl\u00e8te de haut niveau\u00a0\u00bb<\/p>\n<p>Pour le sapeur-pompier,<strong> cette ann\u00e9e a \u00e9t\u00e9 \u00ab\u00a0<\/strong><strong>exceptionnelle \u00e0 deux titres<\/strong>. La premi\u00e8re c\u2019est le nombre de pompiers engag\u00e9s sur plusieurs feux simultan\u00e9s sur toutes les r\u00e9gions de France. La deuxi\u00e8me, c\u2019est qu\u2019<strong>on avait ici aussi un \u00e9tat de s\u00e9cheresse avanc\u00e9e avec une hygrom\u00e9trie relativement basse<\/strong><strong>\u00a0<\/strong>\u00bb.<\/p>\n<p>Car en parall\u00e8le du d\u00e9ploiement de ces 150 sapeurs-pompiers dans le reste de la France, il a fallu faire face \u00e0 d\u2019importants besoins dans le d\u00e9partement. \u00ab <b>Pendant la canicule, le secours \u00e0 personne a explos\u00e9. On a doubl\u00e9 le nombre d\u2019interventions journali\u00e8res. <\/b>\u00c7a a \u00e9t\u00e9 compliqu\u00e9 de garder de la ressource et en m\u00eame temps de valider le fait qu\u2019on parte donner un coup de main sur le territoire national. <b>Mais il fallait qu\u2019on se serre les coudes<\/b>\u00a0\u00bb, explique Claude Boehm.<\/p>\n<p>    <img width=\"800\" height=\"600\" src=\"https:\/\/www.europesays.com\/fr\/wp-content\/uploads\/2026\/09\/img-9116-800x600.jpeg\" class=\"attachment-image-size-L size-image-size-L\" alt=\"Pompier incendie\" decoding=\"async\" loading=\"lazy\"  \/>         \u00a9 Anthony Jilli \/ Pokaa <\/p>\n<p>\u00ab\u00a0Tous les ans, les interventions augmentent. Donc il faut de la main-d\u2019oeuvre, il faut de la ressource\u00a0\u00bb, conclut-il. Alors que <b>78% des sapeurs-pompiers sont volontaires en France<\/b> selon <a href=\"https:\/\/www.interieur.gouv.fr\/documentation\/etudes-et-statistiques\/statistiques-2024-dgscgc.html\" target=\"_blank\" rel=\"noopener nofollow\">les chiffres du minist\u00e8re de l\u2019Int\u00e9rieur<\/a>, l\u2019explosion des demandes d\u2019engagement dans la profession cet \u00e9t\u00e9 est forc\u00e9ment bienvenue. <b>Des demandes qui pourraient aboutir d\u00e8s 2027. <\/b>\u00ab\u00a0Dans les six \u00e0 neuf mois apr\u00e8s le d\u00e9p\u00f4t d\u2019une candidature, on peut avoir un sapeur-pompier volontaire op\u00e9rationnel dans nos camions \u00bb, rappelle le lieutenant-colonel Olivier Martin.<\/p>\n<p>Le chef du groupement volontariat et citoyennet\u00e9 du SDIS du Bas-Rhin a \u00e9galement tenu \u00e0 temp\u00e9rer l\u2019imaginaire collectif. \u00ab<b>\u00a0<\/b><b>On n\u2019a pas besoin d\u2019un athl\u00e8te de haut niveau. On cherche des gens engag\u00e9s, avec un minimum de condition physique<\/b> pour mener \u00e0 bien les missions en s\u00e9curit\u00e9. \u00bb<\/p>\n","protected":false},"excerpt":{"rendered":"Pr\u00e8s de 150 sapeurs-pompiers professionnel(le)s et volontaires du Bas-Rhin ont \u00e9t\u00e9 d\u00e9ploy\u00e9(e)s sur les feux de for\u00eats \u00e0&hellip;\n","protected":false},"author":2,"featured_media":1169744,"comment_status":"","ping_status":"","sticky":false,"template":"","format":"standard","meta":{"footnotes":"","_share_on_mastodon":"0"},"categories":[2820],"tags":[1111,11,76132,1777,674,27571,1011,27,775,5383,12,1311,25,640,58524],"class_list":["post-1169743","post","type-post","status-publish","format-standard","has-post-thumbnail","category-strasbourg","tag-actu","tag-actualites","tag-alsace-actualite","tag-eu","tag-europe","tag-feux-de-foret","tag-fr","tag-france","tag-grand-est","tag-incendies","tag-news","tag-pompiers","tag-republique-francaise","tag-strasbourg","tag-strasbourg-actualite"],"share_on_mastodon":{"url":"https:\/\/pubeurope.com\/@fr\/117220872716643266","error":""},"_links":{"self":[{"href":"https:\/\/www.europesays.com\/fr\/wp-json\/wp\/v2\/posts\/1169743","targetHints":{"allow":["GET"]}}],"collection":[{"href":"https:\/\/www.europesays.com\/fr\/wp-json\/wp\/v2\/posts"}],"about":[{"href":"https:\/\/www.europesays.com\/fr\/wp-json\/wp\/v2\/types\/post"}],"author":[{"embeddable":true,"href":"https:\/\/www.europesays.com\/fr\/wp-json\/wp\/v2\/users\/2"}],"replies":[{"embeddable":true,"href":"https:\/\/www.europesays.com\/fr\/wp-json\/wp\/v2\/comments?post=1169743"}],"version-history":[{"count":0,"href":"https:\/\/www.europesays.com\/fr\/wp-json\/wp\/v2\/posts\/1169743\/revisions"}],"wp:featuredmedia":[{"embeddable":true,"href":"https:\/\/www.europesays.com\/fr\/wp-json\/wp\/v2\/media\/1169744"}],"wp:attachment":[{"href":"https:\/\/www.europesays.com\/fr\/wp-json\/wp\/v2\/media?parent=1169743"}],"wp:term":[{"taxonomy":"category","embeddable":true,"href":"https:\/\/www.europesays.com\/fr\/wp-json\/wp\/v2\/categories?post=1169743"},{"taxonomy":"post_tag","embeddable":true,"href":"https:\/\/www.europesays.com\/fr\/wp-json\/wp\/v2\/tags?post=1169743"}],"curies":[{"name":"wp","href":"https:\/\/api.w.org\/{rel}","templated":true}]}}