{"id":1169766,"date":"2026-09-05T23:05:20","date_gmt":"2026-09-05T23:05:20","guid":{"rendered":"https:\/\/www.europesays.com\/fr\/1169766\/"},"modified":"2026-09-05T23:05:20","modified_gmt":"2026-09-05T23:05:20","slug":"le-petit-pavillon-condamne-pour-travaux-non-autorises-sur-la-corniche","status":"publish","type":"post","link":"https:\/\/www.europesays.com\/fr\/1169766\/","title":{"rendered":"Le Petit pavillon condamn\u00e9 pour travaux non autoris\u00e9s sur la Corniche"},"content":{"rendered":"\n<p>Trois mois apr\u00e8s son passage devant le tribunal correctionnel de Marseille, Georges Jacomino, g\u00e9rant du restaurant Le Petit pavillon, situ\u00e9 corniche Kennedy (7e), a \u00e9t\u00e9 condamn\u00e9 \u00e0 une amende de 30\u00a0000\u00a0euros, dont 15\u00a0000 avec sursis.<\/p>\n<p>Sa soci\u00e9t\u00e9 \u00e9cope de 70\u00a0000\u00a0euros d\u2019amende, dont 20\u00a0000 avec sursis, assortie d\u2019une obligation de remise en \u00e9tat des lieux dans un d\u00e9lai d\u2019un an sous astreinte de 100\u00a0euros par jour de retard \u00e0 compter de l\u2019expiration du d\u00e9lai.<\/p>\n<p>L\u2019homme \u00e9tait poursuivi pour une s\u00e9rie de travaux non autoris\u00e9s pour partie sur le domaine maritime public, sur un site class\u00e9. Parmi eux\u00a0: cr\u00e9ation d\u2019un escalier en b\u00e9ton alors qu\u2019il \u00e9tait pr\u00e9vu dans sa d\u00e9claration pr\u00e9alable en bois brut et plus petit, construction, sans autorisation, d\u2019une nouvelle terrasse avec percement des fondations dans les rochers, cr\u00e9ation d\u2019une v\u00e9randa&#8230;<\/p>\n","protected":false},"excerpt":{"rendered":"Trois mois apr\u00e8s son passage devant le tribunal correctionnel de Marseille, Georges Jacomino, g\u00e9rant du restaurant Le Petit&hellip;\n","protected":false},"author":2,"featured_media":1169767,"comment_status":"","ping_status":"","sticky":false,"template":"","format":"standard","meta":{"footnotes":"","_share_on_mastodon":"0"},"categories":[2814],"tags":[1111,11,1777,674,1011,27,884,12,121072,882,25],"class_list":["post-1169766","post","type-post","status-publish","format-standard","has-post-thumbnail","category-marseille","tag-actu","tag-actualites","tag-eu","tag-europe","tag-fr","tag-france","tag-marseille","tag-news","tag-petit-pavillon","tag-provence-alpes-cote-dazur","tag-republique-francaise"],"share_on_mastodon":{"url":"https:\/\/pubeurope.com\/@fr\/117220941983343081","error":""},"_links":{"self":[{"href":"https:\/\/www.europesays.com\/fr\/wp-json\/wp\/v2\/posts\/1169766","targetHints":{"allow":["GET"]}}],"collection":[{"href":"https:\/\/www.europesays.com\/fr\/wp-json\/wp\/v2\/posts"}],"about":[{"href":"https:\/\/www.europesays.com\/fr\/wp-json\/wp\/v2\/types\/post"}],"author":[{"embeddable":true,"href":"https:\/\/www.europesays.com\/fr\/wp-json\/wp\/v2\/users\/2"}],"replies":[{"embeddable":true,"href":"https:\/\/www.europesays.com\/fr\/wp-json\/wp\/v2\/comments?post=1169766"}],"version-history":[{"count":0,"href":"https:\/\/www.europesays.com\/fr\/wp-json\/wp\/v2\/posts\/1169766\/revisions"}],"wp:featuredmedia":[{"embeddable":true,"href":"https:\/\/www.europesays.com\/fr\/wp-json\/wp\/v2\/media\/1169767"}],"wp:attachment":[{"href":"https:\/\/www.europesays.com\/fr\/wp-json\/wp\/v2\/media?parent=1169766"}],"wp:term":[{"taxonomy":"category","embeddable":true,"href":"https:\/\/www.europesays.com\/fr\/wp-json\/wp\/v2\/categories?post=1169766"},{"taxonomy":"post_tag","embeddable":true,"href":"https:\/\/www.europesays.com\/fr\/wp-json\/wp\/v2\/tags?post=1169766"}],"curies":[{"name":"wp","href":"https:\/\/api.w.org\/{rel}","templated":true}]}}