{"id":1169768,"date":"2026-09-05T23:06:19","date_gmt":"2026-09-05T23:06:19","guid":{"rendered":"https:\/\/www.europesays.com\/fr\/1169768\/"},"modified":"2026-09-05T23:06:19","modified_gmt":"2026-09-05T23:06:19","slug":"le-psg-domine-lens-sans-trembler-marseille-soffre-le-havre","status":"publish","type":"post","link":"https:\/\/www.europesays.com\/fr\/1169768\/","title":{"rendered":"Le PSG domine Lens sans trembler, Marseille s&rsquo;offre Le Havre"},"content":{"rendered":"<p class=\"mb-4 text-lg md:leading-8 break-words\">Le Paris Saint-Germain s&rsquo;est impos\u00e9 contre Lens lors de son premier match de la saison en Arkema Premi\u00e8re Ligue (2-0). Marseille a \u00e9galement bien d\u00e9but\u00e9 contre Le Havre (1-0).<\/p>\n<p class=\"mb-4 text-lg md:leading-8 break-words\">Les cadors ont assur\u00e9 pour leur rentr\u00e9e en Arkema Premi\u00e8re Ligue. Apr\u00e8s l&rsquo;OL Lyonnes contre Fleury (7-1) et Montpellier face \u00e0 Toulouse (5-1), le Paris Saint-Germain a \u00e9galement tenu son rang. Oppos\u00e9 au RC Lens, rep\u00each\u00e9 dans l&rsquo;\u00e9lite apr\u00e8s l&rsquo;exclusion par la DNCG de Dijon, le club de la capitale a rapidement ouvert la marque.<\/p>\n<p class=\"mb-4 text-lg md:leading-8 break-words\">Rasheedat Ajibade, qui a atteint les demi-finales de la CAN avec le Nigeria cet \u00e9t\u00e9, a d\u00e9bloqu\u00e9 la situation d&rsquo;entr\u00e9e (3e). Puis en seconde p\u00e9riode, Laureen Oillic a marqu\u00e9 contre son camp (73e), donnant de l&rsquo;air \u00e0 Paris.<\/p>\n<p class=\"mb-4 text-lg md:leading-8 break-words\">Marseille a assur\u00e9 l&rsquo;essentiel<\/p>\n<p class=\"mb-4 text-lg md:leading-8 break-words\">De leur c\u00f4t\u00e9, les Marseillaises ont domin\u00e9 par la plus petite des marges Le Havre (1-0), gr\u00e2ce \u00e0 un but inscrit apr\u00e8s la demi-heure de jeu par la Portugaise Nelly Rodrigues (33e). L&rsquo;OM a ensuite tenu son avance au terme d&rsquo;un match \u00e9quilibr\u00e9. Le club phoc\u00e9en tentera d&rsquo;encha\u00eener samedi prochain, contre Lens.<\/p>\n<p class=\"mb-4 text-lg md:leading-8 break-words\">Le classement de l&rsquo;Arkema Premi\u00e8re Ligue<\/p>\n<p class=\"mb-4 text-lg md:leading-8 break-words\">L&rsquo;\u00c9quipe &#8211; R\u00e9daction<\/p>\n","protected":false},"excerpt":{"rendered":"Le Paris Saint-Germain s&rsquo;est impos\u00e9 contre Lens lors de son premier match de la saison en Arkema Premi\u00e8re&hellip;\n","protected":false},"author":2,"featured_media":1169769,"comment_status":"","ping_status":"","sticky":false,"template":"","format":"standard","meta":{"footnotes":"","_share_on_mastodon":"0"},"categories":[2814],"tags":[12106,1111,11,121075,121073,121076,1777,674,1011,27,5162,884,12,91,882,93,121074,25],"class_list":["post-1169768","post","type-post","status-publish","format-standard","has-post-thumbnail","category-marseille","tag-12106","tag-actu","tag-actualites","tag-contre-lens","tag-contre-lens-lors-de-son","tag-e-garnier-lequipe","tag-eu","tag-europe","tag-fr","tag-france","tag-le-havre","tag-marseille","tag-news","tag-paris-saint-germain","tag-provence-alpes-cote-dazur","tag-psg","tag-rasheedat-ajibade","tag-republique-francaise"],"share_on_mastodon":{"url":"https:\/\/pubeurope.com\/@fr\/117220945910512351","error":""},"_links":{"self":[{"href":"https:\/\/www.europesays.com\/fr\/wp-json\/wp\/v2\/posts\/1169768","targetHints":{"allow":["GET"]}}],"collection":[{"href":"https:\/\/www.europesays.com\/fr\/wp-json\/wp\/v2\/posts"}],"about":[{"href":"https:\/\/www.europesays.com\/fr\/wp-json\/wp\/v2\/types\/post"}],"author":[{"embeddable":true,"href":"https:\/\/www.europesays.com\/fr\/wp-json\/wp\/v2\/users\/2"}],"replies":[{"embeddable":true,"href":"https:\/\/www.europesays.com\/fr\/wp-json\/wp\/v2\/comments?post=1169768"}],"version-history":[{"count":0,"href":"https:\/\/www.europesays.com\/fr\/wp-json\/wp\/v2\/posts\/1169768\/revisions"}],"wp:featuredmedia":[{"embeddable":true,"href":"https:\/\/www.europesays.com\/fr\/wp-json\/wp\/v2\/media\/1169769"}],"wp:attachment":[{"href":"https:\/\/www.europesays.com\/fr\/wp-json\/wp\/v2\/media?parent=1169768"}],"wp:term":[{"taxonomy":"category","embeddable":true,"href":"https:\/\/www.europesays.com\/fr\/wp-json\/wp\/v2\/categories?post=1169768"},{"taxonomy":"post_tag","embeddable":true,"href":"https:\/\/www.europesays.com\/fr\/wp-json\/wp\/v2\/tags?post=1169768"}],"curies":[{"name":"wp","href":"https:\/\/api.w.org\/{rel}","templated":true}]}}