{"id":116977,"date":"2025-05-21T13:40:10","date_gmt":"2025-05-21T13:40:10","guid":{"rendered":"https:\/\/www.europesays.com\/fr\/116977\/"},"modified":"2025-05-21T13:40:10","modified_gmt":"2025-05-21T13:40:10","slug":"emue-aux-larmes-a-miss-monde-agathe-cauet-evoque-sa-tumeur-le-moment-le-plus-difficile-de-ma-vie","status":"publish","type":"post","link":"https:\/\/www.europesays.com\/fr\/116977\/","title":{"rendered":"\u00c9mue aux larmes \u00e0 Miss Monde, Agathe Cauet \u00e9voque sa tumeur : \u00ab\u00a0Le moment le plus difficile de ma vie\u00a0\u00bb"},"content":{"rendered":"<p>Toujours en Inde o\u00f9 la comp\u00e9tition bat son plein, la Nordiste de 26 ans a enfin pu partager son histoire personnelle avec les autres candidates lors du Head to Head Challenge.La premi\u00e8re dauphine de Miss France 2023 a racont\u00e9 comment son combat contre une tumeur bordeline \u00e0 l&rsquo;\u00e2ge de 17 ans l&rsquo;avait \u00ab\u00a0chang\u00e9e \u00e0 jamais\u00a0\u00bb.Son discours bouleversant a touch\u00e9 jusqu&rsquo;\u00e0 la grande patronne du concours, venue sur sc\u00e8ne la r\u00e9conforter.<\/p>\n<p data-module=\"article-paragraph\" class=\"jsx-362436225 Paragraph Paragraph__End\">Elle nous en parlait<a href=\"https:\/\/www.tf1info.fr\/culture\/interview-candidate-de-la-france-agathe-cauet-en-route-pour-miss-monde-tous-les-soirs-en-m-endormant-je-suis-couronnee-2368718.html\" target=\"_blank\" rel=\"noopener\"> comme d\u2019une \u00ab\u00a0\u00e9vidence\u00a0\u00bb<\/a>. Agathe Cauet n&rsquo;a pas h\u00e9sit\u00e9 bien longtemps au moment de choisir la cause qu&rsquo;elle d\u00e9fendrait lors de Miss Monde, \u00ab\u00a0tr\u00e8s ax\u00e9 sur l&rsquo;engagement\u00a0\u00bb selon<a href=\"https:\/\/www.tf1info.fr\/culture\/programme-tv-tf1-miss-france-2023-l-interview-decalee-d-agathe-cauet-miss-nord-pas-de-calais-2237300.html\" target=\"_blank\" rel=\"noopener\"> l\u2019ancienne Miss Nord-Pas-de-Calais<\/a>. En Inde depuis deux semaines, la reine de beaut\u00e9 de 26 ans a enfin pu raconter \u00e0 l&rsquo;organisation du concours international \u00ab\u00a0l&rsquo;exp\u00e9rience qui l&rsquo;a chang\u00e9e \u00e0 jamais\u00a0\u00bb. Et d\u00e9tailler pourquoi elle souhaitait mettre en lumi\u00e8re l&rsquo;accompagnement des familles touch\u00e9es par les cancers p\u00e9diatriques. \u00ab\u00a0Je suis une personne tr\u00e8s sensible qui aime aider les autres\u00a0\u00bb, a-t-elle d\u00e9clar\u00e9 en anglais lors du Head to Head Challenge, l&rsquo;une des \u00e9preuves qualificatives. Avant de poursuivre sur son parcours.<\/p>\n<blockquote class=\"jsx-2786790838 Quote__Text\"><p>J&rsquo;ai re\u00e7u le diagnostic. J&rsquo;avais une tumeur bordeline de 9 kilos sur mon ovaire droit. Je n&rsquo;avais que 17 ans<\/p><\/blockquote>\n<p>Agathe Cauet<\/p>\n<p data-module=\"article-paragraph\" class=\"jsx-362436225 Paragraph Paragraph__End\">\u00ab\u00a0Quand j&rsquo;\u00e9tais adolescente, quelque chose d&rsquo;\u00e9trange m&rsquo;est arriv\u00e9. Mon ventre \u00e9tait gonfl\u00e9 et je ne comprenais pas pourquoi, pourquoi je n&rsquo;avais pas la m\u00eame taille que les autres filles. J&rsquo;ai essay\u00e9 beaucoup de choses pour le cacher, un manteau, une ceinture\u2026 Mais rien n&rsquo;a chang\u00e9. Alors un jour j&rsquo;en ai parl\u00e9 \u00e0 mes parents. Nous sommes all\u00e9s voir un m\u00e9decin\u00a0\u00bb, se souvient-elle. Agathe Cauet s\u2019arr\u00eate, rattrap\u00e9e par l&rsquo;\u00e9motion, l\u00e2chant un \u00ab\u00a0d\u00e9sol\u00e9e\u00a0\u00bb. \u00ab\u00a0J&rsquo;ai re\u00e7u le diagnostic. J&rsquo;avais une tumeur bordeline de 9 kilos sur mon ovaire droit. Je n&rsquo;avais que 17 ans, c&rsquo;\u00e9tait le moment le plus difficile de ma vie parce que j&rsquo;ai entendu beaucoup de mots effrayants comme chimioth\u00e9rapie, cancer, stomie\u2026\u00a0\u00bb, ajoute-t-elle, les larmes aux yeux.<\/p>\n<p data-module=\"article-paragraph\" class=\"jsx-362436225 Paragraph Paragraph__End\">Agathe Cauet cite ses parents qui ont pour habitude de dire qu&rsquo;elle a \u00ab\u00a0eu de la chance dans sa malchance\u00a0\u00bb. \u00ab\u00a0C&rsquo;est vrai parce que la chirurgie a permis d&rsquo;enlever toute la tumeur. Mais j&rsquo;ai perdu mon ovaire droit et ma trompe de Fallope. Maintenant, j&rsquo;ai une cicatrice de 7 cm sur mon nombril. C&rsquo;est mon plus grand complexe aujourd&rsquo;hui\u00a0\u00bb, confesse-t-elle, tr\u00e8s applaudie par ses concurrentes mais aussi et surtout par <a href=\"https:\/\/www.tf1info.fr\/culture\/en-direct-miss-monde-2023-france-clemence-botino-en-quete-de-la-couronne-favorites-2288822.html\" target=\"_blank\" rel=\"noopener\">la Miss Monde en titre Krystyna Pyszkova <\/a>et Julia Morley, la tr\u00e8s influente dirigeante du concours. L&rsquo;octog\u00e9naire n&rsquo;a pas quitt\u00e9 la Fran\u00e7aise, l&rsquo;\u00e9coutant avec attention quand elle explique \u00eatre devenue infirmi\u00e8re \u00ab\u00a0pour rendre l&rsquo;amour qu&rsquo;elle a re\u00e7u\u00a0\u00bb pendant son combat contre la maladie.\u00a0<\/p>\n<ul class=\"jsx-3657663356 ReadMoreArticle__List flex flex-column\">\n<li class=\"jsx-3657663356\"><a href=\"https:\/\/www.tf1info.fr\/culture\/miss-monde-agathe-cauet-fait-forte-impression-avec-son-costume-hommage-a-notre-dame-de-paris-2370237.html\" rel=\"noopener\" class=\"jsx-4233824444 Link flex\" target=\"_blank\"><img decoding=\"async\" src=\"https:\/\/www.europesays.com\/fr\/wp-content\/uploads\/2025\/05\/agathe-cauet-miss-monde-2025-aeroport-7a99ec-0@1x.jpeg\" alt=\"Agathe Cauet \u00e0 son d\u00e9part pour Miss Monde 2025, le 5 mai 2025.\" loading=\"lazy\" importance=\"low\" fetchpriority=\"low\" class=\"\"\/>\n<p class=\"jsx-3657663356 ReadMoreArticle__Title\">Lire aussi<\/p>\n<p class=\"jsx-3657663356\">Miss Monde : Agathe Cauet fait forte impression avec son costume hommage \u00e0 Notre-Dame de Paris<\/p>\n<p><\/a><\/li>\n<\/ul>\n<p data-module=\"article-paragraph\" class=\"jsx-362436225 Paragraph Paragraph__End\">\u00ab\u00a0Ces actions peuvent faire une grande diff\u00e9rence\u00a0\u00bb aupr\u00e8s des enfants et de leurs proches, insiste Agathe Cauet qui veut pouvoir leur \u00ab\u00a0donner de l\u2019espoir\u00a0\u00bb et \u00ab\u00a0leur montrer qu&rsquo;apr\u00e8s la temp\u00eate, vient la lumi\u00e8re\u00a0\u00bb. Tr\u00e8s inspir\u00e9e et inspirante, cette prise de parole devrait jouer un r\u00f4le d\u00e9terminant dans la suite de la comp\u00e9tition pour la Fran\u00e7aise. Si la candidate estonienne a \u00e9t\u00e9 la premi\u00e8re \u00e0 se qualifier pour le top 40 \u00e0 l&rsquo;issue du Sport Challenge, la Nordiste a toutes les cartes en main pour au moins viser le titre de Miss World Europe puis celui de Miss Monde, qui nous \u00e9chappe depuis 72 ans.<\/p>\n<p>Delphine DE FREITAS<\/p>\n","protected":false},"excerpt":{"rendered":"Toujours en Inde o\u00f9 la comp\u00e9tition bat son plein, la Nordiste de 26 ans a enfin pu partager&hellip;\n","protected":false},"author":2,"featured_media":116978,"comment_status":"","ping_status":"","sticky":false,"template":"","format":"standard","meta":{"footnotes":""},"categories":[1359],"tags":[1111,11,1921,101,58,59,1011,27,5595,1922,9887,2041,3034,973,133,2040],"class_list":{"0":"post-116977","1":"post","2":"type-post","3":"status-publish","4":"format-standard","5":"has-post-thumbnail","7":"category-people","8":"tag-actu","9":"tag-actualites","10":"tag-article-video","11":"tag-cancer","12":"tag-divertissement","13":"tag-entertainment","14":"tag-fr","15":"tag-france","16":"tag-inde","17":"tag-info","18":"tag-maladies-et-traitements","19":"tag-medias-et-divertissement","20":"tag-miss-france","21":"tag-people","22":"tag-video","23":"tag-video-culture"},"share_on_mastodon":{"url":"https:\/\/pubeurope.com\/@fr\/114546109617845970","error":""},"_links":{"self":[{"href":"https:\/\/www.europesays.com\/fr\/wp-json\/wp\/v2\/posts\/116977","targetHints":{"allow":["GET"]}}],"collection":[{"href":"https:\/\/www.europesays.com\/fr\/wp-json\/wp\/v2\/posts"}],"about":[{"href":"https:\/\/www.europesays.com\/fr\/wp-json\/wp\/v2\/types\/post"}],"author":[{"embeddable":true,"href":"https:\/\/www.europesays.com\/fr\/wp-json\/wp\/v2\/users\/2"}],"replies":[{"embeddable":true,"href":"https:\/\/www.europesays.com\/fr\/wp-json\/wp\/v2\/comments?post=116977"}],"version-history":[{"count":0,"href":"https:\/\/www.europesays.com\/fr\/wp-json\/wp\/v2\/posts\/116977\/revisions"}],"wp:featuredmedia":[{"embeddable":true,"href":"https:\/\/www.europesays.com\/fr\/wp-json\/wp\/v2\/media\/116978"}],"wp:attachment":[{"href":"https:\/\/www.europesays.com\/fr\/wp-json\/wp\/v2\/media?parent=116977"}],"wp:term":[{"taxonomy":"category","embeddable":true,"href":"https:\/\/www.europesays.com\/fr\/wp-json\/wp\/v2\/categories?post=116977"},{"taxonomy":"post_tag","embeddable":true,"href":"https:\/\/www.europesays.com\/fr\/wp-json\/wp\/v2\/tags?post=116977"}],"curies":[{"name":"wp","href":"https:\/\/api.w.org\/{rel}","templated":true}]}}