{"id":1169776,"date":"2026-09-05T23:12:23","date_gmt":"2026-09-05T23:12:23","guid":{"rendered":"https:\/\/www.europesays.com\/fr\/1169776\/"},"modified":"2026-09-05T23:12:23","modified_gmt":"2026-09-05T23:12:23","slug":"lurine-des-alpinistes-responsable-de-la-fonte-des-glaces-sur-leverest","status":"publish","type":"post","link":"https:\/\/www.europesays.com\/fr\/1169776\/","title":{"rendered":"L&rsquo;urine des alpinistes responsable de la fonte des glaces sur l&rsquo;Everest"},"content":{"rendered":"<p>                        <a class=\"author\" href=\"https:\/\/www.parismatch.com\/auteurs\/la-redaction\" rel=\"nofollow noopener\" target=\"_blank\">La R\u00e9daction<\/a><br \/>\n        05\/09\/2026 \u00e0 20:01, Mis \u00e0 jour le 05\/09\/2026 \u00e0 20:01<\/p>\n<p class=\"intro\">Selon une \u00e9tude scientifique parue dans la revue \u00ab Regional Environmental Change \u00bb,  l&rsquo;urine des alpinistes \u00e0 elle seule pourrait faire fondre plus de 150 tonnes de glace et de neige chaque ann\u00e9e sur l&rsquo;Everest. <\/p>\n<p>6 000 litres : c&rsquo;est la quantit\u00e9 d&rsquo;urine d\u00e9vers\u00e9e chaque jour sur <a href=\"https:\/\/www.parismatch.com\/actu\/sciences\/leverest-continue-de-grandir-lintriguant-mecanisme-lorigine-de-cette-croissance-242184\" rel=\"nofollow noopener\" target=\"_blank\">l&rsquo;Everest<\/a> par les milliers d&rsquo;alpinistes qui se frottent \u00e0 son ascension. Un chiffre impressionnant qui s&rsquo;explique par la grande quantit\u00e9 d&rsquo;eau que les touristes et leurs guides boivent \u00e0 longueur de journ\u00e9e pour \u00e9viter la d\u00e9shydratation &#8211; environ 3 litres par jour pendant 50 jours &#8211; et qui est loin d&rsquo;\u00eatre sans cons\u00e9quence.<\/p>\n<p>Dans une \u00e9tude publi\u00e9e dans la revue \u00ab <a href=\"https:\/\/link.springer.com\/journal\/10113\" rel=\"nofollow noopener\" target=\"_blank\">Regional Environmental Change<\/a> \u00bb, une \u00e9quipe de scientifiques explique, en effet, que les visiteurs de l&rsquo;Everest urinent g\u00e9n\u00e9ralement directement sur le glacier. Or, ce liquide chaud (sa temp\u00e9rature est d\u2019environ 37 degr\u00e9s Celsius, comme le corps humain) \u00ab provoque la fonte des glaces \u00bb, assurent les chercheurs, qui se sont int\u00e9ress\u00e9s au <a href=\"https:\/\/www.parismatch.com\/Actu\/International\/Everest-Embouteillage-mortel-155513\" rel=\"nofollow noopener\" target=\"_blank\">glacier de Khumbu<\/a>, soit le versant n\u00e9palais de l\u2019Everest.<\/p>\n<p>    La suite apr\u00e8s cette publicit\u00e9<\/p>\n<p>Et leur conclusion est sans appel : l&rsquo;urine serait \u00e0 elle seule responsable de la fonte de 154 tonnes de glace par saison.<\/p>\n<p>    La suite apr\u00e8s cette publicit\u00e9<\/p>\n<p>Un rappel de l&rsquo;urgence<\/p>\n<p>Une goutte d&rsquo;eau par rapport \u00e0 l&rsquo;impact global du <a href=\"https:\/\/www.parismatch.com\/actu\/international\/il-avait-peur-detre-enseveli-sil-sendormait-linquietude-de-centaines-de-randonneurs-bloques-sur-leverest-258135\" rel=\"nofollow noopener\" target=\"_blank\">tourisme de masse sur l&rsquo;Everest<\/a>, dont l&rsquo;impact global est estim\u00e9 par ces chercheurs \u00e0 2 492 tonnes de glace et de neige fondus suppl\u00e9mentaires par saison, mais qui devrait une nouvelle fois alerter sur les cons\u00e9quences de la fascination g\u00e9n\u00e9rale autour de l&rsquo;ascension de ce mont autrefois r\u00e9serv\u00e9 \u00e0 une \u00e9lite.<\/p>\n<p>Car cette \u00e9tude rappelle aussi qu&rsquo;en 2023, les quelque 1 600 tentes du camp ont consomm\u00e9 824 bonbonnes de gaz de p\u00e9trole liqu\u00e9fi\u00e9, 18 935 litres de k\u00e9ros\u00e8ne et 5 130 litres d&rsquo;essence pour la cuisine, le chauffage et l&rsquo;\u00e9nergie. \u00c0 cela s&rsquo;ajoutent les vols en h\u00e9licopt\u00e8re pour les transporter au plus pr\u00e8s et venir les secourir au besoin, la chaleur corporelle des alpinistes et des yaks utilis\u00e9s pour transporter les provisions, les d\u00e9chets qui s&rsquo;accumulent dans la montagne&#8230; Autant de choses qui poussent les chercheurs \u00e0 conseiller de d\u00e9placer le camp de base de l&rsquo;ascension de l&rsquo;Everest&#8230; en dehors du glacier. Dans un endroit exempt de neige et de glace. <\/p>\n","protected":false},"excerpt":{"rendered":"La R\u00e9daction 05\/09\/2026 \u00e0 20:01, Mis \u00e0 jour le 05\/09\/2026 \u00e0 20:01 Selon une \u00e9tude scientifique parue dans&hellip;\n","protected":false},"author":2,"featured_media":1169777,"comment_status":"","ping_status":"","sticky":false,"template":"","format":"standard","meta":{"footnotes":"","_share_on_mastodon":"0"},"categories":[1888],"tags":[1111,1928,11,1927,1777,674,1011,27,12,1926,626,1925,25],"class_list":["post-1169776","post","type-post","status-publish","format-standard","has-post-thumbnail","category-paris","tag-actu","tag-actu-paris","tag-actualites","tag-actualites-paris","tag-eu","tag-europe","tag-fr","tag-france","tag-news","tag-news-paris","tag-paris","tag-paris-news","tag-republique-francaise"],"share_on_mastodon":{"url":"https:\/\/pubeurope.com\/@fr\/117220969640034478","error":""},"_links":{"self":[{"href":"https:\/\/www.europesays.com\/fr\/wp-json\/wp\/v2\/posts\/1169776","targetHints":{"allow":["GET"]}}],"collection":[{"href":"https:\/\/www.europesays.com\/fr\/wp-json\/wp\/v2\/posts"}],"about":[{"href":"https:\/\/www.europesays.com\/fr\/wp-json\/wp\/v2\/types\/post"}],"author":[{"embeddable":true,"href":"https:\/\/www.europesays.com\/fr\/wp-json\/wp\/v2\/users\/2"}],"replies":[{"embeddable":true,"href":"https:\/\/www.europesays.com\/fr\/wp-json\/wp\/v2\/comments?post=1169776"}],"version-history":[{"count":0,"href":"https:\/\/www.europesays.com\/fr\/wp-json\/wp\/v2\/posts\/1169776\/revisions"}],"wp:featuredmedia":[{"embeddable":true,"href":"https:\/\/www.europesays.com\/fr\/wp-json\/wp\/v2\/media\/1169777"}],"wp:attachment":[{"href":"https:\/\/www.europesays.com\/fr\/wp-json\/wp\/v2\/media?parent=1169776"}],"wp:term":[{"taxonomy":"category","embeddable":true,"href":"https:\/\/www.europesays.com\/fr\/wp-json\/wp\/v2\/categories?post=1169776"},{"taxonomy":"post_tag","embeddable":true,"href":"https:\/\/www.europesays.com\/fr\/wp-json\/wp\/v2\/tags?post=1169776"}],"curies":[{"name":"wp","href":"https:\/\/api.w.org\/{rel}","templated":true}]}}