{"id":116979,"date":"2025-05-21T13:41:15","date_gmt":"2025-05-21T13:41:15","guid":{"rendered":"https:\/\/www.europesays.com\/fr\/116979\/"},"modified":"2025-05-21T13:41:15","modified_gmt":"2025-05-21T13:41:15","slug":"les-plus-beaux-chefs-doeuvre-qui-incarnent-larchitecture-de-la-renaissance","status":"publish","type":"post","link":"https:\/\/www.europesays.com\/fr\/116979\/","title":{"rendered":"Les plus beaux chefs-d&rsquo;\u0153uvre qui incarnent l&rsquo;architecture de la Renaissance"},"content":{"rendered":"<p>La <a href=\"https:\/\/www.admagazine.fr\/advisitesprivees\/galerie\/rome-duplex-renaissance-restaure\" target=\"_blank\" rel=\"noopener\">Renaissance<\/a>, p\u00e9riode d\u2019intense renouveau artistique et architectural entre le XIVe et le XVIIe si\u00e8cle, a profond\u00e9ment marqu\u00e9 le paysage europ\u00e9en. Si ce renouveau voit son apog\u00e9e de 1400 \u00e0 1500 (le Quattrocento ou la Renaissance Florentine), c\u2019est en r\u00e9alit\u00e9 des renaissances qui forment ce mouvement. Une seconde Renaissance \u00e9clot vers 1500 \u00e0 1525, appel\u00e9e la Haute Renaissance, et ensuite vient jusqu&rsquo;en 1600 le Mani\u00e9risme, terme autrefois p\u00e9joratif qui amorce la transition vers le <a href=\"https:\/\/www.admagazine.fr\/article\/plus-beaux-batiments-architecture-baroque-monde\" target=\"_blank\" rel=\"noopener\">baroque<\/a>. D\u2019une ville italienne \u00e0 l\u2019autre, d\u2019un pays \u00e0 l\u2019autre, le style Renaissance se r\u00e9invente sans cesse. Ce n\u2019est pas un courant unique, mais une constellation de genres, d\u2019\u00e9coles et d\u2019influences. Port\u00e9 par un id\u00e9alisme humaniste et un hell\u00e9nisme marqu\u00e9, ce mouvement vise un objectif commun : fusionner tradition antique et innovation moderne. Dans cette qu\u00eate de progr\u00e8s enracin\u00e9e dans le pass\u00e9, les grands ma\u00eetres \u2014 de Brunelleschi \u00e0 <a href=\"https:\/\/www.admagazine.fr\/art\/news\/diaporama\/michel-ange-et-bill-viola-une-rencontre-inattendue\/54547\" target=\"_blank\" rel=\"noopener\">Michel-Ange<\/a> \u2014 recherchent l\u2019harmonie, la proportion, et parfois m\u00eame la transcendance de l\u2019Antiquit\u00e9 elle-m\u00eame.<\/p>\n<p>La Villa Rotonda \u2013 Vicence, Italie<\/p>\n<p>\u0152uvre majeure de l\u2019architecte Andrea Palladio (\u00e0 qui nous devons l\u2019architecture \u00ab Palladienne \u00bb), la Villa <a href=\"https:\/\/www.admagazine.fr\/decoration\/visite-deco\/diaporama\/lobjet-architectural-de-cini-boeri-une-sculpture-a-vivre\/60537\" target=\"_blank\" rel=\"noopener\">Rotonda<\/a> est le parfait exemple du classicisme Renaissance. Sa structure sym\u00e9trique, bas\u00e9e sur un plan carr\u00e9 avec une rotonde centrale surmont\u00e9e d&rsquo;une coupole, r\u00e9invente le mod\u00e8le du temple antique. Chaque fa\u00e7ade pr\u00e9sente un portique avec colonnes ioniques, offrant des perspectives harmonieuses vers le paysage environnant, int\u00e9grant ainsi la nature dans l&rsquo;exp\u00e9rience architecturale. L&rsquo;usage des proportions math\u00e9matiques et la puret\u00e9 des lignes conf\u00e8rent \u00e0 la Villa Rotonda une \u00e9l\u00e9gance sereine, illustrant parfaitement l&rsquo;id\u00e9al humaniste d&rsquo;une beaut\u00e9 \u00e0 la fois rationnelle et majestueuse.<\/p>\n<p>La Villa Rotonda, con\u00e7ue par Andrea Palladio vers 1566, est un chef-d&rsquo;\u0153uvre embl\u00e9matique de l&rsquo;architecture Renaissance.<\/p>\n<p>David Madison \/ Getty Images.La Cath\u00e9drale Santa Maria del Fiore \u2013 Florence, Italie<\/p>\n<p><a href=\"https:\/\/www.admagazine.fr\/decoration\/visite-deco\/diaporama\/une-villa-au-coeur-dun-parc-romantique-a-florence\/61345\" target=\"_blank\" rel=\"noopener\">Florence<\/a>, berceau de la Renaissance, abrite la majestueuse cath\u00e9drale Santa Maria del Fiore, connue pour son imposant duomo r\u00e9alis\u00e9 par Filippo Brunelleschi. Inspir\u00e9 du Panth\u00e9on de Rome, ce d\u00f4me repose sur un dispositif d&rsquo;assise et de contrepoids, alliant ing\u00e9niosit\u00e9 antique et contemporaine. Ce chef-d&rsquo;\u0153uvre d&rsquo;ing\u00e9nierie, qui a vu le jour gr\u00e2ce \u00e0 la fameuse \u00ab dispute de l&rsquo;\u0153uf \u00bb, illustre \u00e0 la fois le progr\u00e8s technologique et le raffinement esth\u00e9tique de la Renaissance, avec une harmonie parfaite entre fonctionnalit\u00e9 et splendeur visuelle.<\/p>\n","protected":false},"excerpt":{"rendered":"La Renaissance, p\u00e9riode d\u2019intense renouveau artistique et architectural entre le XIVe et le XVIIe si\u00e8cle, a profond\u00e9ment marqu\u00e9&hellip;\n","protected":false},"author":2,"featured_media":116980,"comment_status":"","ping_status":"","sticky":false,"template":"","format":"standard","meta":{"footnotes":""},"categories":[1358],"tags":[19035,1348,1384,1385,1386,58,59,1011,27,10057,13834],"class_list":{"0":"post-116979","1":"post","2":"type-post","3":"status-publish","4":"format-standard","5":"has-post-thumbnail","7":"category-arts-et-design","8":"tag-architecture-spectaculaire","9":"tag-arts","10":"tag-arts-and-design","11":"tag-arts-et-design","12":"tag-design","13":"tag-divertissement","14":"tag-entertainment","15":"tag-fr","16":"tag-france","17":"tag-lieux-spectaculaires","18":"tag-monuments-historiques"},"share_on_mastodon":{"url":"https:\/\/pubeurope.com\/@fr\/114546113478955109","error":""},"_links":{"self":[{"href":"https:\/\/www.europesays.com\/fr\/wp-json\/wp\/v2\/posts\/116979","targetHints":{"allow":["GET"]}}],"collection":[{"href":"https:\/\/www.europesays.com\/fr\/wp-json\/wp\/v2\/posts"}],"about":[{"href":"https:\/\/www.europesays.com\/fr\/wp-json\/wp\/v2\/types\/post"}],"author":[{"embeddable":true,"href":"https:\/\/www.europesays.com\/fr\/wp-json\/wp\/v2\/users\/2"}],"replies":[{"embeddable":true,"href":"https:\/\/www.europesays.com\/fr\/wp-json\/wp\/v2\/comments?post=116979"}],"version-history":[{"count":0,"href":"https:\/\/www.europesays.com\/fr\/wp-json\/wp\/v2\/posts\/116979\/revisions"}],"wp:featuredmedia":[{"embeddable":true,"href":"https:\/\/www.europesays.com\/fr\/wp-json\/wp\/v2\/media\/116980"}],"wp:attachment":[{"href":"https:\/\/www.europesays.com\/fr\/wp-json\/wp\/v2\/media?parent=116979"}],"wp:term":[{"taxonomy":"category","embeddable":true,"href":"https:\/\/www.europesays.com\/fr\/wp-json\/wp\/v2\/categories?post=116979"},{"taxonomy":"post_tag","embeddable":true,"href":"https:\/\/www.europesays.com\/fr\/wp-json\/wp\/v2\/tags?post=116979"}],"curies":[{"name":"wp","href":"https:\/\/api.w.org\/{rel}","templated":true}]}}