{"id":1169807,"date":"2026-09-05T23:40:17","date_gmt":"2026-09-05T23:40:17","guid":{"rendered":"https:\/\/www.europesays.com\/fr\/1169807\/"},"modified":"2026-09-05T23:40:17","modified_gmt":"2026-09-05T23:40:17","slug":"memorial-dautomne-de-chasseneuil-directs","status":"publish","type":"post","link":"https:\/\/www.europesays.com\/fr\/1169807\/","title":{"rendered":"M\u00e9morial d&rsquo;Automne de Chasseneuil &#8211; Directs"},"content":{"rendered":"<p>Le 12e M\u00e9morial d&rsquo;Automne-Souvenir David P\u00e9rillaud, cinqui\u00e8me et derni\u00e8re manche de la Coupe de France N2, se dispute ce dimanche 6 septembre \u00e0 Chasseneuil-sur-Bonnieure (Charente). Au programme de la course organis\u00e9e par l&rsquo;UA La Rochefoucauld : un circuit de 11,310 km \u00e0 parcourir 14 fois soit 158,340 kilom\u00e8tres. Le d\u00e9part sera donn\u00e9 \u00e0 13h. <strong><a href=\"https:\/\/www.directvelo.com\/actualite\/123721\/memorial-dautomne-de-chasseneuil-classement\" target=\"_blank\" rel=\"noopener nofollow\">La victoire \u00e9tait revenue l&rsquo;an dernier \u00e0 Micka\u00ebl Guichard.<\/a><\/strong> <strong><a href=\"https:\/\/www.directvelo.com\/actualite\/128593\/coupe-de-france-n2-4-classements\" target=\"_blank\" rel=\"noopener nofollow\">Apr\u00e8s quatre manches, le GSC Blagnac V\u00e9lo Sport 31 occupe la premi\u00e8re position de la Coupe de France N2.<\/a><\/strong><\/p>\n<p>-Guide de route :\u00a0<strong><a href=\"https:\/\/cdn.directvelo.com\/uploads\/racing\/races\/6a9b22d16d972.pdf\" target=\"_blank\" rel=\"nofollow noopener\">en cliquant ici.<\/a><\/strong><br \/>-Liste des engag\u00e9s :\u00a0<strong><a href=\"https:\/\/www.directvelo.com\/actualite\/131684\/memorial-dautomne-de-chasseneuil-les-engages\" target=\"_blank\" rel=\"nofollow noopener\">en cliquant ici.<\/a><\/strong><\/p>\n<p><strong>Suivez nous sur les r\u00e9seaux sociaux :<br \/>&#8211;<a href=\"https:\/\/www.facebook.com\/DirectVelo-138658475738\/\" target=\"_blank\" rel=\"nofollow noopener\">Facebook<\/a><br \/>&#8211;<a href=\"https:\/\/www.instagram.com\/directvelo\/\" target=\"_blank\" rel=\"nofollow noopener\">Instagram<\/a><br \/>&#8211;<a href=\"https:\/\/twitter.com\/directvelo\" target=\"_blank\" rel=\"nofollow noopener\">X<\/a>\u00a0<br \/><a href=\"https:\/\/twitter.com\/directvelo\" target=\"_blank\" rel=\"nofollow noopener\">&#8211;<\/a><a href=\"https:\/\/www.tiktok.com\/@directvelo\" target=\"_blank\" rel=\"nofollow noopener\">TikTok<\/a><\/strong>\u00a0<\/p>\n<p><script async src=\"https:\/\/platform.twitter.com\/widgets.js\" charset=\"utf-8\"><\/script><script async src=\"\/\/www.instagram.com\/embed.js\"><\/script><script async src=\"\/\/www.tiktok.com\/embed.js\"><\/script><\/p>\n","protected":false},"excerpt":{"rendered":"Le 12e M\u00e9morial d&rsquo;Automne-Souvenir David P\u00e9rillaud, cinqui\u00e8me et derni\u00e8re manche de la Coupe de France N2, se dispute&hellip;\n","protected":false},"author":2,"featured_media":1156155,"comment_status":"","ping_status":"","sticky":false,"template":"","format":"standard","meta":{"footnotes":"","_share_on_mastodon":"0"},"categories":[1411],"tags":[834,828,836,829,837,827,83,826,824,823,1154,207,814,817,815,816,822,821,832,211,839,1011,27,820,818,819,835,831,830,833,838,60,212,208,825],"class_list":["post-1169807","post","type-post","status-publish","format-standard","has-post-thumbnail","category-cyclisme","tag-attaque","tag-belgique","tag-braquet","tag-bretagne","tag-chute","tag-competition","tag-coupe-de-france","tag-coureur","tag-course-cyclisme","tag-course-cycliste","tag-cycling","tag-cyclisme","tag-direct","tag-direct-velo","tag-directvelo","tag-directvelo-com","tag-epreuve","tag-epreuve-cycliste","tag-federation-francaise-de-cyclisme","tag-ffc","tag-flandres","tag-fr","tag-france","tag-live","tag-live-course","tag-live-epreuve","tag-peloton","tag-radio-peloton","tag-radio-tour","tag-ravitaillement","tag-relance","tag-sports","tag-uci","tag-velo","tag-velos"],"share_on_mastodon":{"url":"https:\/\/pubeurope.com\/@fr\/117221079596531068","error":""},"_links":{"self":[{"href":"https:\/\/www.europesays.com\/fr\/wp-json\/wp\/v2\/posts\/1169807","targetHints":{"allow":["GET"]}}],"collection":[{"href":"https:\/\/www.europesays.com\/fr\/wp-json\/wp\/v2\/posts"}],"about":[{"href":"https:\/\/www.europesays.com\/fr\/wp-json\/wp\/v2\/types\/post"}],"author":[{"embeddable":true,"href":"https:\/\/www.europesays.com\/fr\/wp-json\/wp\/v2\/users\/2"}],"replies":[{"embeddable":true,"href":"https:\/\/www.europesays.com\/fr\/wp-json\/wp\/v2\/comments?post=1169807"}],"version-history":[{"count":0,"href":"https:\/\/www.europesays.com\/fr\/wp-json\/wp\/v2\/posts\/1169807\/revisions"}],"wp:featuredmedia":[{"embeddable":true,"href":"https:\/\/www.europesays.com\/fr\/wp-json\/wp\/v2\/media\/1156155"}],"wp:attachment":[{"href":"https:\/\/www.europesays.com\/fr\/wp-json\/wp\/v2\/media?parent=1169807"}],"wp:term":[{"taxonomy":"category","embeddable":true,"href":"https:\/\/www.europesays.com\/fr\/wp-json\/wp\/v2\/categories?post=1169807"},{"taxonomy":"post_tag","embeddable":true,"href":"https:\/\/www.europesays.com\/fr\/wp-json\/wp\/v2\/tags?post=1169807"}],"curies":[{"name":"wp","href":"https:\/\/api.w.org\/{rel}","templated":true}]}}