{"id":1169826,"date":"2026-09-05T23:52:19","date_gmt":"2026-09-05T23:52:19","guid":{"rendered":"https:\/\/www.europesays.com\/fr\/1169826\/"},"modified":"2026-09-05T23:52:19","modified_gmt":"2026-09-05T23:52:19","slug":"au-creux-dune-colline-de-porto-rico-dormait-depuis-1963-un-miroir-de-305-m-disparu-en-quelques-secondes","status":"publish","type":"post","link":"https:\/\/www.europesays.com\/fr\/1169826\/","title":{"rendered":"Au creux d&rsquo;une colline de Porto Rico dormait depuis 1963 un miroir de 305 m disparu en quelques secondes"},"content":{"rendered":"<p class=\"gpsb-badge__text\">Vous aimez notre contenu ?<\/p>\n<p><a class=\"gpsb-badge__link no-adv\" data-ad-skip=\"true\" href=\"https:\/\/google.com\/preferences\/source?q=sciencepost.fr\" target=\"_blank\" rel=\"noopener sponsored nofollow\" aria-label=\"Ajoutez-nous \u00e0 vos favoris Google\">Ajoutez-nous \u00e0 vos<br \/>favoris Google<\/a><\/p>\n<p class=\"wp-block-paragraph\"><strong>Il aura suffi de quelques secondes pour que cinquante-sept ann\u00e9es d\u2019histoire scientifique s\u2019effondrent dans un nuage de poussi\u00e8re. Nich\u00e9 au c\u0153ur d\u2019une vall\u00e9e tropicale de Porto Rico, un gigantesque miroir m\u00e9tallique de 305 m\u00e8tres de diam\u00e8tre observait le ciel depuis 1963. Puis, un matin comme les autres, tout a bascul\u00e9.<\/strong><\/p>\n<p><strong>\u00c0 retenir<\/strong><\/p>\n<ul class=\"wp-block-list spw-key-points__list\">\n<li>Le radiot\u00e9lescope d&rsquo;Arecibo, plus grand du monde jusqu&rsquo;en 2016, s&rsquo;est effondr\u00e9 le 1er d\u00e9cembre 2020 apr\u00e8s la rupture de plusieurs c\u00e2bles porteurs.<\/li>\n<li>La plateforme de r\u00e9ception de 900 tonnes s&rsquo;est \u00e9cras\u00e9e sur la parabole sans faire de bless\u00e9, le site ayant \u00e9t\u00e9 \u00e9vacu\u00e9 au pr\u00e9alable.<\/li>\n<li>La NSF a renonc\u00e9 \u00e0 reconstruire l&rsquo;instrument, estim\u00e9 \u00e0 400 millions de dollars, et transforme depuis 2022 le site en centre \u00e9ducatif STEM.<\/li>\n<\/ul>\n<p class=\"wp-block-paragraph\">Cette histoire, c\u2019est celle du radiot\u00e9lescope d\u2019Arecibo, une prouesse d\u2019ing\u00e9nierie qui a longtemps fascin\u00e9 les astronomes du monde entier avant de conna\u00eetre une fin aussi brutale que spectaculaire. Retour sur la chute d\u2019un colosse qui a marqu\u00e9 \u00e0 jamais l\u2019histoire de l\u2019astronomie.<\/p>\n<p>Un g\u00e9ant tapi dans la jungle portoricaine depuis 1963<\/p>\n<p class=\"wp-block-paragraph\">Imaginez une antenne fixe si vaste qu\u2019elle pourrait avaler plusieurs terrains de football, sculpt\u00e9e directement dans le relief karstique d\u2019une \u00eele des Cara\u00efbes. C\u2019est exactement le pari fou qu\u2019avaient relev\u00e9 les ing\u00e9nieurs am\u00e9ricains en construisant, au creux d\u2019une colline de Porto Rico, cette immense parabole de <strong>305 m\u00e8tres de diam\u00e8tre<\/strong>. Pendant plus d\u2019un demi-si\u00e8cle, cet instrument est rest\u00e9 le plus grand radiot\u00e9lescope du monde, un titre qu\u2019il n\u2019a perdu qu\u2019en 2016 face au FAST chinois, une installation encore plus vaste.<\/p>\n<p class=\"wp-block-paragraph\">Ce qui rendait Arecibo si particulier, ce n\u2019\u00e9tait pas seulement sa taille, mais aussi son architecture unique. Contrairement aux t\u00e9lescopes classiques qui pivotent sur eux-m\u00eames, sa surface r\u00e9fl\u00e9chissante restait immobile, tandis qu\u2019une plateforme de r\u00e9ception suspendue \u00e0 <strong>137 m\u00e8tres au-dessus de la parabole<\/strong> permettait de capter les signaux venus de l\u2019espace. Cette structure, retenue par un r\u00e9seau de c\u00e2bles d\u2019acier, a permis des d\u00e9couvertes majeures : la premi\u00e8re d\u00e9tection d\u2019une plan\u00e8te extrasolaire et la d\u00e9monstration de l\u2019existence des ondes gravitationnelles \u00e9mises par un pulsar binaire. Arecibo n\u2019\u00e9tait pas qu\u2019un instrument scientifique, c\u2019\u00e9tait un symbole.<\/p>\n<p>Quand les c\u00e2bles ont commenc\u00e9 \u00e0 l\u00e2cher un \u00e0 un<\/p>\n<p class=\"wp-block-paragraph\">Tout g\u00e9ant a ses points faibles, et pour Arecibo, ce fut la lente fatigue de ses c\u00e2bles porteurs. En ao\u00fbt 2020, un premier c\u00e2ble auxiliaire c\u00e8de sans crier gare, laissant un trou b\u00e9ant dans la parabole m\u00e9tallique. Les ing\u00e9nieurs s\u2019inqui\u00e8tent, mais l\u2019installation semble tenir bon. Trois mois plus tard, en novembre, c\u2019est un c\u00e2ble porteur principal qui rompt \u00e0 son tour, un \u00e9l\u00e9ment bien plus critique pour la stabilit\u00e9 de l\u2019ensemble.<\/p>\n<p class=\"wp-block-paragraph\">Face \u00e0 ces signaux alarmants, la <strong>National Science Foundation<\/strong> (NSF), qui g\u00e8re le site, prend une d\u00e9cision radicale : le 19 novembre 2020, elle annonce la d\u00e9commission d\u00e9finitive du t\u00e9lescope, jug\u00e9 d\u00e9sormais trop dangereux pour \u00eatre r\u00e9par\u00e9. Les \u00e9quipes \u00e9valuent alors les options, mais la structure semble condamn\u00e9e. Personne ne pouvait cependant pr\u00e9voir \u00e0 quel point la fin approchait vite.<\/p>\n<p>Neuf cents tonnes d\u2019acier en chute libre sur l\u2019instrument<\/p>\n<p class=\"wp-block-paragraph\">Le 1er d\u00e9cembre 2020, vers 8 heures du matin, l\u2019in\u00e9vitable se produit. La plateforme de r\u00e9ception, cette structure m\u00e9tallique colossale pesant pr\u00e8s de <strong>900 tonnes<\/strong>, se d\u00e9tache brutalement de ses derniers c\u00e2bles porteurs. En quelques secondes seulement, elle plonge de <strong>152 m\u00e8tres<\/strong> pour s\u2019\u00e9craser directement sur la parabole qu\u2019elle surplombait depuis des d\u00e9cennies. Le choc est d\u2019une violence inou\u00efe : les deux structures, l\u2019antenne fixe et la plateforme suspendue, sont d\u00e9truites simultan\u00e9ment.<\/p>\n<p class=\"wp-block-paragraph\">Fait notable, et presque miraculeux compte tenu de l\u2019ampleur des d\u00e9g\u00e2ts : aucun bless\u00e9 n\u2019a \u00e9t\u00e9 signal\u00e9 lors de cet effondrement. Le site avait \u00e9t\u00e9 \u00e9vacu\u00e9 en amont, les autorit\u00e9s ayant anticip\u00e9 le pire sc\u00e9nario possible. Les images de la catastrophe, film\u00e9es par des drones de surveillance positionn\u00e9s sur place, ont rapidement fait le tour du monde, montrant en direct la disparition de ce monument de la science moderne.<\/p>\n<p>Arecibo disparu, ce que la science y perd vraiment<\/p>\n<p class=\"wp-block-paragraph\">La perte d\u2019Arecibo ne se r\u00e9sume pas \u00e0 la disparition d\u2019un simple b\u00e2timent scientifique. Au-del\u00e0 de ses contributions \u00e0 l\u2019astrophysique fondamentale, le t\u00e9lescope jouait un r\u00f4le strat\u00e9gique m\u00e9connu du grand public : il servait de <strong>radar pour la d\u00e9fense plan\u00e9taire<\/strong> de la NASA, permettant d\u2019observer avec pr\u00e9cision la trajectoire des ast\u00e9ro\u00efdes s\u2019approchant dangereusement de la Terre. Sa disparition a consid\u00e9rablement affaibli cette surveillance, laissant un vide difficile \u00e0 combler dans notre capacit\u00e9 \u00e0 anticiper d\u2019\u00e9ventuelles menaces venues de l\u2019espace.<\/p>\n<p class=\"wp-block-paragraph\">Cinq ans apr\u00e8s cette catastrophe, la question d\u2019une reconstruction s\u2019est pos\u00e9e avec insistance, mais la r\u00e9ponse de la NSF a fini par tomber, sans grande surprise : il n\u2019y aura pas de nouvel Arecibo. Le co\u00fbt d\u2019un instrument \u00e9quivalent, estim\u00e9 \u00e0 environ <strong>400 millions de dollars<\/strong>, a \u00e9t\u00e9 jug\u00e9 disproportionn\u00e9 face aux priorit\u00e9s budg\u00e9taires actuelles de l\u2019agence. Depuis octobre 2022, la strat\u00e9gie a chang\u00e9 de cap : plut\u00f4t que de ressusciter le t\u00e9lescope, le site est progressivement transform\u00e9 en centre \u00e9ducatif consacr\u00e9 aux sciences, technologies, ing\u00e9nierie et math\u00e9matiques, plus connu sous l\u2019acronyme STEM. Le lieu continue donc de vivre, d\u2019accueillir des chercheurs et des \u00e9tudiants, mais sans jamais retrouver l\u2019instrument embl\u00e9matique qui avait fait sa renomm\u00e9e mondiale.<\/p>\n<p class=\"wp-block-paragraph\">Cette histoire r\u00e9sonne comme un rappel de la fragilit\u00e9 de nos plus grandes constructions face au temps et \u00e0 l\u2019usure. Arecibo aura marqu\u00e9 l\u2019astronomie pendant pr\u00e8s de six d\u00e9cennies, avant de s\u2019effacer en quelques secondes sous le poids de sa propre structure. Reste une question ouverte : \u00e0 l\u2019heure o\u00f9 d\u2019autres g\u00e9ants comme le FAST chinois prennent le relais, jusqu\u2019o\u00f9 sommes-nous pr\u00eats \u00e0 investir pour continuer \u00e0 scruter les confins de l\u2019univers ?<\/p>\n","protected":false},"excerpt":{"rendered":"Vous aimez notre contenu ? Ajoutez-nous \u00e0 vosfavoris Google Il aura suffi de quelques secondes pour que cinquante-sept&hellip;\n","protected":false},"author":2,"featured_media":1169827,"comment_status":"","ping_status":"","sticky":false,"template":"","format":"standard","meta":{"footnotes":"","_share_on_mastodon":"0"},"categories":[7],"tags":[1011,27,56,43,40,41,39,42,44],"class_list":["post-1169826","post","type-post","status-publish","format-standard","has-post-thumbnail","category-sciences-et-technologies","tag-fr","tag-france","tag-push","tag-science","tag-science-and-technology","tag-sciences","tag-sciences-et-technologies","tag-technologies","tag-technology"],"share_on_mastodon":{"url":"https:\/\/pubeurope.com\/@fr\/117221126829867922","error":""},"_links":{"self":[{"href":"https:\/\/www.europesays.com\/fr\/wp-json\/wp\/v2\/posts\/1169826","targetHints":{"allow":["GET"]}}],"collection":[{"href":"https:\/\/www.europesays.com\/fr\/wp-json\/wp\/v2\/posts"}],"about":[{"href":"https:\/\/www.europesays.com\/fr\/wp-json\/wp\/v2\/types\/post"}],"author":[{"embeddable":true,"href":"https:\/\/www.europesays.com\/fr\/wp-json\/wp\/v2\/users\/2"}],"replies":[{"embeddable":true,"href":"https:\/\/www.europesays.com\/fr\/wp-json\/wp\/v2\/comments?post=1169826"}],"version-history":[{"count":0,"href":"https:\/\/www.europesays.com\/fr\/wp-json\/wp\/v2\/posts\/1169826\/revisions"}],"wp:featuredmedia":[{"embeddable":true,"href":"https:\/\/www.europesays.com\/fr\/wp-json\/wp\/v2\/media\/1169827"}],"wp:attachment":[{"href":"https:\/\/www.europesays.com\/fr\/wp-json\/wp\/v2\/media?parent=1169826"}],"wp:term":[{"taxonomy":"category","embeddable":true,"href":"https:\/\/www.europesays.com\/fr\/wp-json\/wp\/v2\/categories?post=1169826"},{"taxonomy":"post_tag","embeddable":true,"href":"https:\/\/www.europesays.com\/fr\/wp-json\/wp\/v2\/tags?post=1169826"}],"curies":[{"name":"wp","href":"https:\/\/api.w.org\/{rel}","templated":true}]}}