{"id":1169836,"date":"2026-09-05T23:58:27","date_gmt":"2026-09-05T23:58:27","guid":{"rendered":"https:\/\/www.europesays.com\/fr\/1169836\/"},"modified":"2026-09-05T23:58:27","modified_gmt":"2026-09-05T23:58:27","slug":"saint-victor-sur-loire-une-rentree-au-grand-air-avec-france-nature-environnement","status":"publish","type":"post","link":"https:\/\/www.europesays.com\/fr\/1169836\/","title":{"rendered":"Saint-Victor-sur-Loire. Une rentr\u00e9e au grand air avec France nature environnement"},"content":{"rendered":"<p>Forte de son engagement en faveur de la protection de la nature, l\u2019association France nature environnement agit au quotidien autour de trois grands axes\u00a0: la lutte contre les pollutions et les d\u00e9gradations de l\u2019environnement, l\u2019\u00e9ducation \u00e0 la nature et \u00e0 l\u2019environnement et enfin la sensibilisation du grand public. Ceci gr\u00e2ce \u00e0 des activit\u00e9s nature, des expositions, des ateliers et des conf\u00e9rences.<\/p>\n<p>Les h\u00e9rissons \u00e0 l\u2019honneur<\/p>\n<p>Durant ce mois de septembre, c\u2019est \u00e0 la Maison de la r\u00e9serve de Condamine \u00e0 Saint-Victor-sur-Loire que s\u2019ouvrent les&#8230;<\/p>\n","protected":false},"excerpt":{"rendered":"Forte de son engagement en faveur de la protection de la nature, l\u2019association France nature environnement agit au&hellip;\n","protected":false},"author":2,"featured_media":1169837,"comment_status":"","ping_status":"","sticky":false,"template":"","format":"standard","meta":{"footnotes":"","_share_on_mastodon":"0"},"categories":[9653],"tags":[1111,11,2430,7539,436,1777,674,1011,27,12,25,4001,7538],"class_list":["post-1169836","post","type-post","status-publish","format-standard","has-post-thumbnail","category-saint-etienne","tag-actu","tag-actualites","tag-auvergne-rhone-alpes","tag-edition-loire-sud","tag-environnement","tag-eu","tag-europe","tag-fr","tag-france","tag-news","tag-republique-francaise","tag-saint-etienne","tag-saint-etienne-ville"],"share_on_mastodon":{"url":"https:\/\/pubeurope.com\/@fr\/117221150161344755","error":""},"_links":{"self":[{"href":"https:\/\/www.europesays.com\/fr\/wp-json\/wp\/v2\/posts\/1169836","targetHints":{"allow":["GET"]}}],"collection":[{"href":"https:\/\/www.europesays.com\/fr\/wp-json\/wp\/v2\/posts"}],"about":[{"href":"https:\/\/www.europesays.com\/fr\/wp-json\/wp\/v2\/types\/post"}],"author":[{"embeddable":true,"href":"https:\/\/www.europesays.com\/fr\/wp-json\/wp\/v2\/users\/2"}],"replies":[{"embeddable":true,"href":"https:\/\/www.europesays.com\/fr\/wp-json\/wp\/v2\/comments?post=1169836"}],"version-history":[{"count":0,"href":"https:\/\/www.europesays.com\/fr\/wp-json\/wp\/v2\/posts\/1169836\/revisions"}],"wp:featuredmedia":[{"embeddable":true,"href":"https:\/\/www.europesays.com\/fr\/wp-json\/wp\/v2\/media\/1169837"}],"wp:attachment":[{"href":"https:\/\/www.europesays.com\/fr\/wp-json\/wp\/v2\/media?parent=1169836"}],"wp:term":[{"taxonomy":"category","embeddable":true,"href":"https:\/\/www.europesays.com\/fr\/wp-json\/wp\/v2\/categories?post=1169836"},{"taxonomy":"post_tag","embeddable":true,"href":"https:\/\/www.europesays.com\/fr\/wp-json\/wp\/v2\/tags?post=1169836"}],"curies":[{"name":"wp","href":"https:\/\/api.w.org\/{rel}","templated":true}]}}