{"id":1169838,"date":"2026-09-05T23:59:16","date_gmt":"2026-09-05T23:59:16","guid":{"rendered":"https:\/\/www.europesays.com\/fr\/1169838\/"},"modified":"2026-09-05T23:59:16","modified_gmt":"2026-09-05T23:59:16","slug":"ligue-2-le-mhsc-sincline-3-1-a-saint-etienne-face-a-des-verts-inarretables","status":"publish","type":"post","link":"https:\/\/www.europesays.com\/fr\/1169838\/","title":{"rendered":"Ligue 2\u00a0: le MHSC s&rsquo;incline 3-1 \u00e0 Saint-Etienne face \u00e0 des Verts inarr\u00eatables"},"content":{"rendered":"<p>C&rsquo;\u00e9tait un tr\u00e8s grand rendez-vous pour le MHSC en ce d\u00e9but de saison de Ligue 2. Et cette 5e journ\u00e9e s&rsquo;est sold\u00e9e par une d\u00e9faite assez large face \u00e0 Saint-Etienne, o\u00f9 les Montpelli\u00e9rains ont perdu le contr\u00f4le du match en d\u00e9but de deuxi\u00e8me mi-temps.<\/p>\n<p>C&rsquo;\u00e9tait une montagne verte qui se dressait face au MHSC. Et nos jeunes pailladins n&rsquo;ont pas su la gravir comme ils le souhaitaient. <strong>Le MHSC s&rsquo;est inclin\u00e9 3-1 ce samedi soir<\/strong> \u00e0 Saint-Etienne, face \u00e0 l&rsquo;inarr\u00eatable ASSE, large leader de Ligue 2 \u00e0 l&rsquo;issue de cette 5e journ\u00e9e.<\/p>\n<p>Pourtant les Montpelli\u00e9rains ont montr\u00e9 de bonnes choses et avaient un plan pr\u00e9cis pour se sortir du pressing fort impos\u00e9 par l&rsquo;\u00e9quipe de Ian Cathro l&rsquo;entra\u00eeneur \u00e9cossais. En premi\u00e8re mi-temps les hommes de Zoumana Camara ont su garder le ballon, imposer leur rythme, avant d&rsquo;\u00eatre pris par une contre-attaque et <strong>une reprise de vol\u00e9e venue d&rsquo;ailleurs<\/strong> de la part de Maxime Bernauer, lat\u00e9ral gauche st\u00e9phanois.<\/p>\n<p>Mais les co\u00e9quipiers de Julien Laporte ont montr\u00e9 du caract\u00e8re, ont r\u00e9agi, ont continu\u00e9 \u00e0 appliquer une grosse pression sur la surface de Gauthier Larsonneur. Et cela a fini par payer dans le temps additionnel de la premi\u00e8re mi-temps, avec <strong>l&rsquo;\u00e9galisation sign\u00e9 Daylam Meddah<\/strong>, d&rsquo;une t\u00eate sur un centre de Nordan Mukiele.<\/p>\n<p>Le trou d&rsquo;air du d\u00e9but de premi\u00e8re mi-temps<\/p>\n<p>Une \u00e9quipe montpelli\u00e9raine concentr\u00e9e, dans une bonne dynamique, est rentr\u00e9e aux vestiaires, et a laiss\u00e9 la place \u00e0 une \u00e9quipe plus brouillonne en d\u00e9but de seconde mi-temps. <strong>C&rsquo;est l\u00e0 qu&rsquo;a eu lieu le trou d&rsquo;ai<\/strong>r, l\u00e0 que la partie a bascul\u00e9 affirme le coach montpelli\u00e9rain en conf\u00e9rence d&rsquo;apr\u00e8s-match.<\/p>\n<p>\u00c0 l&rsquo;issue de la rencontre, l&rsquo;ancien St\u00e9phanois <strong>Florian Tardieu, ovationn\u00e9 par son ancien public<\/strong> au coup de sifflet final, ne cachait pas sa frustration quant au sc\u00e9nario du match\u00a0: \u00ab\u00a0On a un sentiment amer parce qu&rsquo;on savait qu&rsquo;on allait jouer le leader qui avait fait carton plein sur le d\u00e9but de saison, mais on avait beaucoup d&rsquo;ambition en venant ici. On fait une tr\u00e8s bonne premi\u00e8re mi-temps. On veut attaquer fort la deuxi\u00e8me, c&rsquo;est le mot du coach \u00e0 la mi-temps, et en fait on attaque trop, trop, trop doucement. Eux mettent trois buts de fou. Nous, on p\u00e8che un peu dans le dernier geste, ce qui nous fait d\u00e9faut depuis le d\u00e9but de saison. Mais l&rsquo;\u00e9tat d&rsquo;esprit est tr\u00e8s bon, on est un groupe jeune et de qualit\u00e9.\u00a0\u00bb<\/p>\n<p>Ce constat d&rsquo;une entame de seconde p\u00e9riode manqu\u00e9e est partag\u00e9 par le milieu <strong>Th\u00e9o Chennahi, de retour aux affaires apr\u00e8s sa blessure<\/strong>, qui pr\u00e9f\u00e9rait n\u00e9anmoins retenir la capacit\u00e9 d&rsquo;apprentissage de ce jeune effectif\u00a0: \u00ab\u00a0On p\u00e8che sur l&rsquo;entr\u00e9e de deuxi\u00e8me mi-temps, je pense que c&rsquo;est \u00e7a qui nous a mis dans le mal. Ils ont fait et mis vraiment de beaux buts. Mais il n&rsquo;y a pas tout \u00e0 jeter, on a \u00e9t\u00e9 solides surtout en premi\u00e8re mi-temps. On apprend toujours de ces matchs-l\u00e0. M\u00eame si on est une \u00e9quipe jeune, je pense qu&rsquo;on prend en maturit\u00e9 vite.\u00a0\u00bb<\/p>\n<p>Le plan des Montpelli\u00e9rains \u00e9tait bon<\/p>\n<p>Sur le plan tactique, <strong>Zoumana Camara avait pourtant bien identifi\u00e9 les zones<\/strong> de pressing st\u00e9phanoises pour lib\u00e9rer ses lat\u00e9raux, mais la pr\u00e9cipitation offensive a co\u00fbt\u00e9 cher\u00a0: \u00ab\u00a0L&rsquo;objectif, c&rsquo;\u00e9tait de tenir les ballons et de mettre des contre-pieds, d&rsquo;\u00e9viter de venir jouer dans la zone o\u00f9 ils amenaient de la densit\u00e9. On a r\u00e9ussi \u00e0 le faire par moments, mais j&rsquo;aurais aim\u00e9 qu&rsquo;on arrive \u00e0 tenir le ballon un peu plus haut avec un peu plus de patience. J&rsquo;ai de jeunes joueurs\u00a0: d\u00e8s qu&rsquo;on est dans la position m\u00e9diane ou en bloc haut, on s&rsquo;impatiente un peu, on veut jouer trop vite vers l&rsquo;avant. On a encore du mal \u00e0 patienter et \u00e0 faire tourner.\u00a0\u00bb<\/p>\n<p>Par ailleurs, l&rsquo;entra\u00eeneur pailladin s&rsquo;est voulu <strong>rassurant au sujet de son attaquant Nicolas Pays,<\/strong> contraint de c\u00e9der sa place pendant le match\u00a0: \u00ab\u00a0Nicolas Pays a pris un coup, c&rsquo;est encore un peu trop t\u00f4t pour vous dire ce qu&rsquo;il a. Mais apparemment si c&rsquo;est un coup, c&rsquo;est d\u00e9j\u00e0 mieux qu&rsquo;un probl\u00e8me musculaire, j&rsquo;esp\u00e8re que \u00e7a ira.\u00a0\u00bb<\/p>\n<p>loading<\/p>\n","protected":false},"excerpt":{"rendered":"C&rsquo;\u00e9tait un tr\u00e8s grand rendez-vous pour le MHSC en ce d\u00e9but de saison de Ligue 2. Et cette&hellip;\n","protected":false},"author":2,"featured_media":1169839,"comment_status":"","ping_status":"","sticky":false,"template":"","format":"standard","meta":{"footnotes":"","_share_on_mastodon":"0"},"categories":[9653],"tags":[1111,11,2430,1777,674,1011,27,12,25,4001],"class_list":["post-1169838","post","type-post","status-publish","format-standard","has-post-thumbnail","category-saint-etienne","tag-actu","tag-actualites","tag-auvergne-rhone-alpes","tag-eu","tag-europe","tag-fr","tag-france","tag-news","tag-republique-francaise","tag-saint-etienne"],"share_on_mastodon":{"url":"https:\/\/pubeurope.com\/@fr\/117221154077020673","error":""},"_links":{"self":[{"href":"https:\/\/www.europesays.com\/fr\/wp-json\/wp\/v2\/posts\/1169838","targetHints":{"allow":["GET"]}}],"collection":[{"href":"https:\/\/www.europesays.com\/fr\/wp-json\/wp\/v2\/posts"}],"about":[{"href":"https:\/\/www.europesays.com\/fr\/wp-json\/wp\/v2\/types\/post"}],"author":[{"embeddable":true,"href":"https:\/\/www.europesays.com\/fr\/wp-json\/wp\/v2\/users\/2"}],"replies":[{"embeddable":true,"href":"https:\/\/www.europesays.com\/fr\/wp-json\/wp\/v2\/comments?post=1169838"}],"version-history":[{"count":0,"href":"https:\/\/www.europesays.com\/fr\/wp-json\/wp\/v2\/posts\/1169838\/revisions"}],"wp:featuredmedia":[{"embeddable":true,"href":"https:\/\/www.europesays.com\/fr\/wp-json\/wp\/v2\/media\/1169839"}],"wp:attachment":[{"href":"https:\/\/www.europesays.com\/fr\/wp-json\/wp\/v2\/media?parent=1169838"}],"wp:term":[{"taxonomy":"category","embeddable":true,"href":"https:\/\/www.europesays.com\/fr\/wp-json\/wp\/v2\/categories?post=1169838"},{"taxonomy":"post_tag","embeddable":true,"href":"https:\/\/www.europesays.com\/fr\/wp-json\/wp\/v2\/tags?post=1169838"}],"curies":[{"name":"wp","href":"https:\/\/api.w.org\/{rel}","templated":true}]}}