{"id":1169842,"date":"2026-09-06T00:01:29","date_gmt":"2026-09-06T00:01:29","guid":{"rendered":"https:\/\/www.europesays.com\/fr\/1169842\/"},"modified":"2026-09-06T00:01:29","modified_gmt":"2026-09-06T00:01:29","slug":"dans-les-comptes-de-karim-agent-immobilier-a-nancy-a-2-480-e-nets-par-mois","status":"publish","type":"post","link":"https:\/\/www.europesays.com\/fr\/1169842\/","title":{"rendered":"Dans les comptes de Karim, agent immobilier \u00e0 Nancy \u00e0 2 480 \u20ac nets par mois"},"content":{"rendered":"<p>\t\t\t\t&#13;<\/p>\n<ol class=\"w-full flex justify-start items-start mb-2 p-0 tdn-breadcrumb list-none text-base\" itemscope=\"\" itemtype=\"https:\/\/schema.org\/BreadcrumbList\">&#13;<br \/>\n&#13;<\/p>\n<li itemprop=\"itemListElement\" itemscope=\"\" itemtype=\"https:\/\/schema.org\/ListItem\" class=\"mr-1 flex items-center\">&#13;<br \/>\n\t\t<a itemprop=\"item\" class=\"text-gray-500 flex items-center\" href=\"https:\/\/www.letribunaldunet.fr\" rel=\"nofollow noopener\" target=\"_blank\">&#13;<br \/>\n\t\t\t<img loading=\"lazy\" decoding=\"async\" src=\"https:\/\/www.letribunaldunet.fr\/wp-content\/themes\/letribunaldunet-v2\/img\/icon-home-grey.svg\" alt=\"\" width=\"24\" height=\"24\"\/>&#13;<br \/>\n\t\t\tTDN &gt;&#13;<br \/>\n\t\t<\/a>&#13;<br \/>\n\t\t&#13;\n\t<\/li>\n<p>&#13;<br \/>\n&#13;<\/p>\n<li itemprop=\"itemListElement\" itemscope=\"\" itemtype=\"https:\/\/schema.org\/ListItem\" class=\"mr-1 flex items-center\">&#13;<br \/>\n\t\t\t\t\t<a itemprop=\"item\" class=\"text-gray-500 flex items-center\" href=\"https:\/\/www.letribunaldunet.fr\/argent\" rel=\"nofollow noopener\" target=\"_blank\">&#13;<br \/>\n\t\t\t\t\t\tArgent&#13;<br \/>\n\t\t\t\t\t<\/a>&#13;<br \/>\n\t\t\t\t\t&#13;\n\t\t\t\t<\/li>\n<p>&#13;<br \/>\n\t\t\t&#13;<br \/>\n\t&#13;\n<\/ol>\n<p>\t\t\t\t\t\tPubli\u00e9 par<br \/>\n\t\t\t\t\t\t<a href=\"https:\/\/www.letribunaldunet.fr\/author\/mathieu\" rel=\"nofollow noopener\" target=\"_blank\"><br \/>\n\t\t\t\t\t\t\t<b class=\"text-blue\"><br \/>\n\t\t\t\t\t\t\t\tMathieu\t\t\t\t\t\t\t<\/b><br \/>\n\t\t\t\t\t\t<\/a><br \/>\n\t\t\t\t\t\t\t\t\t\t\t\t\t\t\t<b>le 05 Sep 2026 \u00e0 19:01<\/b><\/p>\n<p class=\"wp-block-paragraph\">Karim, 34 ans, agent immobilier ind\u00e9pendant \u00e0 Nancy, gagne en moyenne 2 480 \u20ac nets par mois. Un chiffre trompeur : certains mois il touche 4 000 \u20ac, d\u2019autres 900 \u20ac. Voici comment il lisse et r\u00e9partit chaque euro qui rentre.<\/p>\n<p class=\"wp-block-paragraph\">\u00ab Le pire, c\u2019est d\u2019expliquer \u00e0 mon banquier que je gagne bien ma vie mais que mon compte fait le yoyo \u00bb, raconte-t-il en sirotant un caf\u00e9 dans son agence du centre-ville. Un m\u00e9tier de commissions, o\u00f9 chaque signature compte double.<\/p>\n<p><img decoding=\"async\" width=\"1200\" height=\"669\" fetchpriority=\"high\" src=\"https:\/\/www.europesays.com\/fr\/wp-content\/uploads\/2026\/09\/agent-immobilier-souriant-devant-un-immeuble-a-nancy-36.jpg\" alt=\"Agent immobilier souriant devant un immeuble \u00e0 Nancy\" class=\"wp-image-1291505\"  \/><\/p>\n<p>Des revenus qui d\u00e9pendent enti\u00e8rement des ventes sign\u00e9es<\/p>\n<p class=\"wp-block-paragraph\">Karim travaille en tant qu\u2019agent commercial ind\u00e9pendant pour un r\u00e9seau national, sans salaire fixe. Sa r\u00e9mun\u00e9ration correspond \u00e0 60% de la commission d\u2019agence sur chaque transaction, le reste revenant au r\u00e9seau.<\/p>\n<p class=\"wp-block-paragraph\">Sur les douze derniers mois, il a sign\u00e9 14 ventes, pour une commission moyenne per\u00e7ue de 2 100 \u20ac par dossier. Cela donne un total annuel brut d\u2019environ 29 400 \u20ac, soit 2 450 \u20ac par mois une fois liss\u00e9.<\/p>\n<p class=\"wp-block-paragraph\">Il ajoute \u00e0 cela quelques mandats de location, moins lucratifs mais r\u00e9guliers : environ 180 \u20ac nets mensuels en moyenne. \u00ab Les locations, c\u2019est mon matelas de s\u00e9curit\u00e9 les mois creux \u00bb, pr\u00e9cise-t-il.<\/p>\n<p class=\"wp-block-paragraph\">Le vrai souci, c\u2019est l\u2019irr\u00e9gularit\u00e9. En janvier, il n\u2019a rien touch\u00e9 du tout. En mars, il a sign\u00e9 trois compromis d\u2019un coup et per\u00e7u plus de 7 000 \u20ac. Ce genre de <a href=\"https:\/\/www.letribunaldunet.fr\/argent\/metiers-numerique-moins-bien-payes-france.html\" rel=\"nofollow noopener\" target=\"_blank\">variation de revenus<\/a> impose une gestion rigoureuse.<\/p>\n<p>Un loyer contenu, mais des charges professionnelles qui p\u00e8sent lourd<\/p>\n<p class=\"wp-block-paragraph\">Karim loue un T2 de 48 m\u00b2 dans le quartier Saint-L\u00e9on \u00e0 Nancy, pour 580 \u20ac charges comprises. Un montant raisonnable compar\u00e9 \u00e0 Paris ou Lyon, qui lui laisse de la marge.<\/p>\n<p class=\"wp-block-paragraph\">Sa facture d\u2019\u00e9lectricit\u00e9 et de gaz tourne autour de 95 \u20ac par mois en moyenne annuelle, chauffage inclus l\u2019hiver. L\u2019assurance habitation lui co\u00fbte 14 \u20ac mensuels, un forfait basique pour un locataire seul.<\/p>\n<p><img loading=\"lazy\" decoding=\"async\" width=\"1200\" height=\"669\" src=\"https:\/\/www.europesays.com\/fr\/wp-content\/uploads\/2026\/09\/homme-verifiant-ses-factures-et-comptes-a-la-maison-67.jpg\" alt=\"Homme v\u00e9rifiant ses factures et comptes \u00e0 la maison\" class=\"wp-image-1291506\"  \/><\/p>\n<p class=\"wp-block-paragraph\">C\u00f4t\u00e9 professionnel, il verse 320 \u20ac par mois de cotisations au r\u00e9seau immobilier (frais de structure, carte professionnelle, logiciels de gestion). S\u2019y ajoutent 210 \u20ac de charges d\u2019auto-entrepreneur calcul\u00e9es sur son chiffre d\u2019affaires r\u00e9el.<\/p>\n<p class=\"wp-block-paragraph\">Sa voiture, indispensable pour les visites, lui co\u00fbte 240 \u20ac par mois : cr\u00e9dit de 160 \u20ac, assurance de 55 \u20ac, entretien liss\u00e9 de 25 \u20ac. \u00ab Sans voiture, impossible de faire ce m\u00e9tier \u00e0 Nancy \u00bb, insiste-t-il.<\/p>\n<p class=\"wp-block-paragraph\">Il paie aussi 45 \u20ac de mutuelle sant\u00e9, 35 \u20ac de forfait mobile professionnel avec data illimit\u00e9e, et 18 \u20ac d\u2019abonnement internet-box. Total des charges fixes : environ 1 557 \u20ac par mois.<\/p>\n<p>Des d\u00e9penses variables qui refl\u00e8tent la pression du m\u00e9tier<\/p>\n<p class=\"wp-block-paragraph\">Le budget alimentaire de Karim atteint 280 \u20ac par mois, entre courses et repas rapides pris entre deux rendez-vous. \u00ab Je mange souvent sur le pouce, entre deux visites \u00bb, admet-il.<\/p>\n<p class=\"wp-block-paragraph\">Il consacre 150 \u20ac mensuels aux sorties et restaurants, souvent li\u00e9s \u00e0 des rendez-vous professionnels avec notaires ou clients. Un poste qu\u2019il consid\u00e8re comme un investissement plus qu\u2019une d\u00e9pense de confort.<\/p>\n<p class=\"wp-block-paragraph\">Le carburant lui co\u00fbte environ 130 \u20ac par mois, ses tourn\u00e9es de visites l\u2019amenant jusqu\u2019\u00e0 Metz ou \u00c9pinal certaines semaines. Un poste directement li\u00e9 \u00e0 son activit\u00e9, qu\u2019il ne peut pas vraiment compresser.<\/p>\n<p class=\"wp-block-paragraph\">C\u00f4t\u00e9 loisirs, il garde 80 \u20ac pour le sport en salle et quelques sorties entre amis. Il budg\u00e8te aussi 60 \u20ac pour les v\u00eatements professionnels, costumes et chemises devant rester impeccables face aux clients.<\/p>\n<p class=\"wp-block-paragraph\">Enfin, il met de c\u00f4t\u00e9 150 \u20ac liss\u00e9s pour les vacances, une semaine l\u2019\u00e9t\u00e9 g\u00e9n\u00e9ralement dans le sud de la France. Total des d\u00e9penses variables : environ 850 \u20ac par mois.<\/p>\n<p>Une \u00e9pargne fragile, suspendue aux prochaines signatures<\/p>\n<p class=\"wp-block-paragraph\">Une fois les charges fixes et variables d\u00e9duites, il reste \u00e0 Karim environ 73 \u20ac en moyenne mensuelle. Un solde th\u00e9orique, car dans la r\u00e9alit\u00e9 il doit constituer une r\u00e9serve de tr\u00e9sorerie pour les mois sans commission.<\/p>\n<p class=\"wp-block-paragraph\">\u00ab Je sais que je devrais \u00e9pargner plus, mais avec l\u2019incertitude du m\u00e9tier, je pr\u00e9f\u00e8re garder du cash disponible plut\u00f4t que de bloquer de l\u2019argent \u00bb, explique-t-il. Il vise 3 000 \u20ac de tr\u00e9sorerie tampon en permanence.<\/p>\n<p class=\"wp-block-paragraph\">Il n\u2019a aucun cr\u00e9dit \u00e0 la consommation, seulement le cr\u00e9dit auto de 160 \u20ac mensuels mentionn\u00e9 plus haut. Son projet \u00e0 moyen terme : passer manager d\u2019\u00e9quipe dans son r\u00e9seau pour stabiliser ses revenus.<\/p>\n<p class=\"wp-block-paragraph\">Le salaire m\u00e9dian net en France s\u2019\u00e9l\u00e8ve \u00e0 environ 2 183 \u20ac par mois selon l\u2019Insee. Karim se situe l\u00e9g\u00e8rement au-dessus, mais son revenu r\u00e9el varie chaque mois de 900 \u00e0 4 000 \u20ac, contrairement \u00e0 un salari\u00e9 classique.<\/p>\n<p class=\"wp-block-paragraph\">\u00ab Je gagne bien ma vie sur l\u2019ann\u00e9e, mais je ne sais jamais vraiment combien je vais toucher le mois prochain \u00bb, r\u00e9sume-t-il, entre confiance et lucidit\u00e9 sur les al\u00e9as de son m\u00e9tier.<\/p>\n","protected":false},"excerpt":{"rendered":"&#13; &#13; &#13; &#13; &#13; &#13; TDN &gt;&#13; &#13; &#13; &#13; &#13; &#13; &#13; Argent&#13; &#13; &#13; &#13;&hellip;\n","protected":false},"author":2,"featured_media":1169843,"comment_status":"","ping_status":"","sticky":false,"template":"","format":"standard","meta":{"footnotes":"","_share_on_mastodon":"0"},"categories":[9635],"tags":[1111,11,1777,674,1011,27,775,1702,12,25],"class_list":["post-1169842","post","type-post","status-publish","format-standard","has-post-thumbnail","category-nancy","tag-actu","tag-actualites","tag-eu","tag-europe","tag-fr","tag-france","tag-grand-est","tag-nancy","tag-news","tag-republique-francaise"],"share_on_mastodon":{"url":"https:\/\/pubeurope.com\/@fr\/117221164623942730","error":""},"_links":{"self":[{"href":"https:\/\/www.europesays.com\/fr\/wp-json\/wp\/v2\/posts\/1169842","targetHints":{"allow":["GET"]}}],"collection":[{"href":"https:\/\/www.europesays.com\/fr\/wp-json\/wp\/v2\/posts"}],"about":[{"href":"https:\/\/www.europesays.com\/fr\/wp-json\/wp\/v2\/types\/post"}],"author":[{"embeddable":true,"href":"https:\/\/www.europesays.com\/fr\/wp-json\/wp\/v2\/users\/2"}],"replies":[{"embeddable":true,"href":"https:\/\/www.europesays.com\/fr\/wp-json\/wp\/v2\/comments?post=1169842"}],"version-history":[{"count":0,"href":"https:\/\/www.europesays.com\/fr\/wp-json\/wp\/v2\/posts\/1169842\/revisions"}],"wp:featuredmedia":[{"embeddable":true,"href":"https:\/\/www.europesays.com\/fr\/wp-json\/wp\/v2\/media\/1169843"}],"wp:attachment":[{"href":"https:\/\/www.europesays.com\/fr\/wp-json\/wp\/v2\/media?parent=1169842"}],"wp:term":[{"taxonomy":"category","embeddable":true,"href":"https:\/\/www.europesays.com\/fr\/wp-json\/wp\/v2\/categories?post=1169842"},{"taxonomy":"post_tag","embeddable":true,"href":"https:\/\/www.europesays.com\/fr\/wp-json\/wp\/v2\/tags?post=1169842"}],"curies":[{"name":"wp","href":"https:\/\/api.w.org\/{rel}","templated":true}]}}