{"id":1169844,"date":"2026-09-06T00:02:15","date_gmt":"2026-09-06T00:02:15","guid":{"rendered":"https:\/\/www.europesays.com\/fr\/1169844\/"},"modified":"2026-09-06T00:02:15","modified_gmt":"2026-09-06T00:02:15","slug":"genereux-en-premiere-mi-temps-malmene-en-deuxieme-toulon-rate-son-entree-en-top-14-en-sinclinant-dun-petit-point-a-bayonne","status":"publish","type":"post","link":"https:\/\/www.europesays.com\/fr\/1169844\/","title":{"rendered":"G\u00e9n\u00e9reux en premi\u00e8re mi-temps, malmen\u00e9 en deuxi\u00e8me : Toulon rate son entr\u00e9e en Top 14\u00a0en s\u2019inclinant d\u2019un petit point \u00e0 Bayonne"},"content":{"rendered":"<p><strong>Le RCT n\u2019\u00e9tait pas loin de r\u00e9ussir le m\u00eame coup<\/strong> que l\u2019an dernier \u00e0 Montpellier, \u00e0 savoir ramener une victoire de son match inaugural du Top 14. Mais il a manqu\u00e9 deux points pour y parvenir et compte tenu du sc\u00e9nario apr\u00e8s la pause, nul doute que les hommes de Pierre Mignoni vont <strong>se satisfaire de ce point de bonus d\u00e9fensif.<\/strong><\/p>\n<p>Menant 13\u00a0\u00e0 10\u00a0\u00e0 la pause, les rouge et noir parviennent \u00e0 ajouter trois points par Jaminet (10-16). C\u2019\u00e9tait avant que les joueurs du banc bayonnais fassent leur entr\u00e9e\u2026<\/p>\n<p><strong>Un coaching qui va changer la physionomie de cette rencontre<\/strong>. La puissance des Capilla, Tatafu, Alalnu\u2019ese, ou Habel Kueffner vont permettre au pack local de trouver de l\u2019avanc\u00e9e et d\u2019inscrire deux essais pour faire le break (24-19). Du Preez ajoute trois points \u00e0 la 70e minute de jeu, sortant Toulon du point de bonus d\u00e9fensif (27-19).<\/p>\n<p class=\"fs-5 \">Le capitaine Ga\u00ebl Fickou pense marquer un essai. Mais il est retourn\u00e9 dans l\u2019en-but par Tambwe. Il reste une poign\u00e9e de secondes. Sur un ballon r\u00e9cup\u00e9r\u00e9 en touche dans leur propre camp, Ryan Rebbadj est \u00e0 la conclusion d\u2019une contre-attaque qui permet \u00e0 ses co\u00e9quipiers de ne pas revenir bredouille du Pays Basque.<\/p>\n<p class=\"fs-5 \"><strong>Un point de bonus d\u00e9fensif <\/strong>sur lequel les joueurs et le staff vont pouvoir construire afin de se montrer plus performants pour la venue de <strong>La\u00a0Rochelle samedi prochain \u00e0 Mayol.<\/strong><\/p>\n","protected":false},"excerpt":{"rendered":"Le RCT n\u2019\u00e9tait pas loin de r\u00e9ussir le m\u00eame coup que l\u2019an dernier \u00e0 Montpellier, \u00e0 savoir ramener&hellip;\n","protected":false},"author":2,"featured_media":1169845,"comment_status":"","ping_status":"","sticky":false,"template":"","format":"standard","meta":{"footnotes":"","_share_on_mastodon":"0"},"categories":[9619],"tags":[1111,11,1777,674,1011,27,12,882,3461,25,2310],"class_list":["post-1169844","post","type-post","status-publish","format-standard","has-post-thumbnail","category-toulon","tag-actu","tag-actualites","tag-eu","tag-europe","tag-fr","tag-france","tag-news","tag-provence-alpes-cote-dazur","tag-rct","tag-republique-francaise","tag-toulon"],"share_on_mastodon":{"url":"https:\/\/pubeurope.com\/@fr\/117221165928646535","error":""},"_links":{"self":[{"href":"https:\/\/www.europesays.com\/fr\/wp-json\/wp\/v2\/posts\/1169844","targetHints":{"allow":["GET"]}}],"collection":[{"href":"https:\/\/www.europesays.com\/fr\/wp-json\/wp\/v2\/posts"}],"about":[{"href":"https:\/\/www.europesays.com\/fr\/wp-json\/wp\/v2\/types\/post"}],"author":[{"embeddable":true,"href":"https:\/\/www.europesays.com\/fr\/wp-json\/wp\/v2\/users\/2"}],"replies":[{"embeddable":true,"href":"https:\/\/www.europesays.com\/fr\/wp-json\/wp\/v2\/comments?post=1169844"}],"version-history":[{"count":0,"href":"https:\/\/www.europesays.com\/fr\/wp-json\/wp\/v2\/posts\/1169844\/revisions"}],"wp:featuredmedia":[{"embeddable":true,"href":"https:\/\/www.europesays.com\/fr\/wp-json\/wp\/v2\/media\/1169845"}],"wp:attachment":[{"href":"https:\/\/www.europesays.com\/fr\/wp-json\/wp\/v2\/media?parent=1169844"}],"wp:term":[{"taxonomy":"category","embeddable":true,"href":"https:\/\/www.europesays.com\/fr\/wp-json\/wp\/v2\/categories?post=1169844"},{"taxonomy":"post_tag","embeddable":true,"href":"https:\/\/www.europesays.com\/fr\/wp-json\/wp\/v2\/tags?post=1169844"}],"curies":[{"name":"wp","href":"https:\/\/api.w.org\/{rel}","templated":true}]}}