{"id":1169846,"date":"2026-09-06T00:03:14","date_gmt":"2026-09-06T00:03:14","guid":{"rendered":"https:\/\/www.europesays.com\/fr\/1169846\/"},"modified":"2026-09-06T00:03:14","modified_gmt":"2026-09-06T00:03:14","slug":"les-aventures-du-capitaine-frimousse-a-toulon-2026","status":"publish","type":"post","link":"https:\/\/www.europesays.com\/fr\/1169846\/","title":{"rendered":"Les Aventures du Capitaine Frimousse \u00e0 Toulon 2026"},"content":{"rendered":"<p class=\"intro\">Le <strong>Caf\u00e9 Th\u00e9\u00e2tre De La Porte D&rsquo;Italie<\/strong> \u00e0 <strong>Toulon<\/strong> accueille <strong>Les Aventures du Capitaine Frimousse<\/strong>, un spectacle tout public m\u00ealant humour, fantaisie et rebondissements. La repr\u00e9sentation est pr\u00e9vue le <strong>samedi 12 septembre 2026 \u00e0 16h<\/strong>. Une belle occasion de partager un moment de th\u00e9\u00e2tre en famille dans un cadre intimiste et chaleureux. R\u00e9servez vos billets sans attendre pour \u00eatre s\u00fbr de ne pas manquer cet \u00e9v\u00e9nement.<\/p>\n<p>Le Capitaine Frimousse prend ses quartiers sur la sc\u00e8ne du Caf\u00e9 Th\u00e9\u00e2tre De La Porte D&rsquo;Italie \u00e0 Toulon<\/p>\n<p>C&rsquo;est dans la salle intimiste du <strong>Caf\u00e9 Th\u00e9\u00e2tre De La Porte D&rsquo;Italie<\/strong> que le public toulonnais est convi\u00e9 \u00e0 vivre une \u00e9pop\u00e9e aussi dr\u00f4le que tr\u00e9pidante. <strong>Les Aventures du Capitaine Frimousse<\/strong> racontent l&rsquo;histoire d&rsquo;un jeune marin \u00e9chou\u00e9 sur une \u00eele apr\u00e8s une violente temp\u00eate dans le Pacifique. Une \u00eele qui, loin d&rsquo;\u00eatre d\u00e9serte, regorge de personnages hauts en couleur\u00a0: animaux sauvages espi\u00e8gles, esprits gardiens des for\u00eats sacr\u00e9es et cr\u00e9atures fantastiques. Si vous cherchez d&rsquo;autres id\u00e9es de <a href=\"https:\/\/www.jds.fr\/toulon\/agenda\/sorties-culturelles-spectacles-expositions-cinema-470_B\" rel=\"nofollow noopener\" target=\"_blank\">spectacles \u00e0 Toulon<\/a>, l&rsquo;agenda local regorge de propositions pour tous les go\u00fbts.<\/p>\n<p><img decoding=\"async\" loading=\"lazy\" src=\"https:\/\/www.europesays.com\/fr\/wp-content\/uploads\/2026\/09\/les-aventures-du-capitaine-frimousse-tickets_484417_3858312_222x222.jpg\" alt=\"Les Aventures du Capitaine Frimousse\" class=\"border\"\/><\/p>\n<p>Dans cette r\u00e9gion de <strong>Provence-Alpes-C\u00f4te-d&rsquo;Azur<\/strong>, le Caf\u00e9 Th\u00e9\u00e2tre De La Porte D&rsquo;Italie se distingue par sa programmation accessible et conviviale. Le spectacle suit le Capitaine Frimousse dans sa qu\u00eate pour rentrer chez lui et lever la mal\u00e9diction qui p\u00e8se sur l&rsquo;\u00eele. Entre farce, gaiet\u00e9 et fantaisie, <strong>cette aventure th\u00e9\u00e2trale est con\u00e7ue pour toute la famille<\/strong>, petits et grands confondus.<\/p>\n<p>Billetterie des Aventures du Capitaine Frimousse au Caf\u00e9 Th\u00e9\u00e2tre De La Porte D&rsquo;Italie<\/p>\n<p><a class=\"btn btn-lg shadow-lg btn-primary rounded-pill fnac_link\" data-fnac=\"in_article\" href=\"https:\/\/www.awin1.com\/pclick.php?p=45859826577&amp;a=634278&amp;m=12494&amp;clickref=in_article-A-desktop\" target=\"_blank\" rel=\"nofollow noopener\"> Acheter des billets<\/a><\/p>\n<p>Le Caf\u00e9 Th\u00e9\u00e2tre De La Porte D&rsquo;Italie propose ce spectacle familial \u00e0 partir de <strong>11\u00a0\u20ac<\/strong>. Les <strong>prix<\/strong> accessibles font des <strong>billets<\/strong> une option id\u00e9ale pour sortir en famille sans se ruiner. Pensez \u00e0 <strong>r\u00e9server<\/strong> votre place rapidement\u00a0: la jauge intimiste de la salle rend les places limit\u00e9es et la demande pour ce type de spectacle tout public est souvent au rendez-vous.<\/p>\n<p>Comment acc\u00e9der au Caf\u00e9 Th\u00e9\u00e2tre De La Porte D&rsquo;Italie \u00e0 Toulon\u00a0?<\/p>\n<p>Le <a href=\"https:\/\/www.jds.fr\/toulon\/theatres-programmes\/cafe-theatre-de-la-porte-d-italie-16089_L\" rel=\"nofollow noopener\" target=\"_blank\">Caf\u00e9 Th\u00e9\u00e2tre De La Porte D&rsquo;Italie \u00e0 Toulon<\/a> est facilement accessible en voiture depuis les grandes axes r\u00e9gionaux. <strong>Depuis Marseille<\/strong>, empruntez l&rsquo;autoroute <strong>A50<\/strong> puis rejoignez le centre-ville de Toulon. <strong>Depuis Nice<\/strong>, l&rsquo;autoroute <strong>A57<\/strong> vous y m\u00e8ne en quelques minutes. Pour vous garer, le <strong>Parking Q-Park<\/strong>, situ\u00e9 \u00e0 seulement <strong>106 m\u00e8tres<\/strong> du th\u00e9\u00e2tre, et le <strong>Parking Porte d&rsquo;Italie<\/strong> sont les options les plus pratiques. Des places de stationnement pour deux-roues sont disponibles <strong>Place Georges Pompidou<\/strong>. \u00c0 noter\u00a0: la circulation peut \u00eatre dense aux heures de pointe en centre-ville.<\/p>\n<p>En <strong>transports en commun<\/strong>, le r\u00e9seau de bus <strong>Mistral<\/strong> dessert directement le th\u00e9\u00e2tre gr\u00e2ce \u00e0 l&rsquo;arr\u00eat <strong>\u00ab\u00a0Porte d&rsquo;Italie\u00a0\u00bb<\/strong>, situ\u00e9 \u00e0 proximit\u00e9 imm\u00e9diate du lieu. Plusieurs lignes relient cet arr\u00eat \u00e0 la <strong>gare SNCF de Toulon<\/strong> et aux diff\u00e9rents quartiers de la ville, ce qui en fait une alternative pratique pour \u00e9viter les difficult\u00e9s de stationnement en centre-ville. Pour les personnes \u00e0 mobilit\u00e9 r\u00e9duite, les bus du r\u00e9seau Mistral sont \u00e9quip\u00e9s pour l&rsquo;accessibilit\u00e9 PMR\u00a0; il est recommand\u00e9 de contacter directement le th\u00e9\u00e2tre pour v\u00e9rifier les conditions d&rsquo;acc\u00e8s sp\u00e9cifiques.<\/p>\n<p class=\"mise_en_avant\">Notre conseil\u00a0: privil\u00e9giez le r\u00e9seau de bus Mistral avec l&rsquo;arr\u00eat\u00a0\u00ab\u00a0Porte d&rsquo;Italie\u00a0\u00bb pour rejoindre le th\u00e9\u00e2tre en toute simplicit\u00e9, sans vous soucier du stationnement en centre-ville de Toulon.<\/p>\n<p>Si vous souhaitez prolonger votre programme au Caf\u00e9 Th\u00e9\u00e2tre De La Porte D&rsquo;Italie, sachez que la salle accueille prochainement <a href=\"https:\/\/www.jds.fr\/toulon\/spectacles\/theatre\/le-clan-1622357_A\" rel=\"nofollow noopener\" target=\"_blank\">Le Clan au Caf\u00e9 Th\u00e9\u00e2tre De La Porte D&rsquo;Italie<\/a>, un autre spectacle \u00e0 inscrire dans votre agenda toulonnais.<\/p>\n","protected":false},"excerpt":{"rendered":"Le Caf\u00e9 Th\u00e9\u00e2tre De La Porte D&rsquo;Italie \u00e0 Toulon accueille Les Aventures du Capitaine Frimousse, un spectacle tout&hellip;\n","protected":false},"author":2,"featured_media":1169847,"comment_status":"","ping_status":"","sticky":false,"template":"","format":"standard","meta":{"footnotes":"","_share_on_mastodon":"0"},"categories":[9619],"tags":[1111,11,1777,674,1011,27,12,882,25,2310],"class_list":["post-1169846","post","type-post","status-publish","format-standard","has-post-thumbnail","category-toulon","tag-actu","tag-actualites","tag-eu","tag-europe","tag-fr","tag-france","tag-news","tag-provence-alpes-cote-dazur","tag-republique-francaise","tag-toulon"],"share_on_mastodon":{"url":"https:\/\/pubeurope.com\/@fr\/117221171404584815","error":""},"_links":{"self":[{"href":"https:\/\/www.europesays.com\/fr\/wp-json\/wp\/v2\/posts\/1169846","targetHints":{"allow":["GET"]}}],"collection":[{"href":"https:\/\/www.europesays.com\/fr\/wp-json\/wp\/v2\/posts"}],"about":[{"href":"https:\/\/www.europesays.com\/fr\/wp-json\/wp\/v2\/types\/post"}],"author":[{"embeddable":true,"href":"https:\/\/www.europesays.com\/fr\/wp-json\/wp\/v2\/users\/2"}],"replies":[{"embeddable":true,"href":"https:\/\/www.europesays.com\/fr\/wp-json\/wp\/v2\/comments?post=1169846"}],"version-history":[{"count":0,"href":"https:\/\/www.europesays.com\/fr\/wp-json\/wp\/v2\/posts\/1169846\/revisions"}],"wp:featuredmedia":[{"embeddable":true,"href":"https:\/\/www.europesays.com\/fr\/wp-json\/wp\/v2\/media\/1169847"}],"wp:attachment":[{"href":"https:\/\/www.europesays.com\/fr\/wp-json\/wp\/v2\/media?parent=1169846"}],"wp:term":[{"taxonomy":"category","embeddable":true,"href":"https:\/\/www.europesays.com\/fr\/wp-json\/wp\/v2\/categories?post=1169846"},{"taxonomy":"post_tag","embeddable":true,"href":"https:\/\/www.europesays.com\/fr\/wp-json\/wp\/v2\/tags?post=1169846"}],"curies":[{"name":"wp","href":"https:\/\/api.w.org\/{rel}","templated":true}]}}