{"id":1169852,"date":"2026-09-06T00:08:19","date_gmt":"2026-09-06T00:08:19","guid":{"rendered":"https:\/\/www.europesays.com\/fr\/1169852\/"},"modified":"2026-09-06T00:08:19","modified_gmt":"2026-09-06T00:08:19","slug":"hockey-sur-glace-amical-face-a-dusseldorf-les-dragons-de-rouen-ont-su-vaincre-et-convaincre","status":"publish","type":"post","link":"https:\/\/www.europesays.com\/fr\/1169852\/","title":{"rendered":"Hockey sur glace \u2013 Amical\u00a0: face \u00e0 D\u00fcsseldorf, les Dragons de Rouen ont su vaincre et convaincre"},"content":{"rendered":"<p>\tVainqueurs samedi 5 septembre 2026 des Allemands de D\u00fcsseldorf (3-2), les Dragons de Rouen, auteurs d\u2019un match de qualit\u00e9, ont sem\u00e9 de belles promesses en vue des \u00e9ch\u00e9ances qui les attendent cette saison.<\/p>\n<p>   Article r\u00e9serv\u00e9 aux abonn\u00e9s<\/p>\n<p>                    <a href=\"https:\/\/google.com\/preferences\/source?q=paris-normandie.fr\" target=\"_blank\" class=\"r-btn r-btn--outline-dark r-btn--google js-datalayer-click\" title=\"Ajouter sur Google\" data-clic-category=\"article\" data-clic-component=\"pr\u00e9f\u00e9rences\" data-clic-element-type=\"CTA\" data-clic-element-name=\"source\" pr=\"\" google=\"\" rel=\"nofollow noopener\"><\/p>\n<p>                      Ajouter Paris Normandie sur Google<br \/>\n                  <\/a><\/p>\n<p>  <img decoding=\"async\" data-copyright=\"Photo St\u00e9phanie P\u00e9ron Cl\u00e9ment\" class=\"r-img\"  typeof=\"foaf:Image\" src=\"https:\/\/www.europesays.com\/fr\/wp-content\/uploads\/2026\/09\/100427115.jpeg\" alt=\"Avec deux assistances, Tomas Simonsen a jou\u00e9 un r\u00f4le pr\u00e9pond\u00e9rant dans le succ\u00e8s des Dragons de Rouen face \u00e0, D\u00fcsseldorf samedi 5 septembre 2026.\"\/>  <\/p>\n<p>Article multimedia<\/p>\n<p>  <img decoding=\"async\" class=\"r-img lazyloaded\" src=\"https:\/\/www.europesays.com\/fr\/wp-content\/uploads\/2026\/06\/bm_m_rogier_2.jpg\" alt=\"\"\/><\/p>\n<p>\tPubli\u00e9: 5 Septembre 2026 \u00e0 23h23<\/p>\n<p>Temps de lecture:<br \/>\n2 min<\/p>\n<p>Ils ont hauss\u00e9 le ton. Pouss\u00e9 le curseur un peu plus loin que face \u00e0 Angers (3-0) le 14 ao\u00fbt 2026 et <a href=\"https:\/\/www.paris-normandie.fr\/id742207\/article\/2026-09-01\/hockey-sur-glace-amical-les-dragons-de-rouen-prennent-leur-revanche-sur-les\" target=\"_blank\" rel=\"nofollow noopener\">Cergy (3-0) le 1er septembre 2026<\/a>. Avec la venue de D\u00fcsseldorf (DEL 2) \u00e0 l\u2019\u00cele Lacroix, l\u2019intensit\u00e9 est clairement mont\u00e9e d\u2019un cran et, ce qu\u2019il y a \u00e0 retenir de cette septi\u00e8me sortie en pr\u00e9saison des Dragons de Rouen, c\u2019est que ceux-ci ont su mettre au niveau. Au niveau d\u2019une \u00e9quipe qui, la veille, vendredi 4 septembre 2026, \u00e9tait all\u00e9e, au Coliseum d\u2019Amiens, battre largement les Gothiques (2-6) et qui ambitionne, cette saison, de jouer les premiers r\u00f4les au deuxi\u00e8me niveau allemand.<\/p>\n<p>&#13;<br \/>\n&#13;<\/p>\n<p>&#13;<br \/>\n&#13;<\/p>\n<p>&#13;<br \/>\n&#13;<\/p>\n<p>      Cet article est r\u00e9serv\u00e9 aux abonn\u00e9s.<\/p>\n<p><strong>D\u00e9couvrez la suite<\/strong><\/p>\n<p>Sans engagement<\/p>\n<p>        <a onclick=\"dataLayer.push({&#039;event&#039;: &#039;PWClick&#039;,&#039;PWVersion&#039;: &#039;PW_en_dur&#039;,&#039;CTAClass&#039;:&#039;Je m\\&#039;abonne&#039;})\" class=\"r-btn r-btn--secondary\" target=\"_self\" id=\"btn_paywall_subscribe\" href=\"https:\/\/abonnement.paris-normandie.fr\/?int_source=paris_normandie&amp;int_medium=paywall_connecte&amp;int_campaign=dpi\" rel=\"nofollow noopener\">Je m&rsquo;abonne<\/a><\/p>\n<ul>\n<li>Acc\u00e8s illimit\u00e9 aux articles<\/li>\n<li>Journal en version num\u00e9rique<\/li>\n<li>Partage famille : 3 comptes<\/li>\n<\/ul>\n<p>      Pour continuer de lire cet article <br \/>ABONNEZ-VOUS<\/p>\n<p>        <a onclick=\"dataLayer.push({&#039;event&#039;: &#039;PWClick&#039;,&#039;PWVersion&#039;: &#039;PW_en_dur&#039;,&#039;CTAClass&#039;:&#039;Je m\\&#039;abonne&#039;})\" class=\"r-btn r-btn--secondary\" id=\"btn_paywall_subscribe\" target=\"_self\" href=\"https:\/\/abonnement.paris-normandie.fr\/?int_source=paris_normandie&amp;int_medium=paywall_anonyme&amp;int_campaign=dpi\" rel=\"nofollow noopener\">Je m&rsquo;abonne<\/a><\/p>\n<ul>\n<li>Acc\u00e8s illimit\u00e9 aux articles<\/li>\n<li>Journal en version num\u00e9rique 7j\/7<\/li>\n<li>Partage famille : 3 comptes<\/li>\n<\/ul>\n<p>D\u00e9j\u00e0 abonn\u00e9 ?<a class=\"bu_paywall_cp_anonyme js-sso--url\" id=\"btn_paywall_login\" href=\"https:\/\/ssov3.paris-normandie.fr\/product\/redirect?product_id=fr_parisnormandie&amp;return_to=[current-page:js-url]\" rel=\"nofollow noopener\" target=\"_blank\">Je m&rsquo;identifie<\/a><\/p>\n<p>R\u00e9sultats sportifs Retrouvez les r\u00e9sultats de tous les sports chaque jour <a href=\"https:\/\/www.paris-normandie.fr\/services\/resultats-sportifs?utm_source=site_pn&amp;utm_medium=custom&amp;utm_campaign=18_03&amp;utm_content=bas_article\" target=\"_blank\" rel=\"nofollow noopener\"> en cliquant ici<\/a>  <\/p>\n<p>Contenus sponsoris\u00e9s<\/p>\n<p>&#13;<br \/>\n&#13;<\/p>\n<p>&#13;<br \/>\n&#13;<\/p>\n","protected":false},"excerpt":{"rendered":"Vainqueurs samedi 5 septembre 2026 des Allemands de D\u00fcsseldorf (3-2), les Dragons de Rouen, auteurs d\u2019un match de&hellip;\n","protected":false},"author":2,"featured_media":1169853,"comment_status":"","ping_status":"","sticky":false,"template":"","format":"standard","meta":{"footnotes":"","_share_on_mastodon":"0"},"categories":[9587],"tags":[1111,2465,11,67328,1777,674,1011,27,12,5161,25,9590],"class_list":["post-1169852","post","type-post","status-publish","format-standard","has-post-thumbnail","category-rouen","tag-actu","tag-actu-sport","tag-actualites","tag-dragons-de-rouen","tag-eu","tag-europe","tag-fr","tag-france","tag-news","tag-normandie","tag-republique-francaise","tag-rouen"],"share_on_mastodon":{"url":"https:\/\/pubeurope.com\/@fr\/117221191554301663","error":""},"_links":{"self":[{"href":"https:\/\/www.europesays.com\/fr\/wp-json\/wp\/v2\/posts\/1169852","targetHints":{"allow":["GET"]}}],"collection":[{"href":"https:\/\/www.europesays.com\/fr\/wp-json\/wp\/v2\/posts"}],"about":[{"href":"https:\/\/www.europesays.com\/fr\/wp-json\/wp\/v2\/types\/post"}],"author":[{"embeddable":true,"href":"https:\/\/www.europesays.com\/fr\/wp-json\/wp\/v2\/users\/2"}],"replies":[{"embeddable":true,"href":"https:\/\/www.europesays.com\/fr\/wp-json\/wp\/v2\/comments?post=1169852"}],"version-history":[{"count":0,"href":"https:\/\/www.europesays.com\/fr\/wp-json\/wp\/v2\/posts\/1169852\/revisions"}],"wp:featuredmedia":[{"embeddable":true,"href":"https:\/\/www.europesays.com\/fr\/wp-json\/wp\/v2\/media\/1169853"}],"wp:attachment":[{"href":"https:\/\/www.europesays.com\/fr\/wp-json\/wp\/v2\/media?parent=1169852"}],"wp:term":[{"taxonomy":"category","embeddable":true,"href":"https:\/\/www.europesays.com\/fr\/wp-json\/wp\/v2\/categories?post=1169852"},{"taxonomy":"post_tag","embeddable":true,"href":"https:\/\/www.europesays.com\/fr\/wp-json\/wp\/v2\/tags?post=1169852"}],"curies":[{"name":"wp","href":"https:\/\/api.w.org\/{rel}","templated":true}]}}