{"id":1169858,"date":"2026-09-06T00:14:27","date_gmt":"2026-09-06T00:14:27","guid":{"rendered":"https:\/\/www.europesays.com\/fr\/1169858\/"},"modified":"2026-09-06T00:14:27","modified_gmt":"2026-09-06T00:14:27","slug":"ivre-un-patient-donne-un-coup-de-poing-a-un-infirmier-hospitalier-a-rennes","status":"publish","type":"post","link":"https:\/\/www.europesays.com\/fr\/1169858\/","title":{"rendered":"Ivre, un patient donne un coup de poing \u00e0 un infirmier hospitalier \u00e0 Rennes"},"content":{"rendered":"<tr wp_automatic_readability=\"6.8531468531469\">\n<td valign=\"middle\" align=\"center\" class=\"col-logo\" wp_automatic_readability=\"5\">\n    <img decoding=\"async\" src=\"https:\/\/www.maville.com\/design\/images\/logo-of-monetise.svg?version=20130627\" alt=\"logo Ouest-France\" height=\"66\" loading=\"lazy\"\/><\/p>\n<p>Contenu r\u00e9serv\u00e9 aux abonn\u00e9s<\/p>\n<\/td>\n<td class=\"col-titre\">\n\t\t\tSamedi 05 septembre 2026 21:19<br \/>\n\t\t\t<a class=\"icon-bulle sizeL count\" href=\"#ancreAvis\"><br \/>\n\t&#8230;<br \/>\n<\/a><\/td>\n<\/tr>\n<p>\t\t<a class=\"mavillebox2 elmt-photo\" href=\"https:\/\/www.maville.com\/photosmvi\/2026\/09\/05\/P36112620D7466116G.jpg\" title=\" L\u2019entr\u00e9e des urgences du CHU Pontchaillou, \u00e0 Rennes.  \u00a9  Marc Ollivier\/Ouest-France  \" rel=\"galerie_actu nofollow noopener\" target=\"_blank\"><br \/>\n\t<img decoding=\"async\" src=\"https:\/\/www.europesays.com\/fr\/wp-content\/uploads\/2026\/09\/P36112620D7466116G_crop_640-330_.jpg\" alt=\"photo  l\u2019entr\u00e9e des urgences du chu pontchaillou, \u00e0 rennes.  \u00a9  marc ollivier\/ouest-france \" loading=\"lazy\"\/><br \/>\n\t1<br \/>\n<\/a><\/p>\n<p class=\"elmt-legende\"> L\u2019entr\u00e9e des urgences du CHU Pontchaillou, \u00e0 Rennes.  \u00a9  Marc Ollivier\/Ouest-France  <\/p>\n<p>\t\tL\u2019homme s\u2019\u00e9tait pr\u00e9sent\u00e9 au CHU Pontchaillou de Rennes pour une blessure au bras. Il sera convoqu\u00e9 devant la justice \u00e0 l\u2019automne.<\/p>\n<p><b>Cet article est r\u00e9serv\u00e9 aux abonn\u00e9s<\/b><\/p>\n<p>Pour un acc\u00e8s imm\u00e9diat, abonnez-vous<\/p>\n<p><b>1er mois \u00e0 1\u20ac<\/b><\/p>\n<p>\t\tOuest-France<\/p>\n<p>Retrouvez d&rsquo;autres actus sur la commune de :<\/p>\n","protected":false},"excerpt":{"rendered":"Contenu r\u00e9serv\u00e9 aux abonn\u00e9s Samedi 05 septembre 2026 21:19 &#8230; 1 L\u2019entr\u00e9e des urgences du CHU Pontchaillou, \u00e0&hellip;\n","protected":false},"author":2,"featured_media":1169859,"comment_status":"","ping_status":"","sticky":false,"template":"","format":"standard","meta":{"footnotes":"","_share_on_mastodon":"0"},"categories":[2821],"tags":[1111,11,829,3952,7687,1777,674,1011,27,31143,47553,12331,12,9532,39457,584,25],"class_list":["post-1169858","post","type-post","status-publish","format-standard","has-post-thumbnail","category-rennes","tag-actu","tag-actualites","tag-bretagne","tag-coup","tag-donne","tag-eu","tag-europe","tag-fr","tag-france","tag-hospitalier","tag-infirmier","tag-ivre","tag-news","tag-patient","tag-poing","tag-rennes","tag-republique-francaise"],"share_on_mastodon":{"url":"https:\/\/pubeurope.com\/@fr\/117221214613294971","error":""},"_links":{"self":[{"href":"https:\/\/www.europesays.com\/fr\/wp-json\/wp\/v2\/posts\/1169858","targetHints":{"allow":["GET"]}}],"collection":[{"href":"https:\/\/www.europesays.com\/fr\/wp-json\/wp\/v2\/posts"}],"about":[{"href":"https:\/\/www.europesays.com\/fr\/wp-json\/wp\/v2\/types\/post"}],"author":[{"embeddable":true,"href":"https:\/\/www.europesays.com\/fr\/wp-json\/wp\/v2\/users\/2"}],"replies":[{"embeddable":true,"href":"https:\/\/www.europesays.com\/fr\/wp-json\/wp\/v2\/comments?post=1169858"}],"version-history":[{"count":0,"href":"https:\/\/www.europesays.com\/fr\/wp-json\/wp\/v2\/posts\/1169858\/revisions"}],"wp:featuredmedia":[{"embeddable":true,"href":"https:\/\/www.europesays.com\/fr\/wp-json\/wp\/v2\/media\/1169859"}],"wp:attachment":[{"href":"https:\/\/www.europesays.com\/fr\/wp-json\/wp\/v2\/media?parent=1169858"}],"wp:term":[{"taxonomy":"category","embeddable":true,"href":"https:\/\/www.europesays.com\/fr\/wp-json\/wp\/v2\/categories?post=1169858"},{"taxonomy":"post_tag","embeddable":true,"href":"https:\/\/www.europesays.com\/fr\/wp-json\/wp\/v2\/tags?post=1169858"}],"curies":[{"name":"wp","href":"https:\/\/api.w.org\/{rel}","templated":true}]}}