{"id":1169860,"date":"2026-09-06T00:16:26","date_gmt":"2026-09-06T00:16:26","guid":{"rendered":"https:\/\/www.europesays.com\/fr\/1169860\/"},"modified":"2026-09-06T00:16:26","modified_gmt":"2026-09-06T00:16:26","slug":"schiltigheim-un-homme-dune-trentaine-dannees-grille-un-feu-rouge-et-percute-un-cycliste","status":"publish","type":"post","link":"https:\/\/www.europesays.com\/fr\/1169860\/","title":{"rendered":"Schiltigheim. Un homme d\u2019une trentaine d\u2019ann\u00e9es grille un feu rouge et percute un cycliste"},"content":{"rendered":"<p>Un automobiliste venant de la rue du Barrage a grill\u00e9 un feu rouge \u00e0 l\u2019intersection avec la rue Principale \u00e0 Schiltigheim vendredi soir, vers 20\u00a0h\u00a015.<\/p>\n<p>Il a percut\u00e9 un cycliste et a encastr\u00e9 son v\u00e9hicule dans le mobilier urbain, d\u00e9gradant d\u2019autres bicyclettes au passage. Le cycliste, \u00e2g\u00e9 d\u2019une trentaine d\u2019ann\u00e9es, a \u00e9t\u00e9 transport\u00e9 \u00e0 l\u2019h\u00f4pital en urgence absolue. Preuve de la violence du choc, la roue arri\u00e8re de son v\u00e9lo ne tenait plus que par un c\u00e2ble. Des d\u00e9bris ont \u00e9t\u00e9 projet\u00e9s sur une vingtaine de m\u00e8tres. Le conducteur, \u00e2g\u00e9 d\u2019une trentaine d\u2019ann\u00e9es, \u00e9tait positif \u00e0 l\u2019alcool.<\/p>\n<p>Le conducteur de Schiltigheim, bless\u00e9, a \u00e9t\u00e9 transport\u00e9 \u00e0 l&rsquo;h\u00f4pital.\u00a0\u00c0 sa sortie, il sera convoqu\u00e9 par la police et plac\u00e9 en garde \u00e0 vue.<\/p>\n","protected":false},"excerpt":{"rendered":"Un automobiliste venant de la rue du Barrage a grill\u00e9 un feu rouge \u00e0 l\u2019intersection avec la rue&hellip;\n","protected":false},"author":2,"featured_media":1169861,"comment_status":"","ping_status":"","sticky":false,"template":"","format":"standard","meta":{"footnotes":"","_share_on_mastodon":"0"},"categories":[2820],"tags":[119,1111,11,2880,1777,674,274,107,1011,27,775,12,25,5512,640,3265],"class_list":["post-1169860","post","type-post","status-publish","format-standard","has-post-thumbnail","category-strasbourg","tag-accident","tag-actu","tag-actualites","tag-edition-strasbourg","tag-eu","tag-europe","tag-faits-divers-justice","tag-fil-info","tag-fr","tag-france","tag-grand-est","tag-news","tag-republique-francaise","tag-schiltigheim","tag-strasbourg","tag-strasbourg-nord"],"share_on_mastodon":{"url":"https:\/\/pubeurope.com\/@fr\/117221221115825842","error":""},"_links":{"self":[{"href":"https:\/\/www.europesays.com\/fr\/wp-json\/wp\/v2\/posts\/1169860","targetHints":{"allow":["GET"]}}],"collection":[{"href":"https:\/\/www.europesays.com\/fr\/wp-json\/wp\/v2\/posts"}],"about":[{"href":"https:\/\/www.europesays.com\/fr\/wp-json\/wp\/v2\/types\/post"}],"author":[{"embeddable":true,"href":"https:\/\/www.europesays.com\/fr\/wp-json\/wp\/v2\/users\/2"}],"replies":[{"embeddable":true,"href":"https:\/\/www.europesays.com\/fr\/wp-json\/wp\/v2\/comments?post=1169860"}],"version-history":[{"count":0,"href":"https:\/\/www.europesays.com\/fr\/wp-json\/wp\/v2\/posts\/1169860\/revisions"}],"wp:featuredmedia":[{"embeddable":true,"href":"https:\/\/www.europesays.com\/fr\/wp-json\/wp\/v2\/media\/1169861"}],"wp:attachment":[{"href":"https:\/\/www.europesays.com\/fr\/wp-json\/wp\/v2\/media?parent=1169860"}],"wp:term":[{"taxonomy":"category","embeddable":true,"href":"https:\/\/www.europesays.com\/fr\/wp-json\/wp\/v2\/categories?post=1169860"},{"taxonomy":"post_tag","embeddable":true,"href":"https:\/\/www.europesays.com\/fr\/wp-json\/wp\/v2\/tags?post=1169860"}],"curies":[{"name":"wp","href":"https:\/\/api.w.org\/{rel}","templated":true}]}}