{"id":1169878,"date":"2026-09-06T00:31:18","date_gmt":"2026-09-06T00:31:18","guid":{"rendered":"https:\/\/www.europesays.com\/fr\/1169878\/"},"modified":"2026-09-06T00:31:18","modified_gmt":"2026-09-06T00:31:18","slug":"meteo-lille-previsions-du-dimanche-6-septembre-2026","status":"publish","type":"post","link":"https:\/\/www.europesays.com\/fr\/1169878\/","title":{"rendered":"M\u00e9t\u00e9o Lille : pr\u00e9visions du dimanche 6 septembre 2026"},"content":{"rendered":"<p>Les nuages \u00e0 pr\u00e9voir aujourd&rsquo;hui, \u00e0 Lille, et un ciel encore gris. Les temp\u00e9ratures afficheront entre 13 et 27\u00b0C. En revanche, un superbe soleil va briller et ce, tout au long de la matin\u00e9e. Un petit vent de sud-est soufflera. La m\u00e9t\u00e9o va peu \u00e0 peu se voiler tout au long de l&rsquo;apr\u00e8s-midi du fait de la venue de nuages. D&rsquo;un autre c\u00f4t\u00e9, c&rsquo;est une hausse de plusieurs degr\u00e9s que vont conna\u00eetre les temp\u00e9ratures. Les valeurs s&rsquo;\u00e9chelonneront entre 24 et 27\u00b0C. Encore de la grisaille le soir. Les nuages vont s&rsquo;attarder. Les temp\u00e9ratures avoisineront les 23\u00b0C. C&rsquo;est un ciel l\u00e9g\u00e8rement voil\u00e9 que conna\u00eetra la nuit de dimanche \u00e0 lundi.<\/p>\n<p>Demain, Lille devra encore patienter avant que les nuages ne se dissipent. L&rsquo;air ambiant va se r\u00e9chauffer avec une augmentation de quelques degr\u00e9s. Il fera en moyenne 22\u00b0C. Une l\u00e9g\u00e8re brise de sud-ouest sera ressentie par les habitants. Le matin, toujours des nuages dans le ciel qui emp\u00eachent le soleil d&rsquo;appara\u00eetre. Le mercure affichera 22\u00b0C en moyenne. Cet apr\u00e8s-midi rimera avec beau soleil. Un temps plus chaud est \u00e0 pr\u00e9voir \u00e9tant donn\u00e9 que le mercure va enregistrer une hausse. Les temp\u00e9ratures seront comprises entre 24 et 27\u00b0C. Le ciel va progressivement s&rsquo;obscurcir au cours de la soir\u00e9e avec l&rsquo;apparition de nuages.<\/p>\n<p>La m\u00e9t\u00e9o sera pluvieuse mardi mais elle conna\u00eetra une am\u00e9lioration mercredi.<\/p>\n<p><\/p>\n","protected":false},"excerpt":{"rendered":"Les nuages \u00e0 pr\u00e9voir aujourd&rsquo;hui, \u00e0 Lille, et un ciel encore gris. Les temp\u00e9ratures afficheront entre 13 et&hellip;\n","protected":false},"author":2,"featured_media":1169879,"comment_status":"","ping_status":"","sticky":false,"template":"","format":"standard","meta":{"footnotes":"","_share_on_mastodon":"0"},"categories":[2815],"tags":[1111,11,1777,674,1011,27,811,1307,12,2119,25],"class_list":["post-1169878","post","type-post","status-publish","format-standard","has-post-thumbnail","category-lille","tag-actu","tag-actualites","tag-eu","tag-europe","tag-fr","tag-france","tag-hauts-de-france","tag-lille","tag-news","tag-previsions-meteo","tag-republique-francaise"],"share_on_mastodon":{"url":"https:\/\/pubeurope.com\/@fr\/117221280113217417","error":""},"_links":{"self":[{"href":"https:\/\/www.europesays.com\/fr\/wp-json\/wp\/v2\/posts\/1169878","targetHints":{"allow":["GET"]}}],"collection":[{"href":"https:\/\/www.europesays.com\/fr\/wp-json\/wp\/v2\/posts"}],"about":[{"href":"https:\/\/www.europesays.com\/fr\/wp-json\/wp\/v2\/types\/post"}],"author":[{"embeddable":true,"href":"https:\/\/www.europesays.com\/fr\/wp-json\/wp\/v2\/users\/2"}],"replies":[{"embeddable":true,"href":"https:\/\/www.europesays.com\/fr\/wp-json\/wp\/v2\/comments?post=1169878"}],"version-history":[{"count":0,"href":"https:\/\/www.europesays.com\/fr\/wp-json\/wp\/v2\/posts\/1169878\/revisions"}],"wp:featuredmedia":[{"embeddable":true,"href":"https:\/\/www.europesays.com\/fr\/wp-json\/wp\/v2\/media\/1169879"}],"wp:attachment":[{"href":"https:\/\/www.europesays.com\/fr\/wp-json\/wp\/v2\/media?parent=1169878"}],"wp:term":[{"taxonomy":"category","embeddable":true,"href":"https:\/\/www.europesays.com\/fr\/wp-json\/wp\/v2\/categories?post=1169878"},{"taxonomy":"post_tag","embeddable":true,"href":"https:\/\/www.europesays.com\/fr\/wp-json\/wp\/v2\/tags?post=1169878"}],"curies":[{"name":"wp","href":"https:\/\/api.w.org\/{rel}","templated":true}]}}