{"id":116988,"date":"2025-05-21T13:47:08","date_gmt":"2025-05-21T13:47:08","guid":{"rendered":"https:\/\/www.europesays.com\/fr\/116988\/"},"modified":"2025-05-21T13:47:08","modified_gmt":"2025-05-21T13:47:08","slug":"monaco-ne-libere-pas-maghnes-akliouche-pour-leuro-espoirs-france-as-monaco","status":"publish","type":"post","link":"https:\/\/www.europesays.com\/fr\/116988\/","title":{"rendered":"Monaco ne lib\u00e8re pas Maghnes Akliouche pour l\u2019Euro Espoirs &#8211; France &#8211; AS Monaco"},"content":{"rendered":"<p>AkliOutch !<\/p>\n<p>Le pays des Bratisla Boys sera priv\u00e9 des dribbles chaloup\u00e9s de <strong>Maghnes Akliouche<\/strong>. L\u2019\u00e9l\u00e9gant milieu offensif de l\u2019AS Monaco <strong>ne disputera pas l\u2019Euro Espoirs en Slovaquie<\/strong> (11-28 juin) et ce n\u2019est pas \u00e0 cause d\u2019une blessure ou d\u2019un choix du s\u00e9lectionneur.<\/p>\n<p>Non, c\u2019est <strong>Monaco qui met son veto<\/strong>, selon <a target=\"_blank\" href=\"https:\/\/www.lequipe.fr\/Football\/Actualites\/Retenu-par-monaco-maghnes-akliouche-ne-participera-pas-a-l-euro-espoirs\/1563465\" rel=\"nofollow noopener\">L\u2019\u00c9quipe<\/a>. Le club de la Principaut\u00e9 a d\u00e9cid\u00e9 de garder son milieu offensif de 23 ans sur le Rocher. Officiellement, rien ne l\u2019oblige \u00e0 le lib\u00e9rer : <strong>la comp\u00e8te n\u2019\u00e9tant pas sur des dates FIFA, l\u2019ASM a les mains libres<\/strong>.<\/p>\n<p>Pas de Cherki non plus, pressenti chez les A<\/p>\n<p><strong>Coup dur pour le s\u00e9lectionneur G\u00e9rald Baticle<\/strong>, qui pr\u00e9pare sa premi\u00e8re liste de tournoi depuis qu\u2019il a r\u00e9cup\u00e9r\u00e9 les cl\u00e9s des Bleuets. Celle-ci tombera ce mercredi apr\u00e8s-midi, probablement avec 25 ou 26 noms.<\/p>\n<p>Le talent mon\u00e9gasque, pressenti un temps chez les A, <strong>devra donc suivre \u00e7a \u00e0 la t\u00e9l\u00e9<\/strong>, entre deux coups de fil de son agent (le joueur \u00e9tant courtis\u00e9 par le PSG notamment, toujours selon <a target=\"_blank\" href=\"https:\/\/www.lequipe.fr\/Football\/Article\/Mercato-maghnes-akliouche-qui-pourrait-quitter-monaco-cet-ete-se-verrait-bien-au-psg-mais-le-transfert-est-loin-d-etre-fait\/1563348\" rel=\"nofollow noopener\">L\u2019\u00c9quipe<\/a>). Le s\u00e9lectionneur tricolore discute aussi avec Deschamps, notamment au sujet de Rayan Cherki, dont le billet pour l\u2019\u00e9quipe premi\u00e8re pourrait lib\u00e9rer une place\u2026<\/p>\n<p>Qui ne sera donc pas pour Akliouche.<\/p>\n<p>\t\t\t\t\t\t\t\t\t\t<a class=\"lien-connexe\" href=\"https:\/\/www.sofoot.com\/articles\/france-espoirs-as-monaco-le-magnetique-maghnes-akliouche-attire-tous-les-regards\" rel=\"nofollow noopener\" target=\"_blank\">Magn\u00e9tique Akliouche<\/a>\t\t\t\t\t<\/p>\n","protected":false},"excerpt":{"rendered":"AkliOutch ! Le pays des Bratisla Boys sera priv\u00e9 des dribbles chaloup\u00e9s de Maghnes Akliouche. L\u2019\u00e9l\u00e9gant milieu offensif&hellip;\n","protected":false},"author":2,"featured_media":116989,"comment_status":"","ping_status":"","sticky":false,"template":"","format":"standard","meta":{"footnotes":""},"categories":[9],"tags":[47,61,69,65,64,63,1011,27,68,66,62,70,67,60],"class_list":{"0":"post-116988","1":"post","2":"type-post","3":"status-publish","4":"format-standard","5":"has-post-thumbnail","7":"category-sports","8":"tag-actualite","9":"tag-actus-football","10":"tag-bundesliga","11":"tag-championnats-europeens","12":"tag-equipe-de-france","13":"tag-football","14":"tag-fr","15":"tag-france","16":"tag-ligua","17":"tag-ligue-1","18":"tag-news-foot","19":"tag-premier-league","20":"tag-serie-a","21":"tag-sports"},"share_on_mastodon":{"url":"https:\/\/pubeurope.com\/@fr\/114546137136958086","error":""},"_links":{"self":[{"href":"https:\/\/www.europesays.com\/fr\/wp-json\/wp\/v2\/posts\/116988","targetHints":{"allow":["GET"]}}],"collection":[{"href":"https:\/\/www.europesays.com\/fr\/wp-json\/wp\/v2\/posts"}],"about":[{"href":"https:\/\/www.europesays.com\/fr\/wp-json\/wp\/v2\/types\/post"}],"author":[{"embeddable":true,"href":"https:\/\/www.europesays.com\/fr\/wp-json\/wp\/v2\/users\/2"}],"replies":[{"embeddable":true,"href":"https:\/\/www.europesays.com\/fr\/wp-json\/wp\/v2\/comments?post=116988"}],"version-history":[{"count":0,"href":"https:\/\/www.europesays.com\/fr\/wp-json\/wp\/v2\/posts\/116988\/revisions"}],"wp:featuredmedia":[{"embeddable":true,"href":"https:\/\/www.europesays.com\/fr\/wp-json\/wp\/v2\/media\/116989"}],"wp:attachment":[{"href":"https:\/\/www.europesays.com\/fr\/wp-json\/wp\/v2\/media?parent=116988"}],"wp:term":[{"taxonomy":"category","embeddable":true,"href":"https:\/\/www.europesays.com\/fr\/wp-json\/wp\/v2\/categories?post=116988"},{"taxonomy":"post_tag","embeddable":true,"href":"https:\/\/www.europesays.com\/fr\/wp-json\/wp\/v2\/tags?post=116988"}],"curies":[{"name":"wp","href":"https:\/\/api.w.org\/{rel}","templated":true}]}}