{"id":1169880,"date":"2026-09-06T00:32:15","date_gmt":"2026-09-06T00:32:15","guid":{"rendered":"https:\/\/www.europesays.com\/fr\/1169880\/"},"modified":"2026-09-06T00:32:15","modified_gmt":"2026-09-06T00:32:15","slug":"marseille-linpi-annule-la-marque-rpr-deposee-par-le-rn","status":"publish","type":"post","link":"https:\/\/www.europesays.com\/fr\/1169880\/","title":{"rendered":"Marseille : L&rsquo;INPI annule la marque RPR d\u00e9pos\u00e9e par le RN"},"content":{"rendered":"<p><strong>L\u2019INPI a annul\u00e9 la marque \u00ab RPR \u00bb d\u00e9pos\u00e9e par deux cadres du RN, une d\u00e9cision salu\u00e9e par Renaud Muselier qui d\u00e9nonce une usurpation m\u00e9morielle.<\/strong><\/p>\n<p>L\u2019Institut national de la propri\u00e9t\u00e9 industrielle (INPI) a mis un terme \u00e0 une tentative d\u2019appropriation politique et m\u00e9morielle. Par une d\u00e9cision rendue le 2 septembre 2026, l\u2019organisme a d\u00e9clar\u00e9 nulle la marque \u00ab RPR \u2013 Le Rassemblement pour la R\u00e9publique \u00bb, qui avait \u00e9t\u00e9 d\u00e9pos\u00e9e par Marc-Antoine Ponelle et Franck Allisio, deux responsables du Rassemblement national.<\/p>\n<p><strong>Une annulation pour <\/strong><strong>\u00ab d\u00e9p\u00f4t de mauvaise foi \u00bb<\/strong><\/p>\n<p>L\u2019INPI a fond\u00e9 sa d\u00e9cision sur le motif de \u00ab d\u00e9p\u00f4t de mauvaise foi \u00bb et a condamn\u00e9 solidairement les deux d\u00e9posants \u00e0 verser la somme de 1 200 euros. La proc\u00e9dure avait \u00e9t\u00e9 initi\u00e9e par l\u2019association Cap sur l\u2019Avenir 13, pr\u00e9sid\u00e9e par Renaud Muselier, qui a salu\u00e9 dans un communiqu\u00e9 la fin de ce qu\u2019il qualifie d\u2019\u00ab usurpation honteuse \u00bb.<\/p>\n<p>Dans sa d\u00e9claration, Renaud Muselier, ancien militant du RPR et membre de son bureau politique, ancre sa d\u00e9marche dans une histoire familiale et nationale intimement li\u00e9e au gaullisme et \u00e0 la R\u00e9sistance.<\/p>\n<p>\u00ab La croix de Lorraine que ces messieurs ont voulu s\u2019approprier comme on d\u00e9pose une marque de lessive, mon grand-p\u00e8re, l\u2019amiral \u00c9mile Muselier, l\u2019a choisie en juillet 1940 pour distinguer les marins de la France Libre de ceux de Vichy. Mon p\u00e8re, Maurice Muselier, m\u00e9decin et r\u00e9sistant, est revenu de Dachau. Ce symbole a \u00e9t\u00e9 pay\u00e9 au prix du sang, de l\u2019exil et des camps. Il appartient \u00e0 la France et \u00e0 la m\u00e9moire de la R\u00e9sistance \u00bb, <strong>rappelle-t-il.<\/strong><\/p>\n<p><strong>\u00ab Le RN n\u2019est pas et ne sera jamais le RPR \u00bb<\/strong><\/p>\n<p>L\u2019ancien pr\u00e9sident de la R\u00e9gion Provence-Alpes-C\u00f4te d\u2019Azur d\u00e9nonce une man\u0153uvre politique qu\u2019il juge ind\u00e9cente de la part de responsables dont la famille politique, selon lui, s\u2019opposait historiquement \u00e0 l\u2019h\u00e9ritage gaulliste.<\/p>\n<p>\u00ab Voir cet embl\u00e8me et ce nom capt\u00e9s par des responsables du Rassemblement national, dont la famille politique combattait la France Libre, rel\u00e8ve de l\u2019ind\u00e9cence. Le gaullisme, c\u2019est l\u2019appel du 18 juin, le refus de la capitulation, la R\u00e9publique relev\u00e9e. Ceux qui pr\u00e9tendent aujourd\u2019hui s\u2019en habiller n\u2019en ont ni la filiation, ni la l\u00e9gitimit\u00e9, ni la moindre parcelle du courage. L\u2019INPI vient de le rappeler en droit ; l\u2019histoire l\u2019avait d\u00e9j\u00e0 tranch\u00e9 \u00bb, <strong>affirme Renaud Muselier.<\/strong><\/p>\n<p>\u00ab Le RN n\u2019est pas et ne sera jamais le RPR \u00bb, <strong>mart\u00e8le-t-il.<\/strong><\/p>\n<p>Renaud Muselier, qui fut \u00e9galement membre fondateur de l\u2019UMP en 2002 puis des R\u00e9publicains en 2015, partis h\u00e9ritiers du Rassemblement pour la R\u00e9publique, r\u00e9affirme son engagement \u00e0 d\u00e9fendre cet h\u00e9ritage politique.<\/p>\n<p>\u00ab Je sais ce que cette histoire doit \u00e0 ceux qui l\u2019ont faite, et je la d\u00e9fendrai partout o\u00f9 l\u2019on tentera de la d\u00e9tourner \u00bb, <strong>conclut-il, pr\u00e9cisant que son association<\/strong> \u00ab restera vigilant, \u00e0 Marseille comme partout en Provence, face \u00e0 toutes les tentatives de r\u00e9cup\u00e9ration de notre histoire commune \u00bb.<\/p>\n<p><strong>via Presse Agence (r\u00e9dig\u00e9 \u00e0 partir d\u2019un communiqu\u00e9 de presse transmis \u00e0 la r\u00e9daction).<\/strong><\/p>\n","protected":false},"excerpt":{"rendered":"L\u2019INPI a annul\u00e9 la marque \u00ab RPR \u00bb d\u00e9pos\u00e9e par deux cadres du RN, une d\u00e9cision salu\u00e9e par&hellip;\n","protected":false},"author":2,"featured_media":840947,"comment_status":"","ping_status":"","sticky":false,"template":"","format":"standard","meta":{"footnotes":"","_share_on_mastodon":"0"},"categories":[2814],"tags":[1111,11,1777,674,1011,27,884,12,882,25],"class_list":["post-1169880","post","type-post","status-publish","format-standard","has-post-thumbnail","category-marseille","tag-actu","tag-actualites","tag-eu","tag-europe","tag-fr","tag-france","tag-marseille","tag-news","tag-provence-alpes-cote-dazur","tag-republique-francaise"],"share_on_mastodon":{"url":"https:\/\/pubeurope.com\/@fr\/117221283862284766","error":""},"_links":{"self":[{"href":"https:\/\/www.europesays.com\/fr\/wp-json\/wp\/v2\/posts\/1169880","targetHints":{"allow":["GET"]}}],"collection":[{"href":"https:\/\/www.europesays.com\/fr\/wp-json\/wp\/v2\/posts"}],"about":[{"href":"https:\/\/www.europesays.com\/fr\/wp-json\/wp\/v2\/types\/post"}],"author":[{"embeddable":true,"href":"https:\/\/www.europesays.com\/fr\/wp-json\/wp\/v2\/users\/2"}],"replies":[{"embeddable":true,"href":"https:\/\/www.europesays.com\/fr\/wp-json\/wp\/v2\/comments?post=1169880"}],"version-history":[{"count":0,"href":"https:\/\/www.europesays.com\/fr\/wp-json\/wp\/v2\/posts\/1169880\/revisions"}],"wp:featuredmedia":[{"embeddable":true,"href":"https:\/\/www.europesays.com\/fr\/wp-json\/wp\/v2\/media\/840947"}],"wp:attachment":[{"href":"https:\/\/www.europesays.com\/fr\/wp-json\/wp\/v2\/media?parent=1169880"}],"wp:term":[{"taxonomy":"category","embeddable":true,"href":"https:\/\/www.europesays.com\/fr\/wp-json\/wp\/v2\/categories?post=1169880"},{"taxonomy":"post_tag","embeddable":true,"href":"https:\/\/www.europesays.com\/fr\/wp-json\/wp\/v2\/tags?post=1169880"}],"curies":[{"name":"wp","href":"https:\/\/api.w.org\/{rel}","templated":true}]}}