{"id":1169882,"date":"2026-09-06T00:34:26","date_gmt":"2026-09-06T00:34:26","guid":{"rendered":"https:\/\/www.europesays.com\/fr\/1169882\/"},"modified":"2026-09-06T00:34:26","modified_gmt":"2026-09-06T00:34:26","slug":"nord-isere-perdu-et-desoriente-un-conducteur-de-77-ans-fait-16-km-a-contresens-sur-lautoroute-au-sud-de-lyon","status":"publish","type":"post","link":"https:\/\/www.europesays.com\/fr\/1169882\/","title":{"rendered":"Nord-Is\u00e8re. Perdu et d\u00e9sorient\u00e9, un conducteur de 77 ans fait\u00a016\u00a0km \u00e0 contresens sur l\u2019autoroute au sud de Lyon"},"content":{"rendered":"<p>Fort heureusement, aucun bless\u00e9 n\u2019est \u00e0 signaler, ni de d\u00e9g\u00e2ts mat\u00e9riels. Il \u00e9tait 4\u00a0h\u00a045, vendredi 4\u00a0septembre, quand un v\u00e9hicule est signal\u00e9, par des usagers, roulant \u00e0 contresens sur l\u2019autoroute A7\u00a0: celui-ci circule en direction de Marseille alors qu\u2019il est sur les voies du sens Marseille\/Lyon.<\/p>\n<p>  <strong>Il a fait demi-tour au p\u00e9age<\/strong><\/p>\n<p>Imm\u00e9diatement, les gendarmes du peloton motoris\u00e9 de Chanas sont activ\u00e9s. Alors que des messages sont diffus\u00e9s sur les panneaux lumineux de l\u2019autoroute, il est rapidement \u00e9tabli qu\u2019un conducteur qui revenait du sud, au volant de son Audi, a fait demi-tour en arrivant au p\u00e9age de Vienne-Reventin. Finalement, l\u2019Audi est retrouv\u00e9e, par les gendarmes, stationn\u00e9e sur la bande d\u2019arr\u00eat d\u2019urgence, au niveau de la commune de Chanas.<\/p>\n<p>\u00c0 son volant, un homme \u00e2g\u00e9 qui semble compl\u00e8tement d\u00e9sorient\u00e9. Et dans l\u2019incapacit\u00e9 de fournir des explications. Celui-ci a \u00e9t\u00e9 ramen\u00e9 dans les bureaux du peloton motoris\u00e9.<\/p>\n<p>  Une confusion d&rsquo;itin\u00e9raire<\/p>\n<p>\u00c2g\u00e9 de 77 ans, et originaire de Gironde, il revenait de Nice. Il est fort probable qu\u2019il se soit tromp\u00e9 aux embranchements autoroutiers de Salon-de-Provence ou d\u2019Orange. Se retrouvant alors sur l\u2019autoroute A7, sans se rendre compte de son erreur, il a remont\u00e9 la vall\u00e9e du Rh\u00f4ne, et ce jusqu\u2019au premier p\u00e9age se pr\u00e9sentant sur sa route, soit celui de Vienne\/Reventin. Perdu et d\u00e9sorient\u00e9, il a alors entrepris un demi-tour \u00e0 une heure particuli\u00e8rement matinale o\u00f9 la circulation est encore peu dense.<\/p>\n<p>Sa famille a \u00e9t\u00e9 contact\u00e9e par les militaires, afin de le prendre en charge. Les gendarmes pourraient alors avoir plus d\u2019explications.<\/p>\n","protected":false},"excerpt":{"rendered":"Fort heureusement, aucun bless\u00e9 n\u2019est \u00e0 signaler, ni de d\u00e9g\u00e2ts mat\u00e9riels. Il \u00e9tait 4\u00a0h\u00a045, vendredi 4\u00a0septembre, quand un&hellip;\n","protected":false},"author":2,"featured_media":1169883,"comment_status":"","ping_status":"","sticky":false,"template":"","format":"standard","meta":{"footnotes":"","_share_on_mastodon":"0"},"categories":[1889],"tags":[1111,11,2430,271,272,2757,3154,1777,674,274,107,1011,27,2428,12,25,2429,1584],"class_list":["post-1169882","post","type-post","status-publish","format-standard","has-post-thumbnail","category-lyon","tag-actu","tag-actualites","tag-auvergne-rhone-alpes","tag-crime","tag-delit-et-contravention","tag-edition-lyon-villeurbanne","tag-edition-sud-lyonnais","tag-eu","tag-europe","tag-faits-divers-justice","tag-fil-info","tag-fr","tag-france","tag-lyon","tag-news","tag-republique-francaise","tag-rhone","tag-vienne"],"share_on_mastodon":{"url":"https:\/\/pubeurope.com\/@fr\/117221291932078688","error":""},"_links":{"self":[{"href":"https:\/\/www.europesays.com\/fr\/wp-json\/wp\/v2\/posts\/1169882","targetHints":{"allow":["GET"]}}],"collection":[{"href":"https:\/\/www.europesays.com\/fr\/wp-json\/wp\/v2\/posts"}],"about":[{"href":"https:\/\/www.europesays.com\/fr\/wp-json\/wp\/v2\/types\/post"}],"author":[{"embeddable":true,"href":"https:\/\/www.europesays.com\/fr\/wp-json\/wp\/v2\/users\/2"}],"replies":[{"embeddable":true,"href":"https:\/\/www.europesays.com\/fr\/wp-json\/wp\/v2\/comments?post=1169882"}],"version-history":[{"count":0,"href":"https:\/\/www.europesays.com\/fr\/wp-json\/wp\/v2\/posts\/1169882\/revisions"}],"wp:featuredmedia":[{"embeddable":true,"href":"https:\/\/www.europesays.com\/fr\/wp-json\/wp\/v2\/media\/1169883"}],"wp:attachment":[{"href":"https:\/\/www.europesays.com\/fr\/wp-json\/wp\/v2\/media?parent=1169882"}],"wp:term":[{"taxonomy":"category","embeddable":true,"href":"https:\/\/www.europesays.com\/fr\/wp-json\/wp\/v2\/categories?post=1169882"},{"taxonomy":"post_tag","embeddable":true,"href":"https:\/\/www.europesays.com\/fr\/wp-json\/wp\/v2\/tags?post=1169882"}],"curies":[{"name":"wp","href":"https:\/\/api.w.org\/{rel}","templated":true}]}}