{"id":1169887,"date":"2026-09-06T00:37:23","date_gmt":"2026-09-06T00:37:23","guid":{"rendered":"https:\/\/www.europesays.com\/fr\/1169887\/"},"modified":"2026-09-06T00:37:23","modified_gmt":"2026-09-06T00:37:23","slug":"afterwork-de-rentree-paris-15e","status":"publish","type":"post","link":"https:\/\/www.europesays.com\/fr\/1169887\/","title":{"rendered":"AFTERWORK DE RENTR\u00c9E PARIS 15E"},"content":{"rendered":"<p style=\"text-align:left\">Emmanuelle Fylla St Eudes , r\u00e9f\u00e9rente Nouvelle Energie Paris 15e, organise afterwrork de rentr\u00e9e. L&rsquo;occasion d&rsquo;aborder l&rsquo;actualit\u00e9 politique et celle de David Lisnard, mais aussi de structurer les actions \u00e0 venir.<\/p>\n<p style=\"text-align:left\"><strong>Lundi 14 Septembre \u00e0 19h30, Bistrot l&rsquo;intrique, 24 Place Etienne Pernet, 75015, Paris<\/strong><\/p>\n<p style=\"text-align:left\">Inscriptions :\u00a0<a href=\"https:\/\/docs.google.com\/forms\/d\/e\/1FAIpQLSeKLtC2xnC3LJnfS48HK1mbbSEPoSU8SOxw2NTm_adyV0JP8A\/viewform\" rel=\"nofollow noopener\" target=\"_blank\">https:\/\/docs.google.com\/forms\/d\/e\/1FAIpQLSeKLtC2xnC3LJnfS48HK1mbbSEPoSU8SOxw2NTm_adyV0JP8A\/viewform<\/a><\/p>\n","protected":false},"excerpt":{"rendered":"Emmanuelle Fylla St Eudes , r\u00e9f\u00e9rente Nouvelle Energie Paris 15e, organise afterwrork de rentr\u00e9e. L&rsquo;occasion d&rsquo;aborder l&rsquo;actualit\u00e9 politique&hellip;\n","protected":false},"author":2,"featured_media":1169888,"comment_status":"","ping_status":"","sticky":false,"template":"","format":"standard","meta":{"footnotes":"","_share_on_mastodon":"0"},"categories":[1888],"tags":[1111,1928,11,1927,39575,1777,674,1011,27,121128,12,1926,121127,626,1925,25],"class_list":["post-1169887","post","type-post","status-publish","format-standard","has-post-thumbnail","category-paris","tag-actu","tag-actu-paris","tag-actualites","tag-actualites-paris","tag-david-lisnard","tag-eu","tag-europe","tag-fr","tag-france","tag-mouvement-politique-francais","tag-news","tag-news-paris","tag-nouvelle-energie","tag-paris","tag-paris-news","tag-republique-francaise"],"share_on_mastodon":{"url":"https:\/\/pubeurope.com\/@fr\/117221303642781248","error":""},"_links":{"self":[{"href":"https:\/\/www.europesays.com\/fr\/wp-json\/wp\/v2\/posts\/1169887","targetHints":{"allow":["GET"]}}],"collection":[{"href":"https:\/\/www.europesays.com\/fr\/wp-json\/wp\/v2\/posts"}],"about":[{"href":"https:\/\/www.europesays.com\/fr\/wp-json\/wp\/v2\/types\/post"}],"author":[{"embeddable":true,"href":"https:\/\/www.europesays.com\/fr\/wp-json\/wp\/v2\/users\/2"}],"replies":[{"embeddable":true,"href":"https:\/\/www.europesays.com\/fr\/wp-json\/wp\/v2\/comments?post=1169887"}],"version-history":[{"count":0,"href":"https:\/\/www.europesays.com\/fr\/wp-json\/wp\/v2\/posts\/1169887\/revisions"}],"wp:featuredmedia":[{"embeddable":true,"href":"https:\/\/www.europesays.com\/fr\/wp-json\/wp\/v2\/media\/1169888"}],"wp:attachment":[{"href":"https:\/\/www.europesays.com\/fr\/wp-json\/wp\/v2\/media?parent=1169887"}],"wp:term":[{"taxonomy":"category","embeddable":true,"href":"https:\/\/www.europesays.com\/fr\/wp-json\/wp\/v2\/categories?post=1169887"},{"taxonomy":"post_tag","embeddable":true,"href":"https:\/\/www.europesays.com\/fr\/wp-json\/wp\/v2\/tags?post=1169887"}],"curies":[{"name":"wp","href":"https:\/\/api.w.org\/{rel}","templated":true}]}}