{"id":1169895,"date":"2026-09-06T00:41:16","date_gmt":"2026-09-06T00:41:16","guid":{"rendered":"https:\/\/www.europesays.com\/fr\/1169895\/"},"modified":"2026-09-06T00:41:16","modified_gmt":"2026-09-06T00:41:16","slug":"des-idees-sur-les-voies-possibles-menant-a-un-reglement-poutine-a-rencontre-a-moscou-les-emissaires-de-trump-pour-parler-de-lukraine","status":"publish","type":"post","link":"https:\/\/www.europesays.com\/fr\/1169895\/","title":{"rendered":"\u00ab\u00a0Des id\u00e9es sur les voies possibles menant \u00e0 un r\u00e8glement\u00a0\u00bb : Poutine a rencontr\u00e9 \u00e0 Moscou les \u00e9missaires de Trump pour parler de l\u2019Ukraine"},"content":{"rendered":"<p>Vladimir Poutine a rencontr\u00e9 samedi 5\u00a0septembre les <a target=\"_self\" href=\"https:\/\/www.lanouvellerepublique.fr\/a-la-une\/guerre-en-ukraine-avant-la-venue-des-emissaires-americains-kiev-accuse-moscou-de-saper-les-espoirs-de-paix-1788536615\" rel=\"nofollow noopener\">\u00e9missaires am\u00e9ricains Steve Witkoff et Jared Kushner<\/a>, porteurs selon Donald Trump d\u2019une proposition destin\u00e9e \u00e0 mettre fin au <a target=\"_self\" href=\"https:\/\/www.lanouvellerepublique.fr\/france-monde\/ukraine\" rel=\"nofollow noopener\">conflit en Ukraine<\/a>. \u00ab\u00a0Les repr\u00e9sentants am\u00e9ricains se sont minutieusement pr\u00e9par\u00e9s pour ce d\u00e9placement. Ils ont non seulement r\u00e9it\u00e9r\u00e9 leur int\u00e9r\u00eat habituel pour une fin rapide des hostilit\u00e9s, mais ils ont \u00e9galement pr\u00e9sent\u00e9 un certain nombre d\u2019id\u00e9es sur les voies possibles menant \u00e0 un r\u00e8glement\u00a0\u00bb, a d\u00e9clar\u00e9 aux journalistes, le conseiller du Kremlin Youri Ouchakov.<\/p>\n<p>\u00ab\u00a0La conversation a \u00e9t\u00e9 constructive, extr\u00eamement franche et empreinte de confiance\u00a0\u00bb, a-t-il ajout\u00e9, pr\u00e9cisant que la partie russe \u00ab\u00a0s\u2019est dite confiante dans la r\u00e9alisation des objectifs fix\u00e9s\u00a0\u00bb. Vladimir Poutine s\u2019est entretenu pendant trois heures dans la soir\u00e9e avec les deux \u00e9missaires.<\/p>\n<p>Les deux hommes doivent ensuite se rendre dimanche \u00e0 Kiev. \u00ab\u00a0La situation n\u2019est bien s\u00fbr pas simple\u00a0\u00bb, a d\u00e9clar\u00e9 le pr\u00e9sident aux deux envoy\u00e9s dans une vaste salle du Kremlin, selon des images diffus\u00e9es par la t\u00e9l\u00e9vision russe.<\/p>\n<p>Les frappes suspendues<\/p>\n<p>Dans la nuit de vendredi \u00e0 samedi, les a\u00e9roports de Kiev ont \u00e9t\u00e9 la cible de frappes russes, a de son c\u00f4t\u00e9 d\u00e9nonc\u00e9 le chef de l\u2019\u00c9tat ukrainien Volodymyr Zelensky qui y a vu la volont\u00e9 de la Russie de perturber le voyage dans son pays de Steven Witkoff et Jared Kushner.<\/p>\n<p>Et les bombardements russes en Ukraine samedi ont fait au moins sept morts, deux dans le district de Boutcha, pr\u00e8s de la capitale, et cinq dans la r\u00e9gion de Dnipro, dans le centre, selon les autorit\u00e9s ukrainiennes.<\/p>\n<p>Le porte-parole du Kremlin, Dmitri Peskov, a n\u00e9anmoins affirm\u00e9 samedi que <a target=\"_self\" href=\"https:\/\/www.lanouvellerepublique.fr\/a-la-une\/guerre-en-ukraine-vladimir-poutine-ordonne-l-arret-des-frappes-sur-kiev-pendant-trois-jours-1788613344\" rel=\"nofollow noopener\">Vladimir Poutine avait ordonn\u00e9 de cesser les frappes pour trois jours sur Kiev<\/a>, le temps des contacts pr\u00e9vus avec ces repr\u00e9sentants du gouvernement am\u00e9ricain. La veille, <a target=\"_self\" href=\"https:\/\/www.lanouvellerepublique.fr\/a-la-une\/les-jours-surs-dans-le-ciel-russe-sont-revolus-zelensky-met-en-garde-l-aviation-civile-russe-du-terrorisme-d-etat-selon-poutine-1788334693\" rel=\"nofollow noopener\">Volodymyr Zelensky avait assur\u00e9 que l\u2019Ukraine ne bombarderait pas la Russie<\/a> pendant ces n\u00e9gociations et avait demand\u00e9 \u00e0 Moscou d&rsquo;\u00ab\u00a0assurer r\u00e9ciproquement un cessez-le-feu\u00a0\u00bb pendant \u00ab\u00a0la dur\u00e9e n\u00e9cessaire \u00e0 la conduite\u00a0\u00bb des pourparlers.<\/p>\n<p>\u00ab Une id\u00e9e pour la paix \u00bb<\/p>\n<p>Depuis son retour \u00e0 la Maison-Blanche d\u00e9but 2025, Donald Trump a amorc\u00e9 plusieurs cycles de discussions pour tenter de trouver une issue au conflit, le plus meurtrier en Europe depuis la Seconde Guerre mondiale. Mais ces tentatives n\u2019ont jusqu\u2019\u00e0 pr\u00e9sent men\u00e9 \u00e0 aucune avanc\u00e9e tangible.<\/p>\n<p>Le pr\u00e9sident am\u00e9ricain n\u2019a pas pr\u00e9cis\u00e9 si la proposition transmise par ses \u00e9missaires impliquait une cession de territoires de la part de l\u2019Ukraine, comme il l\u2019avait laiss\u00e9 entendre auparavant. Il a juste d\u00e9clar\u00e9\u00a0: \u00ab\u00a0Nous avons une id\u00e9e pour la paix\u00a0\u00bb.<\/p>\n<p>Il a par ailleurs attribu\u00e9 la guerre, qui a d\u00e9but\u00e9 avec le d\u00e9clenchement d\u2019une offensive russe de grande ampleur contre l\u2019Ukraine en f\u00e9vrier\u00a02022, \u00e0 un \u00ab\u00a0probl\u00e8me de personnalit\u00e9\u00a0\u00bb entre Zelensky et Poutine.<\/p>\n","protected":false},"excerpt":{"rendered":"Vladimir Poutine a rencontr\u00e9 samedi 5\u00a0septembre les \u00e9missaires am\u00e9ricains Steve Witkoff et Jared Kushner, porteurs selon Donald Trump&hellip;\n","protected":false},"author":2,"featured_media":1169896,"comment_status":"","ping_status":"","sticky":false,"template":"","format":"standard","meta":{"footnotes":"","_share_on_mastodon":"0"},"categories":[1591],"tags":[328,11,10411,73,674,1887,329,74,12,1885,1886,132,220],"class_list":["post-1169895","post","type-post","status-publish","format-standard","has-post-thumbnail","category-russie","tag-a-la-une","tag-actualites","tag-conflits","tag-etats-unis","tag-europe","tag-federation-de-russie","tag-france-monde","tag-monde","tag-news","tag-russia","tag-russian-federation","tag-russie","tag-ukraine"],"share_on_mastodon":{"url":"https:\/\/pubeurope.com\/@fr\/117221319482184650","error":""},"_links":{"self":[{"href":"https:\/\/www.europesays.com\/fr\/wp-json\/wp\/v2\/posts\/1169895","targetHints":{"allow":["GET"]}}],"collection":[{"href":"https:\/\/www.europesays.com\/fr\/wp-json\/wp\/v2\/posts"}],"about":[{"href":"https:\/\/www.europesays.com\/fr\/wp-json\/wp\/v2\/types\/post"}],"author":[{"embeddable":true,"href":"https:\/\/www.europesays.com\/fr\/wp-json\/wp\/v2\/users\/2"}],"replies":[{"embeddable":true,"href":"https:\/\/www.europesays.com\/fr\/wp-json\/wp\/v2\/comments?post=1169895"}],"version-history":[{"count":0,"href":"https:\/\/www.europesays.com\/fr\/wp-json\/wp\/v2\/posts\/1169895\/revisions"}],"wp:featuredmedia":[{"embeddable":true,"href":"https:\/\/www.europesays.com\/fr\/wp-json\/wp\/v2\/media\/1169896"}],"wp:attachment":[{"href":"https:\/\/www.europesays.com\/fr\/wp-json\/wp\/v2\/media?parent=1169895"}],"wp:term":[{"taxonomy":"category","embeddable":true,"href":"https:\/\/www.europesays.com\/fr\/wp-json\/wp\/v2\/categories?post=1169895"},{"taxonomy":"post_tag","embeddable":true,"href":"https:\/\/www.europesays.com\/fr\/wp-json\/wp\/v2\/tags?post=1169895"}],"curies":[{"name":"wp","href":"https:\/\/api.w.org\/{rel}","templated":true}]}}