{"id":1169902,"date":"2026-09-06T00:46:39","date_gmt":"2026-09-06T00:46:39","guid":{"rendered":"https:\/\/www.europesays.com\/fr\/1169902\/"},"modified":"2026-09-06T00:46:39","modified_gmt":"2026-09-06T00:46:39","slug":"christian-gaudemard-elu-maire-dallemagne-en-provence","status":"publish","type":"post","link":"https:\/\/www.europesays.com\/fr\/1169902\/","title":{"rendered":"Christian Gaudemard \u00e9lu maire d\u2019Allemagne-en-Provence"},"content":{"rendered":"<p>C\u2019est avec une l\u00e9gitimit\u00e9 nette que Christian Gaudemard a \u00e9t\u00e9 \u00e9lu maire d\u2019<a href=\"https:\/\/www.laprovence.com\/alpes-de-haute-provence\/allemagne-en-provence-04004\" target=\"_self\" rel=\"nofollow noopener\">Allemagne-en-Provence<\/a> samedi 5\u00a0septembre 2026, lors du conseil municipal d\u2019installation. R\u00e9unis \u00e0 la mairie, les 15 conseillers municipaux ont port\u00e9 \u00e0 la t\u00eate de la commune du Sud des Alpes-de-Haute-Provence le candidat de la liste Ensemble pour notre village, avec 14 voix sur 15. \u00c9lisabeth Sav\u00e9ant a \u00e9t\u00e9 d\u00e9sign\u00e9e secr\u00e9taire de s\u00e9ance. La s\u00e9ance s\u2019est ouverte \u00e0 10h30, en pr\u00e9sence notamment de Zohra Piccarreta, pr\u00e9sidente de la d\u00e9l\u00e9gation sp\u00e9ciale mise en place par la Pr\u00e9fecture.<\/p>\n<p>Pour rappel, cette d\u00e9l\u00e9gation avait \u00e9t\u00e9 install\u00e9e le 15\u00a0juin, apr\u00e8s l\u2019annulation du scrutin municipal de mars par le tribunal administratif de Marseille Alors que deux listes \u00e9taient en lice, les bulletins portant en t\u00eate celle de Christian Gaudemard, face \u00e0 celle du maire sortant Alex Pianetti, avaient \u00e9t\u00e9 invalid\u00e9s par la Pr\u00e9fecture en raison de l\u2019absence de la mention de la nationalit\u00e9 d\u2019un candidat ressortissant europ\u00e9en.<\/p>\n<p>Le nouveau scrutin, organis\u00e9 le 30\u00a0ao\u00fbt, avait permis \u00e0 la liste de <a href=\"https:\/\/www.laprovence.com\/article\/elections\/4804372627788414\/municipales-2026-a-allemagne-en-provence-christian-gaudemard-elu-apres-lannulation-du-premier-scrutin\" target=\"_self\" rel=\"nofollow noopener\">Christian Gaudemard<\/a>, seule en lice, d\u2019obtenir 209 voix et de remporter l\u2019\u00e9lection.\u00a0\u00c0 10h33, le conseil a proc\u00e9d\u00e9 \u00e0 l\u2019\u00e9lection du maire. Seul&#8230;<\/p>\n","protected":false},"excerpt":{"rendered":"C\u2019est avec une l\u00e9gitimit\u00e9 nette que Christian Gaudemard a \u00e9t\u00e9 \u00e9lu maire d\u2019Allemagne-en-Provence samedi 5\u00a0septembre 2026, lors du&hellip;\n","protected":false},"author":2,"featured_media":1169903,"comment_status":"","ping_status":"","sticky":false,"template":"","format":"standard","meta":{"footnotes":"","_share_on_mastodon":"0"},"categories":[1587],"tags":[5734,11,672,1298,1804,1991,1446,1805,1803,14192,1777,674,121142,1801,151,5107,12,16,1802],"class_list":["post-1169902","post","type-post","status-publish","format-standard","has-post-thumbnail","category-allemagne","tag-5734","tag-actualites","tag-allemagne","tag-alpes-de-haute-provence","tag-bundesrepublik-deutschland","tag-christian","tag-dans","tag-de","tag-deutschland","tag-elu","tag-eu","tag-europe","tag-gaudemard","tag-germany","tag-les","tag-maire","tag-news","tag-region","tag-republique-federale-dallemagne"],"share_on_mastodon":{"url":"https:\/\/pubeurope.com\/@fr\/117221339106603634","error":""},"_links":{"self":[{"href":"https:\/\/www.europesays.com\/fr\/wp-json\/wp\/v2\/posts\/1169902","targetHints":{"allow":["GET"]}}],"collection":[{"href":"https:\/\/www.europesays.com\/fr\/wp-json\/wp\/v2\/posts"}],"about":[{"href":"https:\/\/www.europesays.com\/fr\/wp-json\/wp\/v2\/types\/post"}],"author":[{"embeddable":true,"href":"https:\/\/www.europesays.com\/fr\/wp-json\/wp\/v2\/users\/2"}],"replies":[{"embeddable":true,"href":"https:\/\/www.europesays.com\/fr\/wp-json\/wp\/v2\/comments?post=1169902"}],"version-history":[{"count":0,"href":"https:\/\/www.europesays.com\/fr\/wp-json\/wp\/v2\/posts\/1169902\/revisions"}],"wp:featuredmedia":[{"embeddable":true,"href":"https:\/\/www.europesays.com\/fr\/wp-json\/wp\/v2\/media\/1169903"}],"wp:attachment":[{"href":"https:\/\/www.europesays.com\/fr\/wp-json\/wp\/v2\/media?parent=1169902"}],"wp:term":[{"taxonomy":"category","embeddable":true,"href":"https:\/\/www.europesays.com\/fr\/wp-json\/wp\/v2\/categories?post=1169902"},{"taxonomy":"post_tag","embeddable":true,"href":"https:\/\/www.europesays.com\/fr\/wp-json\/wp\/v2\/tags?post=1169902"}],"curies":[{"name":"wp","href":"https:\/\/api.w.org\/{rel}","templated":true}]}}