{"id":1169919,"date":"2026-09-06T01:00:25","date_gmt":"2026-09-06T01:00:25","guid":{"rendered":"https:\/\/www.europesays.com\/fr\/1169919\/"},"modified":"2026-09-06T01:00:25","modified_gmt":"2026-09-06T01:00:25","slug":"tour-despagne-la-15%e1%b5%89-etape-largement-raccourcie-dimanche-en-raison-de-la-canicule","status":"publish","type":"post","link":"https:\/\/www.europesays.com\/fr\/1169919\/","title":{"rendered":"Tour d&rsquo;Espagne : la 15\u1d49 \u00e9tape largement raccourcie dimanche en raison de la canicule"},"content":{"rendered":"<ul class=\"jsx-25100651 ArticleChapo__List\">\n<li class=\"jsx-25100651 ArticleChapo__List_Item flex\">Les organismes des coureurs de la Vuelta sont mis \u00e0 rude \u00e9preuve par les temp\u00e9ratures extr\u00eames.<\/li>\n<li class=\"jsx-25100651 ArticleChapo__List_Item flex\">En cons\u00e9quence, la 15\u1d49 \u00e9tape du Tour d&rsquo;Espagne sera amput\u00e9e, dimanche 6 septembre, de 80 kilom\u00e8tres, a annonc\u00e9 samedi soir l&rsquo;organisation.<\/li>\n<li class=\"jsx-25100651 ArticleChapo__List_Item flex\">Des temp\u00e9ratures \u00e9gales voire sup\u00e9rieures \u00e0 40\u00b0C \u00e0 l&rsquo;ombre sont attendues.<\/li>\n<\/ul>\n<p><a href=\"https:\/\/www.google.com\/preferences\/source?q=tf1info.fr\" class=\"jsx-2150648137 jsx-976369737 ActionButton ActionButton--withBorder\" rel=\"nofollow noopener\" target=\"_blank\"><\/p>\n<p> Ajoutez TF1info \u00e0 vos sources sur Google <\/p>\n<p><\/a><\/p>\n<p id=\"body-_R_17v7tm_-block-5\" data-module=\"article-paragraph\" class=\"jsx-2921227388 Paragraph Paragraph__End\">La <a href=\"https:\/\/www.tf1info.fr\/sport\/cyclisme-velo-tour-d-espagne-victime-d-une-lourde-chute-et-blesse-tadej-pogacar-contraint-d-abandonner-la-course-2461171.html\" rel=\"nofollow noopener\" target=\"_blank\">Vuelta 2026<\/a> n&rsquo;est d\u00e9cid\u00e9ment pas \u00e9pargn\u00e9e par la m\u00e9t\u00e9o. Alors que la 3\u1d49 \u00e9tape du Tour d&rsquo;Espagne a \u00e9t\u00e9 annul\u00e9e en raison d&rsquo;<a href=\"https:\/\/www.tf1info.fr\/sport\/orages-cyclisme-tour-d-espagne-la-3-etape-stoppee-et-annulee-par-un-violent-deluge-de-grele-dans-les-pyrenees-2460207.html\" rel=\"nofollow noopener\" target=\"_blank\">un violent orage de gr\u00eale<\/a>, la 15\u1d49 \u00e9tape, qui relie Palma de Rio \u00e0 Cordoue ce dimanche 6 septembre, se voit, elle, raccourcie de pr\u00e8s de 80 kilom\u00e8tres en raison de la <a href=\"https:\/\/www.tf1info.fr\/meteo\/meteo-vigilance-orange-l-alerte-canicule-etendue-ou-va-t-il-faire-le-plus-chaud-ce-week-end-du-5-et-6-septembre-2026-2462461.html\" rel=\"nofollow noopener\" target=\"_blank\">canicule<\/a> en cours sur le sud de la p\u00e9ninsule ib\u00e9rique, a annonc\u00e9 samedi soir l&rsquo;organisation.\u00a0<\/p>\n<p id=\"body-_R_17v7tm_-block-9\" data-module=\"article-paragraph\" class=\"jsx-2921227388 Paragraph Paragraph__End\">\u00ab\u00a0La d\u00e9cision a \u00e9t\u00e9 prise \u00e0 la suite de l&rsquo;activation du <a href=\"https:\/\/www.tf1info.fr\/sport\/cyclisme-un-tour-de-france-2026-en-pleine-canicule-ce-que-prevoit-le-protocole-temperatures-extremes-2450632.html\" rel=\"nofollow noopener\" target=\"_blank\">protocole relatif aux temp\u00e9ratures extr\u00eames<\/a> et apr\u00e8s une r\u00e9union r\u00e9unissant les repr\u00e9sentants du coll\u00e8ge des commissaires, des \u00e9quipes, des coureurs et de la direction de la Vuelta\u00a0\u00bb, ont indiqu\u00e9 dans un communiqu\u00e9 les organisateurs, alors que des temp\u00e9ratures \u00e9gales voire sup\u00e9rieures \u00e0 40\u00b0C \u00e0 l&rsquo;ombre sont pr\u00e9vues. Le d\u00e9part r\u00e9el de l&rsquo;\u00e9tape sera ainsi donn\u00e9 \u00e0 15h, au lieu de 12h46, et la distance passera de 189,7 \u00e0 110,2 kilom\u00e8tres.<\/p>\n<p id=\"body-_R_17v7tm_-block-11\" data-module=\"article-paragraph\" class=\"jsx-2921227388 Paragraph Paragraph__End\">Si la chaleur est coutumi\u00e8re dans le sud de l&rsquo;Espagne en fin d&rsquo;\u00e9t\u00e9, elle a atteint des sommets quasi in\u00e9gal\u00e9s ces derniers jours. Un record historique pour septembre (45,7\u00b0C) a m\u00eame \u00e9t\u00e9 \u00e9gal\u00e9 jeudi dernier en <a href=\"https:\/\/www.tf1info.fr\/international\/video-on-inspecte-maison-par-maison-plusieurs-personnes-toujours-portees-disparues-dans-l-incendie-en-andalousie-2452609.html\" rel=\"nofollow noopener\" target=\"_blank\">Andalousie<\/a>, sans \u00e9pargner la Vuelta, qui se d\u00e9roule depuis plusieurs jours dans les r\u00e9gions de Murcie, Grenade et Cordoue.<\/p>\n<p><a href=\"https:\/\/www.tf1info.fr\/sport\/tour-de-france-2026-l-etape-de-dimanche-raccourcie-en-raison-de-la-vigilance-rouge-canicule-une-premiere-2452649.html\" rel=\"nofollow noopener\" class=\"jsx-958316424 Link flex\" target=\"_blank\"><img decoding=\"async\" src=\"https:\/\/www.europesays.com\/fr\/wp-content\/uploads\/2026\/09\/tour-de-france-2026-3af450-0@1x.jpeg\" alt=\"Le peloton de coureurs p\u00e9dale pendant la 8e \u00e9tape de la 113e \u00e9dition du Tour de France, une course cycliste de 180,4 km entre P\u00e9rigueux et Bergerac, dans le sud-ouest de la France, le 11 juillet 2026.\" loading=\"lazy\" importance=\"low\" fetchpriority=\"low\" class=\"\" copyright=\"Loic VENANCE \/ AFP\" aria-hidden=\"true\"\/><\/p>\n<p class=\"jsx-4054529586 ReadMoreArticle__Title\">Lire aussi<\/p>\n<p class=\"jsx-4054529586\">Tour de France 2026 : l&rsquo;\u00e9tape de dimanche raccourcie en raison de la vigilance rouge canicule, une premi\u00e8re<\/p>\n<p><\/a><\/p>\n<p id=\"body-_R_17v7tm_-block-13\" data-module=\"article-paragraph\" class=\"jsx-2921227388 Paragraph\">Au moins dix coureurs, ext\u00e9nu\u00e9s, ont abandonn\u00e9 au cours des deux derni\u00e8res \u00e9tapes, vendredi et samedi, et des voix s&rsquo;\u00e9levaient de plus en plus au sein du peloton pour r\u00e9clamer des mesures, selon plusieurs m\u00e9dias.<\/p>\n<p data-module=\"article-paragraph\" class=\"jsx-2921227388 Paragraph Paragraph__End\">Le 12 juillet dernier, la 9\u1d49 \u00e9tape du Tour de France, disput\u00e9e entre Malemort et Ussel, est d\u00e9j\u00e0 entr\u00e9e dans l&rsquo;histoire comme \u00e9tant la premi\u00e8re en 113 \u00e9ditions \u00e0 avoir d\u00fb \u00eatre raccourcie &#8211; de 30 kilom\u00e8tres &#8211; en raison de la canicule.<\/p>\n","protected":false},"excerpt":{"rendered":"Les organismes des coureurs de la Vuelta sont mis \u00e0 rude \u00e9preuve par les temp\u00e9ratures extr\u00eames. En cons\u00e9quence,&hellip;\n","protected":false},"author":2,"featured_media":1169920,"comment_status":"","ping_status":"","sticky":false,"template":"","format":"standard","meta":{"footnotes":"","_share_on_mastodon":"0"},"categories":[1411],"tags":[1111,11,1921,6698,1154,207,123,1011,27,1922,11008,60,133,4712],"class_list":["post-1169919","post","type-post","status-publish","format-standard","has-post-thumbnail","category-cyclisme","tag-actu","tag-actualites","tag-article-video","tag-canicule","tag-cycling","tag-cyclisme","tag-espagne","tag-fr","tag-france","tag-info","tag-phenomenes-meteo","tag-sports","tag-video","tag-video-sports"],"share_on_mastodon":{"url":"https:\/\/pubeurope.com\/@fr\/117221395622093554","error":""},"_links":{"self":[{"href":"https:\/\/www.europesays.com\/fr\/wp-json\/wp\/v2\/posts\/1169919","targetHints":{"allow":["GET"]}}],"collection":[{"href":"https:\/\/www.europesays.com\/fr\/wp-json\/wp\/v2\/posts"}],"about":[{"href":"https:\/\/www.europesays.com\/fr\/wp-json\/wp\/v2\/types\/post"}],"author":[{"embeddable":true,"href":"https:\/\/www.europesays.com\/fr\/wp-json\/wp\/v2\/users\/2"}],"replies":[{"embeddable":true,"href":"https:\/\/www.europesays.com\/fr\/wp-json\/wp\/v2\/comments?post=1169919"}],"version-history":[{"count":0,"href":"https:\/\/www.europesays.com\/fr\/wp-json\/wp\/v2\/posts\/1169919\/revisions"}],"wp:featuredmedia":[{"embeddable":true,"href":"https:\/\/www.europesays.com\/fr\/wp-json\/wp\/v2\/media\/1169920"}],"wp:attachment":[{"href":"https:\/\/www.europesays.com\/fr\/wp-json\/wp\/v2\/media?parent=1169919"}],"wp:term":[{"taxonomy":"category","embeddable":true,"href":"https:\/\/www.europesays.com\/fr\/wp-json\/wp\/v2\/categories?post=1169919"},{"taxonomy":"post_tag","embeddable":true,"href":"https:\/\/www.europesays.com\/fr\/wp-json\/wp\/v2\/tags?post=1169919"}],"curies":[{"name":"wp","href":"https:\/\/api.w.org\/{rel}","templated":true}]}}