{"id":1169925,"date":"2026-09-06T01:03:15","date_gmt":"2026-09-06T01:03:15","guid":{"rendered":"https:\/\/www.europesays.com\/fr\/1169925\/"},"modified":"2026-09-06T01:03:15","modified_gmt":"2026-09-06T01:03:15","slug":"jean-francois-leroy-parrain-de-regards-a-villeneuve-de-la-riviere-jean-dauriach-se-souvient","status":"publish","type":"post","link":"https:\/\/www.europesays.com\/fr\/1169925\/","title":{"rendered":"Jean-Francois Leroy, parrain de Regards \u00e0 Villeneuve-de-la-Rivi\u00e8re : Jean Dauriach se souvient"},"content":{"rendered":"<p>\n                                                                D\u00e9c\u00e9d\u00e9 il y a quelques jours, Jean-Fran\u00e7ois Leroy \u00e9tait le parrain des rencontres photographiques Regards.\n                            <\/p>\n<p>\u00c0 travers ses souvenirs, Jean Dauriach revient sur la rencontre avec celui qui fut l\u2019une des grandes figures de la photographie et du photo-journalisme et sur le r\u00f4le qu\u2019il a jou\u00e9 aux c\u00f4t\u00e9s de Regards.<\/p>\n<p class=\"txt-question\"><b>Comment Jean-Fran\u00e7ois Leroy est-il devenu le parrain de Regards ?<\/b><\/p>\n<p>Au moment de la cr\u00e9ation de Regards, nous cherchions un parrain. Nous souhaitions qu\u2019il s\u2019agisse d\u2019une personne reconnue du monde de la photographie, quelqu\u2019un qui puisse v\u00e9ritablement accompagner cette aventure. Nous avons donc sollicit\u00e9 Jean-Fran\u00e7ois Leroy alors co-directeur de Visa pour l\u2019image. Il a accept\u00e9 spontan\u00e9ment avec son humour et de son franc-parler, il a lanc\u00e9 un \u00e9nigmatique commentaire : \u00ab\u00a0Je vais me faire des ennemis\u00a0\u00bb.<\/p>\n<p class=\"txt-question\"><b>Qu\u2019est-ce qui vous a s\u00e9duit chez lui ?<\/b><\/p>\n<p>Jean-Fran\u00e7ois \u00e9tait quelqu\u2019un d\u2019engag\u00e9, il ne restait pas \u00e0 distance, il d\u00e9fendait la photographie et les photographes et avait une certaine id\u00e9e du photojournalisme. Il avait la capacit\u00e9 de provoquer les discussions, \u00e0 bousculer les habitudes, il avait toujours la volont\u00e9 de faire avancer les choses. C\u2019est \u00e9galement ce qui faisait sa force.<\/p>\n<p class=\"txt-question\"><b>Vous avez gard\u00e9 le souvenir d\u2019un homme tr\u00e8s pr\u00e9sent aupr\u00e8s de Regards ?<\/b><\/p>\n<p>Sa pr\u00e9sence comptait : il avait accept\u00e9 de s\u2019associer \u00e0 cette aventure alors que Regards \u00e9tait \u00e0 ses d\u00e9buts. Le 23 mai 1992, lors de la premi\u00e8re \u00e9dition du festival, j\u2019ai vu sa longue silhouette qui se profilait dans la rue, face \u00e0 ma maison, il nous a fait la surprise de sa pr\u00e9sence \u00e0 l\u2019occasion de cette premi\u00e8re. Il est revenu en 1995 pour la rencontre avec Annie et Pierre Boulad et pr\u00e9senter la soir\u00e9e de Regards.<\/p>\n<p class=\"txt-question\"><b>Quel souvenir gardez-vous de son rapport aux photographes ?<\/b><\/p>\n<p>Il savait les d\u00e9fendre, les accompagner et \u00e9galement leur dire les choses franchement. Ce qui frappait chez lui c\u2019\u00e9tait son \u00e9nergie. Il \u00e9tait un v\u00e9ritable passeur. Il rendait les rencontres vivantes et donnait envie de d\u00e9couvrir les travaux pr\u00e9sent\u00e9s.<\/p>\n<p class=\"txt-question\"><b>Avec le recul, que repr\u00e9sentait son soutien pour Regards ?<\/b><\/p>\n<p>C\u2019\u00e9tait un encouragement consid\u00e9rable, c\u2019\u00e9tait b\u00e9n\u00e9ficier de la confiance d\u2019un homme qui avait contribu\u00e9 \u00e0 faire conna\u00eetre le photojournalisme \u00e0 un tr\u00e8s large public.<\/p>\n<p class=\"txt-question\"><b>Comment souhaitez-vous que l\u2019on se souvienne de lui aujourd\u2019hui ?<\/b><\/p>\n<p>Jean-Fran\u00e7ois Leroy avait du caract\u00e8re ! C\u2019\u00e9tait un passionn\u00e9, et un passeur.<\/p>\n<p class=\"txt-question\"><b>Quel est le mot qui le d\u00e9finit ?<\/b><\/p>\n<p>Un seul mot : \u00ab\u00a0Fid\u00e8le\u00a0\u00bb. Sa disparition nous plonge dans la tristesse, mais son souvenir restera longtemps dans nos pens\u00e9es, et dans l\u2019histoire de la photographie. Parrain de Regards mais \u00e9galement un homme de rencontres, de convictions, c\u2019est cette personne libre et g\u00e9n\u00e9reuse que nous souhaitons saluer.<\/p>\n","protected":false},"excerpt":{"rendered":"D\u00e9c\u00e9d\u00e9 il y a quelques jours, Jean-Fran\u00e7ois Leroy \u00e9tait le parrain des rencontres photographiques Regards. \u00c0 travers ses&hellip;\n","protected":false},"author":2,"featured_media":1169926,"comment_status":"","ping_status":"","sticky":false,"template":"","format":"standard","meta":{"footnotes":"","_share_on_mastodon":"0"},"categories":[1358],"tags":[1348,1384,1385,872,1386,58,59,82083,1011,27,11548,121149],"class_list":["post-1169925","post","type-post","status-publish","format-standard","has-post-thumbnail","category-arts-et-design","tag-arts","tag-arts-and-design","tag-arts-et-design","tag-culture-et-loisirs","tag-design","tag-divertissement","tag-entertainment","tag-fetes-et-festivals","tag-fr","tag-france","tag-pyrenees-orientales","tag-villeneuvelariviere"],"share_on_mastodon":{"url":"https:\/\/pubeurope.com\/@fr\/117221405650176539","error":""},"_links":{"self":[{"href":"https:\/\/www.europesays.com\/fr\/wp-json\/wp\/v2\/posts\/1169925","targetHints":{"allow":["GET"]}}],"collection":[{"href":"https:\/\/www.europesays.com\/fr\/wp-json\/wp\/v2\/posts"}],"about":[{"href":"https:\/\/www.europesays.com\/fr\/wp-json\/wp\/v2\/types\/post"}],"author":[{"embeddable":true,"href":"https:\/\/www.europesays.com\/fr\/wp-json\/wp\/v2\/users\/2"}],"replies":[{"embeddable":true,"href":"https:\/\/www.europesays.com\/fr\/wp-json\/wp\/v2\/comments?post=1169925"}],"version-history":[{"count":0,"href":"https:\/\/www.europesays.com\/fr\/wp-json\/wp\/v2\/posts\/1169925\/revisions"}],"wp:featuredmedia":[{"embeddable":true,"href":"https:\/\/www.europesays.com\/fr\/wp-json\/wp\/v2\/media\/1169926"}],"wp:attachment":[{"href":"https:\/\/www.europesays.com\/fr\/wp-json\/wp\/v2\/media?parent=1169925"}],"wp:term":[{"taxonomy":"category","embeddable":true,"href":"https:\/\/www.europesays.com\/fr\/wp-json\/wp\/v2\/categories?post=1169925"},{"taxonomy":"post_tag","embeddable":true,"href":"https:\/\/www.europesays.com\/fr\/wp-json\/wp\/v2\/tags?post=1169925"}],"curies":[{"name":"wp","href":"https:\/\/api.w.org\/{rel}","templated":true}]}}