{"id":1169929,"date":"2026-09-06T01:07:18","date_gmt":"2026-09-06T01:07:18","guid":{"rendered":"https:\/\/www.europesays.com\/fr\/1169929\/"},"modified":"2026-09-06T01:07:18","modified_gmt":"2026-09-06T01:07:18","slug":"20-ans-apres-the-crusade-trivium-revisite-entrance-of-the-conflagration-dans-son-hangar","status":"publish","type":"post","link":"https:\/\/www.europesays.com\/fr\/1169929\/","title":{"rendered":"20 ans apr\u00e8s The Crusade, Trivium revisite Entrance Of The Conflagration dans son hangar"},"content":{"rendered":"<p><strong><a href=\"https:\/\/www.metalzone.fr\/trivium\/\" rel=\"nofollow noopener\" target=\"_blank\">Trivium<\/a> replonge dans The Crusade. Vingt ans apr\u00e8s la sortie de l\u2019album, le groupe vient de d\u00e9voiler une nouvelle performance de Entrance Of The Conflagration, enregistr\u00e9e le 13 ao\u00fbt 2026 dans son espace de r\u00e9p\u00e9tition The Hangar.<\/strong><\/p>\n<p><strong>Une vieille pi\u00e8ce remise au go\u00fbt du jour, mais avec le Trivium de 2026 : Matthew K. Heafy, Corey Beaulieu, Paolo Gregoletto et, d\u00e9sormais, Alex R\u00fcdinger \u00e0 la batterie.<\/strong><\/p>\n<p>Entrance Of The Conflagration, vingt ans plus tard<\/p>\n<p>Pas de grande sc\u00e8ne cette fois-ci. Trivium joue \u00e0 The Hangar et ressort un morceau de The Crusade, troisi\u00e8me album du groupe paru en 2006. La vid\u00e9o a \u00e9t\u00e9 film\u00e9e et mont\u00e9e par Black Card Films ; Declan White s\u2019est charg\u00e9 du mixage et du mastering.<\/p>\n<p>Le morceau renvoie \u00e0 une p\u00e9riode singuli\u00e8re de la discographie des Am\u00e9ricains. Apr\u00e8s l\u2019explosion de Ascendancy, Trivium avait choisi de d\u00e9placer son <a href=\"https:\/\/www.metalzone.fr\/heavy-metal\/\" rel=\"nofollow noopener\" target=\"_blank\">metal<\/a> vers des influences heavy et thrash plus affirm\u00e9es. Un virage qui continue de distinguer The Crusade du reste de son parcours.<\/p>\n<p>Le pass\u00e9, juste avant un nouveau chapitre<\/p>\n<p>Le contraste est int\u00e9ressant : Trivium ressort un titre vieux de vingt ans au moment m\u00eame o\u00f9 sa nouvelle formation prend forme. Alex R\u00fcdinger est d\u00e9sormais derri\u00e8re les f\u00fbts et participera au prochain album du groupe, pr\u00e9sent\u00e9 par Corey Beaulieu comme <a href=\"https:\/\/www.metalzone.fr\/news\/236377-trivium-nouvel-album-nouveau-chapitre\/\" rel=\"nofollow noopener\" target=\"_blank\">un \u00ab tout nouveau chapitre \u00bb<\/a>.<\/p>\n<p>La suite passera aussi par la sc\u00e8ne. Trivium retrouvera <a href=\"https:\/\/www.metalzone.fr\/in-flames\/\" rel=\"nofollow noopener\" target=\"_blank\">In Flames<\/a> au printemps 2027 pour <a href=\"https:\/\/www.metalzone.fr\/news\/237800-trivium-in-flames-tournee-europeenne-2027\/\" rel=\"nofollow noopener\" target=\"_blank\">une vaste tourn\u00e9e europ\u00e9enne avec Paleface Swiss et Vola<\/a> ; pour la France, une seule date est actuellement annonc\u00e9e : le 7 avril au Z\u00e9nith de Paris.<\/p>\n<\/p>\n<p><a href=\"https:\/\/www.metalzone.fr\/auteur\/adrien-duffour\/\" rel=\"author nofollow noopener\" target=\"_blank\"><\/p>\n<p><img loading=\"lazy\" decoding=\"async\" alt=\"Adrien Duffour\" src=\"https:\/\/www.europesays.com\/fr\/wp-content\/uploads\/2026\/05\/1779014671_504_adrien_duffour.jpg\" height=\"48\" width=\"48\"\/><\/p>\n<p><\/a><br \/>\n<a href=\"https:\/\/www.metalzone.fr\/auteur\/adrien-duffour\/\" rel=\"author nofollow noopener\" class=\"auteur-name\" target=\"_blank\"><br \/>\n<strong>Adrien Duffour<\/strong><br \/>\n<\/a><br \/>\nR\u00e9dacteur en chef<\/p>\n<p>Adrien Duffour est r\u00e9dacteur en chef de MetalZone, sp\u00e9cialiste metal progressif, metalcore et death metal m\u00e9lodique.<\/p>\n","protected":false},"excerpt":{"rendered":"Trivium replonge dans The Crusade. Vingt ans apr\u00e8s la sortie de l\u2019album, le groupe vient de d\u00e9voiler une&hellip;\n","protected":false},"author":2,"featured_media":1169930,"comment_status":"","ping_status":"","sticky":false,"template":"","format":"standard","meta":{"footnotes":"","_share_on_mastodon":"0"},"categories":[1355],"tags":[58,59,1011,27,1361,873],"class_list":["post-1169929","post","type-post","status-publish","format-standard","has-post-thumbnail","category-musique","tag-divertissement","tag-entertainment","tag-fr","tag-france","tag-music","tag-musique"],"share_on_mastodon":{"url":"https:\/\/pubeurope.com\/@fr\/117221423138228999","error":""},"_links":{"self":[{"href":"https:\/\/www.europesays.com\/fr\/wp-json\/wp\/v2\/posts\/1169929","targetHints":{"allow":["GET"]}}],"collection":[{"href":"https:\/\/www.europesays.com\/fr\/wp-json\/wp\/v2\/posts"}],"about":[{"href":"https:\/\/www.europesays.com\/fr\/wp-json\/wp\/v2\/types\/post"}],"author":[{"embeddable":true,"href":"https:\/\/www.europesays.com\/fr\/wp-json\/wp\/v2\/users\/2"}],"replies":[{"embeddable":true,"href":"https:\/\/www.europesays.com\/fr\/wp-json\/wp\/v2\/comments?post=1169929"}],"version-history":[{"count":0,"href":"https:\/\/www.europesays.com\/fr\/wp-json\/wp\/v2\/posts\/1169929\/revisions"}],"wp:featuredmedia":[{"embeddable":true,"href":"https:\/\/www.europesays.com\/fr\/wp-json\/wp\/v2\/media\/1169930"}],"wp:attachment":[{"href":"https:\/\/www.europesays.com\/fr\/wp-json\/wp\/v2\/media?parent=1169929"}],"wp:term":[{"taxonomy":"category","embeddable":true,"href":"https:\/\/www.europesays.com\/fr\/wp-json\/wp\/v2\/categories?post=1169929"},{"taxonomy":"post_tag","embeddable":true,"href":"https:\/\/www.europesays.com\/fr\/wp-json\/wp\/v2\/tags?post=1169929"}],"curies":[{"name":"wp","href":"https:\/\/api.w.org\/{rel}","templated":true}]}}